{"id":7203,"date":"2024-03-21T10:53:42","date_gmt":"2024-03-21T09:53:42","guid":{"rendered":"https:\/\/www.areabesos.com\/diario\/?p=7203"},"modified":"2024-03-21T10:55:24","modified_gmt":"2024-03-21T09:55:24","slug":"poesia","status":"publish","type":"post","link":"https:\/\/www.areabesos.com\/diario\/poesia\/","title":{"rendered":"Poes\u00eda"},"content":{"rendered":"\n<p class=\"has-text-align-right\">Ya no ser\u00e1, no viviremos juntos, no <\/p>\n\n\n\n<p class=\"has-text-align-right\">me abrazar\u00e1s nunca como aquella <\/p>\n\n\n\n<p class=\"has-text-align-right\">noche. <strong>Idea Vilari\u00f1o<\/strong><\/p>\n\n\n\n<p>En un mundo raro vale la pena seguir recordando a los amantes invisibles,<br>amores especiales que viajaron mano junto a mano; son los que nunca se acaban, duran para siempre\u2026<br>Son como sonidos silenciosos, susurros de viento,<br>nos acercan a sensaciones del alma en forma de versos,<br>nos descubren la playa, el monte, humedales, desiertos,<br>quebradas, llanuras, los valles, los puertos\u2026<br>Entre sol y luna, entre el d\u00eda y la noche,<br>el reloj avanza, trae remolinos, hace su recorrido<br>-fiebre desnuda en el cuerpo-<br>que muda las pieles que agrietan los a\u00f1os, mecidos en la corriente<br>del trecho.<\/p>\n\n\n\n<p>Fantasmas algo borrosos dejando de ser, como pinturas de olvido:<br>manchas que el tiempo fij\u00f3 y no son f\u00e1ciles de borrar.<br>Invisibles. Obstinados, casi vencidos, se devuelven la mirada, ahora alegre,<br>para darse el calor que desprende un sol de invierno.<\/p>\n\n\n\n<p>Acuarela de emociones, sus l\u00e1grimas fueron el barniz de \u00e1mbar que moj\u00f3 la orilla de la juventud. Guardan los labios que agotaron los d\u00edas, para cuando regrese de nuevo a saludar la primavera con colores inocentes, para abrir sus ojos a lomos de la luz.<br>\u00bfQui\u00e9n te va a cantar canciones vestidas de claros, qui\u00e9n dormir\u00e1 entre sus brazos, qui\u00e9n flotar\u00e1 alrededor de sus voces, qui\u00e9n seguir\u00e1 esos pasos cuando se vayan, a d\u00f3nde se ir\u00e1n sus besos? Un eco de lamentos salados, barro tumbado al sol.<br>El pasado irrumpe con postales de viajes imposibles ense\u00f1ando la belleza que no siempre se vio, la que sorbieron con la m\u00fasica que desprenden las letras.<br>La claridad nocturna deshoja un deseo de metal que les baila desde lejos;<br>al otro lado de la soledad, donde navegan los recuerdos; polvo que cae a c\u00e1ntaros.<br>A\u00fan roto el coraz\u00f3n, siguen en el empe\u00f1o<br>por reconciliar el pasado, una s\u00edntesis probable en \u00e9xtasis de agon\u00eda.<br>Y cuando los d\u00edas crecen y la dicha se escapa por los rincones,<br>los almanaques rozar\u00e1n las hojas amargas.<br>El futuro amenaza permanente<br>(no es bueno vivir siempre en la nostalgia).<br>La memoria es una celebraci\u00f3n de la vida<\/p>\n\n\n\n<p>-tambi\u00e9n de la muerte-<br>lo que nos ha pasado est\u00e1 lleno de momentos.<\/p>\n\n\n\n<p>Habr\u00e1 que aprender a andar con las huellas peregrinas de nuestras imperfecciones.<br>El tiempo se nos escapa de las manos,<br>se preguntar\u00e1 cuando lleg\u00f3 la vejez, c\u00f3mo nos hemos visto, c\u00f3mo seremos despu\u00e9s. No hay tiempo para detenerse, no lo hay para buscarlo, ni siquiera para entenderlo.<br>El camino doloroso se torna apasionado, un sendero suave, cuando se acerca nos vemos muy diferentes, caducos, escasos, sin peso.<br>Extra\u00f1os ya, perdieron el para\u00edso, pero confortar\u00e1n el \u00e1nimo, sentir\u00e1n su compasi\u00f3n de por vida.<\/p>\n\n\n\n<p><span style=\"background-color:#090000\" class=\"td_text_highlight_marker\">Francesc Reina<\/span><\/p>\n\n\n\n<p><strong>D\u00eda Internacional de la Poes\u00eda<\/strong><\/p>\n","protected":false},"excerpt":{"rendered":"<p>Ya no ser\u00e1, no viviremos juntos, no me abrazar\u00e1s nunca como aquella noche. Idea Vilari\u00f1o En un mundo raro vale la pena seguir recordando a los amantes invisibles,amores especiales que viajaron mano junto a mano; son los que nunca se acaban, duran para siempre\u2026Son como sonidos silenciosos, susurros de viento,nos acercan a sensaciones del alma [&hellip;]<\/p>\n","protected":false},"author":2,"featured_media":7204,"comment_status":"closed","ping_status":"open","sticky":false,"template":"","format":"standard","meta":{"footnotes":""},"categories":[139],"tags":[],"class_list":{"0":"post-7203","1":"post","2":"type-post","3":"status-publish","4":"format-standard","5":"has-post-thumbnail","7":"category-opinio"},"_links":{"self":[{"href":"https:\/\/www.areabesos.com\/diario\/wp-json\/wp\/v2\/posts\/7203","targetHints":{"allow":["GET"]}}],"collection":[{"href":"https:\/\/www.areabesos.com\/diario\/wp-json\/wp\/v2\/posts"}],"about":[{"href":"https:\/\/www.areabesos.com\/diario\/wp-json\/wp\/v2\/types\/post"}],"author":[{"embeddable":true,"href":"https:\/\/www.areabesos.com\/diario\/wp-json\/wp\/v2\/users\/2"}],"replies":[{"embeddable":true,"href":"https:\/\/www.areabesos.com\/diario\/wp-json\/wp\/v2\/comments?post=7203"}],"version-history":[{"count":3,"href":"https:\/\/www.areabesos.com\/diario\/wp-json\/wp\/v2\/posts\/7203\/revisions"}],"predecessor-version":[{"id":7208,"href":"https:\/\/www.areabesos.com\/diario\/wp-json\/wp\/v2\/posts\/7203\/revisions\/7208"}],"wp:featuredmedia":[{"embeddable":true,"href":"https:\/\/www.areabesos.com\/diario\/wp-json\/wp\/v2\/media\/7204"}],"wp:attachment":[{"href":"https:\/\/www.areabesos.com\/diario\/wp-json\/wp\/v2\/media?parent=7203"}],"wp:term":[{"taxonomy":"category","embeddable":true,"href":"https:\/\/www.areabesos.com\/diario\/wp-json\/wp\/v2\/categories?post=7203"},{"taxonomy":"post_tag","embeddable":true,"href":"https:\/\/www.areabesos.com\/diario\/wp-json\/wp\/v2\/tags?post=7203"}],"curies":[{"name":"wp","href":"https:\/\/api.w.org\/{rel}","templated":true}]}}