{"id":7200,"date":"2024-03-20T12:58:42","date_gmt":"2024-03-20T11:58:42","guid":{"rendered":"https:\/\/www.areabesos.com\/diario\/?p=7200"},"modified":"2024-03-20T12:58:43","modified_gmt":"2024-03-20T11:58:43","slug":"la-7a-cursa-per-lela-canvia-de-data-per-la-coincidencia-amb-les-eleccions-al-parlament-de-catalunya","status":"publish","type":"post","link":"https:\/\/www.areabesos.com\/diario\/la-7a-cursa-per-lela-canvia-de-data-per-la-coincidencia-amb-les-eleccions-al-parlament-de-catalunya\/","title":{"rendered":"La 7a Cursa per l&#8217;ELA canvia de data per la coincid\u00e8ncia amb les eleccions al Parlament de Catalunya"},"content":{"rendered":"\n<p>El proper 12 de maig s&#8217;havia de celebrar la setena edici\u00f3 de la Cursa per l&#8217;ELA, per\u00f2 la coincid\u00e8ncia amb les eleccions al Parlament de Catalunya ha fet els organitzadors canviar la data i finalment es dur\u00e0 a terme el diumenge, 2 de juny. Es tracta d&#8217;una cursa popular de 5 km, a m\u00e9s a m\u00e9s d&#8217;una caminada de 3 km, amb un objectiu totalment solidari, la lluita contra l&#8217;ELA, essent un referent a tota Catalunya. La sortida, que se situar\u00e0 a la Pla\u00e7a de la Vila, just davant de l&#8217;Ajuntament, tindr\u00e0 lloc a les 9.30 h.<\/p>\n\n\n\n<p>Part de la recaptaci\u00f3 de les inscripcions anir\u00e0 destinada a la Fundaci\u00f3 Miquel Valls i RedELA.<\/p>\n\n\n\n<p>Es faran diferents accions ben\u00e8fiques per recaptar el m\u00e0xim possible, tamb\u00e9 es poden fer donacions a trav\u00e9s de la p\u00e0gina web de la cursa&nbsp;<a href=\"http:\/\/www.cursasantadria.com\/\"><\/a><a href=\"http:\/\/www.cursasantadria.com\/\" target=\"_blank\" rel=\"noreferrer noopener\">www.cursasantadria.com<\/a>. Un dels objectius d&#8217;enguany \u00e9s millorar el r\u00e8cord de 1.400 inscrits.<\/p>\n\n\n\n<p>La cursa adaptada i les curses infantils comen\u00e7aran a partir de les 10.20 h<\/p>\n","protected":false},"excerpt":{"rendered":"<p>El proper 12 de maig s&#8217;havia de celebrar la setena edici\u00f3 de la Cursa per l&#8217;ELA, per\u00f2 la coincid\u00e8ncia amb les eleccions al Parlament de Catalunya ha fet els organitzadors canviar la data i finalment es dur\u00e0 a terme el diumenge, 2 de juny. Es tracta d&#8217;una cursa popular de 5 km, a m\u00e9s a [&hellip;]<\/p>\n","protected":false},"author":1,"featured_media":7201,"comment_status":"closed","ping_status":"open","sticky":false,"template":"","format":"standard","meta":{"footnotes":""},"categories":[137],"tags":[],"class_list":{"0":"post-7200","1":"post","2":"type-post","3":"status-publish","4":"format-standard","5":"has-post-thumbnail","7":"category-esports"},"_links":{"self":[{"href":"https:\/\/www.areabesos.com\/diario\/wp-json\/wp\/v2\/posts\/7200","targetHints":{"allow":["GET"]}}],"collection":[{"href":"https:\/\/www.areabesos.com\/diario\/wp-json\/wp\/v2\/posts"}],"about":[{"href":"https:\/\/www.areabesos.com\/diario\/wp-json\/wp\/v2\/types\/post"}],"author":[{"embeddable":true,"href":"https:\/\/www.areabesos.com\/diario\/wp-json\/wp\/v2\/users\/1"}],"replies":[{"embeddable":true,"href":"https:\/\/www.areabesos.com\/diario\/wp-json\/wp\/v2\/comments?post=7200"}],"version-history":[{"count":1,"href":"https:\/\/www.areabesos.com\/diario\/wp-json\/wp\/v2\/posts\/7200\/revisions"}],"predecessor-version":[{"id":7202,"href":"https:\/\/www.areabesos.com\/diario\/wp-json\/wp\/v2\/posts\/7200\/revisions\/7202"}],"wp:featuredmedia":[{"embeddable":true,"href":"https:\/\/www.areabesos.com\/diario\/wp-json\/wp\/v2\/media\/7201"}],"wp:attachment":[{"href":"https:\/\/www.areabesos.com\/diario\/wp-json\/wp\/v2\/media?parent=7200"}],"wp:term":[{"taxonomy":"category","embeddable":true,"href":"https:\/\/www.areabesos.com\/diario\/wp-json\/wp\/v2\/categories?post=7200"},{"taxonomy":"post_tag","embeddable":true,"href":"https:\/\/www.areabesos.com\/diario\/wp-json\/wp\/v2\/tags?post=7200"}],"curies":[{"name":"wp","href":"https:\/\/api.w.org\/{rel}","templated":true}]}}