{"id":7194,"date":"2024-03-19T10:43:46","date_gmt":"2024-03-19T09:43:46","guid":{"rendered":"https:\/\/www.areabesos.com\/diario\/?p=7194"},"modified":"2024-03-20T10:51:31","modified_gmt":"2024-03-20T09:51:31","slug":"turbacion","status":"publish","type":"post","link":"https:\/\/www.areabesos.com\/diario\/turbacion\/","title":{"rendered":"Turbaci\u00f3n"},"content":{"rendered":"\n<p>La dimensi\u00f3n l\u00fadica del entusiasmo sol\u00eda coincidir con la expresi\u00f3n latina <em>pan y circo, <\/em>concepto con diferentes interpretaciones seg\u00fan el modelo moral. Ciertos sectores, por ejemplo, aprovechan el shock de las adversidades o el de las satisfacciones, seg\u00fan les convenga, para atacar a las &nbsp;instituciones.<\/p>\n\n\n\n<p>El o\u00eddo es el \u00f3rgano del miedo, escribi\u00f3 Nietzsche, se desarroll\u00f3 m\u00e1s en la noche pues fue el modo de vida m\u00e1s prolongado de la humanidad. \u00c9l lo llamaba imaginaci\u00f3n, el despertar de las tinieblas. Con la luz, el o\u00eddo ha ido perdiendo peso, pero durante muchos siglos las historias solo se escuchaban. Ahora los pulmones vuelven a estallar con voces agudas, gritos atropellados, ruidos molestos -como batallas ensordecedoras- que convierten al o\u00eddo en un \u00f3rgano de irritaci\u00f3n. Los cerebros desarrollados necesitan silencio en la misma medida que las cabezas huecas solicitan ruido, dec\u00eda Schopenhauer: \u201cla gente que no reacciona frente al ruido, tampoco puede ser receptiva al pensamiento: la poes\u00eda, el arte, el razonamiento\u2026\u201d<\/p>\n\n\n\n<p>Pongamos orejas al susto, a ese instinto que, a menudo, nos hace actuar sin darnos cuenta; se trata de emociones desproporcionadas ante el espanto que producen las hambrunas, la sequ\u00eda, las pandemias o las guerras, que provoca \u00e9xodos, persecuciones, campos de exterminio (ahora de refugiados), el apocalipsis nuclear\u2026 Una de las claves para superarlo sugiere rodearnos de buenos entornos.<\/p>\n\n\n\n<p>El temor a perder privilegios hace regresar el griter\u00edo y la alarma con mensajes groseros, ocupados en exagerar la realidad, generan inseguridades (somos cobijo de drogadictos, okupas y ladrones\u2026). Demagogias que vaticinan nuevos des\u00f3rdenes y nos ofrecen una <em>falacia narrativa<\/em> como coment\u00f3 Nassim Taleb: el riesgo de recibir explicaciones simplificadas, reducidas&nbsp; (<em>frame<\/em>s), que niegan la distribuci\u00f3n dispar de la abundancia, las comunidades justas o los derechos en el trabajo; que rechazan \u201cla tiran\u00eda\u201d de mandatos progresistas (como pas\u00f3 en el 36), el feminismo violado, que utilizan al extranjero musulm\u00e1n, roman\u00ed o negro como chivo expiatorio para atizar odios y ansiedades. \u201cSi no puedes convencerlos, conf\u00fandelos\u201d areng\u00f3 Truman, la presidencia peor valorada de la historia norteamericana.<\/p>\n\n\n\n<p>La raz\u00f3n y la emoci\u00f3n son complementarias, ambas nos ofrecen la posibilidad de tomar decisiones, pero las mentiras se combaten con la verdad: con la influencia (no la manipulaci\u00f3n), a trav\u00e9s de la capacidad de convicci\u00f3n, de an\u00e1lisis, de valorar los resultados que arrojan diversas propuestas; a pesar de todo, cuando se invierten millones para dar altavoz a algunos medios y redes, la verdad ya no tiene ning\u00fan valor.<\/p>\n\n\n\n<p>\u201cLas personas nacen libres pero andan por doquier encadenadas\u201d, as\u00ed comienza&nbsp; el&nbsp;<em>Contrato Social<\/em>&nbsp;de Rousseau; nos recuerda el fr\u00e1gil equilibrio de la democracia, la ret\u00f3rica de los gobiernos&nbsp;cuando hablan de solidaridad y cooperaci\u00f3n y que se contradice con las profundas desigualdades sociales: precariado frente a la riqueza indescriptible de los multimillonarios, el cuidado de la infancia o los ancianos que siempre pagan las mujeres (qu\u00e9 dura pel\u00edcula: <em>A tiempo completo)<\/em>, el retroceso escolar de hijos de familias desfavorecidas (desalentador el informe Foessa); las consecuencias de una mala gesti\u00f3n sanitaria para la salud\u2026 La concentraci\u00f3n de poder en manos de unos pocos cient\u00edficos, agencias de control de datos, \u00e9lites pol\u00edticas y econ\u00f3micas, se convierte en tim\u00f3n de los m\u00e1s fuertes, de los que lo controlan todo.<\/p>\n\n\n\n<p>\u201cEl ascenso de la extrema derecha encuentra argumentos cuando la autoridad no puede desarrollar su legitimidad porque ofrece protecci\u00f3n s\u00f3lo a algunos\u201d; eso puntualiza la profesora albanesa Lea Ypi, que las democracias recuerden que el contrato social significa eliminar las desigualdades que provocan la opulencia y el dominio.\u00a0<\/p>\n\n\n\n<p>Francesc Reina<\/p>\n","protected":false},"excerpt":{"rendered":"<p>La dimensi\u00f3n l\u00fadica del entusiasmo sol\u00eda coincidir con la expresi\u00f3n latina pan y circo, concepto con diferentes interpretaciones seg\u00fan el modelo moral. Ciertos sectores, por ejemplo, aprovechan el shock de las adversidades o el de las satisfacciones, seg\u00fan les convenga, para atacar a las &nbsp;instituciones. El o\u00eddo es el \u00f3rgano del miedo, escribi\u00f3 Nietzsche, se [&hellip;]<\/p>\n","protected":false},"author":2,"featured_media":7195,"comment_status":"closed","ping_status":"open","sticky":false,"template":"","format":"standard","meta":{"footnotes":""},"categories":[139],"tags":[],"class_list":{"0":"post-7194","1":"post","2":"type-post","3":"status-publish","4":"format-standard","5":"has-post-thumbnail","7":"category-opinio"},"_links":{"self":[{"href":"https:\/\/www.areabesos.com\/diario\/wp-json\/wp\/v2\/posts\/7194","targetHints":{"allow":["GET"]}}],"collection":[{"href":"https:\/\/www.areabesos.com\/diario\/wp-json\/wp\/v2\/posts"}],"about":[{"href":"https:\/\/www.areabesos.com\/diario\/wp-json\/wp\/v2\/types\/post"}],"author":[{"embeddable":true,"href":"https:\/\/www.areabesos.com\/diario\/wp-json\/wp\/v2\/users\/2"}],"replies":[{"embeddable":true,"href":"https:\/\/www.areabesos.com\/diario\/wp-json\/wp\/v2\/comments?post=7194"}],"version-history":[{"count":1,"href":"https:\/\/www.areabesos.com\/diario\/wp-json\/wp\/v2\/posts\/7194\/revisions"}],"predecessor-version":[{"id":7196,"href":"https:\/\/www.areabesos.com\/diario\/wp-json\/wp\/v2\/posts\/7194\/revisions\/7196"}],"wp:featuredmedia":[{"embeddable":true,"href":"https:\/\/www.areabesos.com\/diario\/wp-json\/wp\/v2\/media\/7195"}],"wp:attachment":[{"href":"https:\/\/www.areabesos.com\/diario\/wp-json\/wp\/v2\/media?parent=7194"}],"wp:term":[{"taxonomy":"category","embeddable":true,"href":"https:\/\/www.areabesos.com\/diario\/wp-json\/wp\/v2\/categories?post=7194"},{"taxonomy":"post_tag","embeddable":true,"href":"https:\/\/www.areabesos.com\/diario\/wp-json\/wp\/v2\/tags?post=7194"}],"curies":[{"name":"wp","href":"https:\/\/api.w.org\/{rel}","templated":true}]}}