{"id":7183,"date":"2024-03-15T10:52:06","date_gmt":"2024-03-15T09:52:06","guid":{"rendered":"https:\/\/www.areabesos.com\/diario\/?p=7183"},"modified":"2024-03-15T10:52:07","modified_gmt":"2024-03-15T09:52:07","slug":"la-xiiia-edicio-de-la-mostra-dentitats-2024-es-vol-celebrar-a-la-llera-del-riu-besos","status":"publish","type":"post","link":"https:\/\/www.areabesos.com\/diario\/la-xiiia-edicio-de-la-mostra-dentitats-2024-es-vol-celebrar-a-la-llera-del-riu-besos\/","title":{"rendered":"La XIIIa edici\u00f3 de la Mostra d&#8217;Entitats 2024 es vol celebrar a la Llera del Riu Bes\u00f2s"},"content":{"rendered":"\n<p>La Mostra es desenvolupa de manera biennal i es planteja com la festa de les associacions, un espai l\u00fadic i festiu, d\u2019intercanvi d\u2019experi\u00e8ncies, de trobades i tamb\u00e9 com un aparador a on les entitats puguin exposar a la ciutadania les seves activitats per a que siguin coneguts.<\/p>\n\n\n\n<p>Tradicionalment, s\u2019ha celebrat a la pla\u00e7a de la Vila. Durant aquesta edici\u00f3, es planteja un canvi d\u2019escenari i es vol celebrar a la Llera del Riu Bes\u00f2s. Aquest espai, obert i a la natura,&nbsp;\u00e9s un lloc fronterer entre els dos marges del riu i s\u2019aprecia com un espai de conflu\u00e8ncia i d\u2019oci per la ciutadania adrianenca. El canvi de model presenta la Mostra com una activitat m\u00e9s festiva, din\u00e0mica, participativa i oberta.<\/p>\n\n\n\n<p>Amb el canvi d\u2019ubicaci\u00f3, es vol oferir tamb\u00e9 m\u00e9s possibilitats de participaci\u00f3 a les entitats de lleure i esportives ja que l\u2019espai permet la integraci\u00f3 de les seves activitats. Es permet aix\u00ed que aquestes associacions puguin donar-se a con\u00e8ixer a la ciutadania mitjan\u00e7ant la pr\u00f2pia pr\u00e0ctica de la seva modalitat esportiva: B\u00e0squet; Lluita\u00a0(tatami); Futbol; Ciclisme; Petanca; Voleibol<\/p>\n\n\n\n<p>L\u2019activitat festiva es complementar\u00e0 amb Jocs infantils, Food-Trucks i altres activitats a peu de carrer pensades per a les fam\u00edlies (tallers de manualitats, actuacions d\u2019animaci\u00f3, batucades, espectacles musicals&#8230;).<\/p>\n\n\n\n<p>Un altre element a tenir en compte \u00e9s el proc\u00e9s d\u2019organitzaci\u00f3 de la mateixa Mostra amb col\u00b7laboraci\u00f3 de les pr\u00f2pies entitats. Mitjan\u00e7ant&nbsp;la&nbsp;<a href=\"https:\/\/participa311-santadria.diba.cat\/assemblies\/MesaTeixitAssociatiuSAB\" target=\"_blank\" rel=\"noreferrer noopener\">Mesa del Teixit Associatiu<\/a>&nbsp;es prenen decisions sobre aspectes organitzatius i de contingut que despr\u00e9s es traslladen&nbsp;al&nbsp;<a href=\"https:\/\/participa311-santadria.diba.cat\/assemblies\/Plenaris-Entitats-Mensuals\" target=\"_blank\" rel=\"noreferrer noopener\">Plenari d&#8217;Entitats<\/a>. Totes les associacions del municipi poden estar presents a qualsevol dels dos \u00f2rgans.<\/p>\n\n\n\n<p>Totes les entitats que vulguin prendre part a la Mostra poden accedir a les inscripcions que estaran disponibles a&nbsp;la&nbsp;<a href=\"https:\/\/www.sant-adria.cat\/sant-adria-per-temes\/participacio-ciutadana\/mostra-dentitats\" target=\"_blank\" rel=\"noreferrer noopener\">web de l&#8217;Ajuntament<\/a>&nbsp;i es podran presentar fins al 8 d&#8217;abril.<\/p>\n\n\n\n<p>El sorteig de la ubicaci\u00f3 de les entitats al recinte es far\u00e0 el dia 7 de maig al Plenari d&#8217;Entitats.<\/p>\n","protected":false},"excerpt":{"rendered":"<p>La Mostra es desenvolupa de manera biennal i es planteja com la festa de les associacions, un espai l\u00fadic i festiu, d\u2019intercanvi d\u2019experi\u00e8ncies, de trobades i tamb\u00e9 com un aparador a on les entitats puguin exposar a la ciutadania les seves activitats per a que siguin coneguts. Tradicionalment, s\u2019ha celebrat a la pla\u00e7a de la [&hellip;]<\/p>\n","protected":false},"author":2,"featured_media":7184,"comment_status":"closed","ping_status":"open","sticky":false,"template":"","format":"standard","meta":{"footnotes":""},"categories":[134],"tags":[],"class_list":{"0":"post-7183","1":"post","2":"type-post","3":"status-publish","4":"format-standard","5":"has-post-thumbnail","7":"category-actualitat"},"_links":{"self":[{"href":"https:\/\/www.areabesos.com\/diario\/wp-json\/wp\/v2\/posts\/7183","targetHints":{"allow":["GET"]}}],"collection":[{"href":"https:\/\/www.areabesos.com\/diario\/wp-json\/wp\/v2\/posts"}],"about":[{"href":"https:\/\/www.areabesos.com\/diario\/wp-json\/wp\/v2\/types\/post"}],"author":[{"embeddable":true,"href":"https:\/\/www.areabesos.com\/diario\/wp-json\/wp\/v2\/users\/2"}],"replies":[{"embeddable":true,"href":"https:\/\/www.areabesos.com\/diario\/wp-json\/wp\/v2\/comments?post=7183"}],"version-history":[{"count":1,"href":"https:\/\/www.areabesos.com\/diario\/wp-json\/wp\/v2\/posts\/7183\/revisions"}],"predecessor-version":[{"id":7185,"href":"https:\/\/www.areabesos.com\/diario\/wp-json\/wp\/v2\/posts\/7183\/revisions\/7185"}],"wp:featuredmedia":[{"embeddable":true,"href":"https:\/\/www.areabesos.com\/diario\/wp-json\/wp\/v2\/media\/7184"}],"wp:attachment":[{"href":"https:\/\/www.areabesos.com\/diario\/wp-json\/wp\/v2\/media?parent=7183"}],"wp:term":[{"taxonomy":"category","embeddable":true,"href":"https:\/\/www.areabesos.com\/diario\/wp-json\/wp\/v2\/categories?post=7183"},{"taxonomy":"post_tag","embeddable":true,"href":"https:\/\/www.areabesos.com\/diario\/wp-json\/wp\/v2\/tags?post=7183"}],"curies":[{"name":"wp","href":"https:\/\/api.w.org\/{rel}","templated":true}]}}