{"id":7177,"date":"2024-03-13T11:59:21","date_gmt":"2024-03-13T10:59:21","guid":{"rendered":"https:\/\/www.areabesos.com\/diario\/?p=7177"},"modified":"2024-03-13T11:59:22","modified_gmt":"2024-03-13T10:59:22","slug":"larxiu-municipal-de-sant-adria-de-besos-participa-en-una-exposicio-en-xarxa-sobre-la-guerra-civil","status":"publish","type":"post","link":"https:\/\/www.areabesos.com\/diario\/larxiu-municipal-de-sant-adria-de-besos-participa-en-una-exposicio-en-xarxa-sobre-la-guerra-civil\/","title":{"rendered":"L&#8217;Arxiu Municipal de Sant Adri\u00e0 de Bes\u00f2s participa en una exposici\u00f3 en xarxa sobre la Guerra Civil"},"content":{"rendered":"\n<p>\u00abI tu? Qu\u00e8 has fet per la vict\u00f2ria?\u00bb \u00e9s una activitat de l&#8217;<a href=\"https:\/\/www.diba.cat\/web\/opc\" target=\"_blank\" rel=\"noreferrer noopener\">Oficina de Patrimoni Cultural&nbsp;de la Diputaci\u00f3 de Barcelona&nbsp;<\/a>en format d&#8217;exposici\u00f3 que es pot&nbsp;veure simult\u00e0niament a diferents municipis al llarg de 2024. La mostra est\u00e0 dedicada a les m\u00faltiples activitats realitzades a la rereguarda republicana en un context de guerra oberta, de revoluci\u00f3 social i d\u2019a\u00efllament internacional, on l\u2019economia del pa\u00eds es va veure obligada a adaptar-se a la nova situaci\u00f3, fet que es va traduir en la creaci\u00f3 de la ind\u00fastria de guerra, en l&#8217;aparici\u00f3 de col\u00b7lectivitats agr\u00edcoles i en la realitzaci\u00f3 d&#8217;incomptables activitats per acollir a les persones refugiades i despla\u00e7ades. Aquesta exposici\u00f3 de&nbsp;<a href=\"https:\/\/www.diba.cat\/web\/opc\/memoria-en-xarxa\" target=\"_blank\" rel=\"noreferrer noopener\">Mem\u00f2ria&nbsp;en Xarxa<\/a><strong>&nbsp;<\/strong>\u00e9s una aportaci\u00f3 m\u00e9s a la recuperaci\u00f3 de la mem\u00f2ria hist\u00f2rica que vol destacar la import\u00e0ncia dels museus i arxius com a dipositaris d\u2019un llegat hist\u00f2ric que ens \u00e9s com\u00fa.<\/p>\n\n\n\n<p>L&#8217;Arxiu Municipal de Sant Adri\u00e0 de Bes\u00f2s \u00abIsabel Rojas Castroverde\u00bb ha participat en aquesta mostra junt amb 18<strong>&nbsp;<\/strong>municipis m\u00e9s, aportant informaci\u00f3 i documents de l&#8217;activitat desenvolupada per la Col\u00b7lectivitat de Camperols de Pla de Bes\u00f2s, des de l&#8217;inici de la Guerra Civil i fins el 1939.<\/p>\n\n\n\n<p>Podeu visitar presencialment l&#8217;exposici\u00f3 a l&#8217;entrada de l&#8217;Arxiu en l&#8217;horari regular d&#8217;obertura o b\u00e9\u00a0accedir a la\u00a0<a href=\"https:\/\/www.sant-adria.cat\/arxiu\/apropat-a-larxiu\/exposicions-virtuals\/la-col-lectivitat-de-camperols-de-pla-de-besos\" target=\"_blank\" rel=\"noreferrer noopener\">l&#8217;exposici\u00f3 virtual<\/a>\u00a0que teniu disponible al web. Tamb\u00e9 ues pot visitar el web de l&#8217;exposici\u00f3 compartida on trobareu els continguts aportats per altres municipis.<\/p>\n","protected":false},"excerpt":{"rendered":"<p>\u00abI tu? Qu\u00e8 has fet per la vict\u00f2ria?\u00bb \u00e9s una activitat de l&#8217;Oficina de Patrimoni Cultural&nbsp;de la Diputaci\u00f3 de Barcelona&nbsp;en format d&#8217;exposici\u00f3 que es pot&nbsp;veure simult\u00e0niament a diferents municipis al llarg de 2024. La mostra est\u00e0 dedicada a les m\u00faltiples activitats realitzades a la rereguarda republicana en un context de guerra oberta, de revoluci\u00f3 social [&hellip;]<\/p>\n","protected":false},"author":2,"featured_media":7178,"comment_status":"closed","ping_status":"open","sticky":false,"template":"","format":"standard","meta":{"footnotes":""},"categories":[134,135],"tags":[],"class_list":{"0":"post-7177","1":"post","2":"type-post","3":"status-publish","4":"format-standard","5":"has-post-thumbnail","7":"category-actualitat","8":"category-societat"},"_links":{"self":[{"href":"https:\/\/www.areabesos.com\/diario\/wp-json\/wp\/v2\/posts\/7177","targetHints":{"allow":["GET"]}}],"collection":[{"href":"https:\/\/www.areabesos.com\/diario\/wp-json\/wp\/v2\/posts"}],"about":[{"href":"https:\/\/www.areabesos.com\/diario\/wp-json\/wp\/v2\/types\/post"}],"author":[{"embeddable":true,"href":"https:\/\/www.areabesos.com\/diario\/wp-json\/wp\/v2\/users\/2"}],"replies":[{"embeddable":true,"href":"https:\/\/www.areabesos.com\/diario\/wp-json\/wp\/v2\/comments?post=7177"}],"version-history":[{"count":1,"href":"https:\/\/www.areabesos.com\/diario\/wp-json\/wp\/v2\/posts\/7177\/revisions"}],"predecessor-version":[{"id":7179,"href":"https:\/\/www.areabesos.com\/diario\/wp-json\/wp\/v2\/posts\/7177\/revisions\/7179"}],"wp:featuredmedia":[{"embeddable":true,"href":"https:\/\/www.areabesos.com\/diario\/wp-json\/wp\/v2\/media\/7178"}],"wp:attachment":[{"href":"https:\/\/www.areabesos.com\/diario\/wp-json\/wp\/v2\/media?parent=7177"}],"wp:term":[{"taxonomy":"category","embeddable":true,"href":"https:\/\/www.areabesos.com\/diario\/wp-json\/wp\/v2\/categories?post=7177"},{"taxonomy":"post_tag","embeddable":true,"href":"https:\/\/www.areabesos.com\/diario\/wp-json\/wp\/v2\/tags?post=7177"}],"curies":[{"name":"wp","href":"https:\/\/api.w.org\/{rel}","templated":true}]}}