{"id":7155,"date":"2024-03-05T13:30:57","date_gmt":"2024-03-05T12:30:57","guid":{"rendered":"https:\/\/www.areabesos.com\/diario\/?p=7155"},"modified":"2024-03-05T13:30:57","modified_gmt":"2024-03-05T12:30:57","slug":"una-exposicio-fotografica-per-veure-el-mon-des-dels-ulls-de-les-dones","status":"publish","type":"post","link":"https:\/\/www.areabesos.com\/diario\/una-exposicio-fotografica-per-veure-el-mon-des-dels-ulls-de-les-dones\/","title":{"rendered":"Una exposici\u00f3 fotogr\u00e0fica per veure el m\u00f3n des dels ulls de les dones"},"content":{"rendered":"\n<p>Aquest proper dijous, 7 de mar\u00e7, s&#8217;inaugura a l&#8217;Agrupaci\u00f3 Fotogr\u00e0fica Sant Adri\u00e0 (c. Dr. Barraquer, 6, baixos) l&#8217;exposici\u00f3 \u00abMirades en femen\u00ed\u00bb, un recull de 45 fotografies fetes per les s\u00f2cies de l&#8217;entitat aprofitant el marc del 8 de mar\u00e7, Dia Internacional de la Dona. <\/p>\n\n\n\n<p>La mostra s\u2019inaugura aquest dijous, 7 de mar\u00e7, a les 19.30 hores i es podr\u00e0 visitar fins el 28 de mar\u00e7 de dilluns a dijous, de 18.30 a 20.30 hores.<\/p>\n\n\n\n<p><a href=\"https:\/\/www.areabesos.com\/diario\/wp-content\/uploads\/2024\/02\/Expo-SLlos-2-2-1024x707.jpg\"><\/a><\/p>\n","protected":false},"excerpt":{"rendered":"<p>Aquest proper dijous, 7 de mar\u00e7, s&#8217;inaugura a l&#8217;Agrupaci\u00f3 Fotogr\u00e0fica Sant Adri\u00e0 (c. Dr. Barraquer, 6, baixos) l&#8217;exposici\u00f3 \u00abMirades en femen\u00ed\u00bb, un recull de 45 fotografies fetes per les s\u00f2cies de l&#8217;entitat aprofitant el marc del 8 de mar\u00e7, Dia Internacional de la Dona. La mostra s\u2019inaugura aquest dijous, 7 de mar\u00e7, a les 19.30 [&hellip;]<\/p>\n","protected":false},"author":1,"featured_media":7156,"comment_status":"closed","ping_status":"open","sticky":false,"template":"","format":"standard","meta":{"footnotes":""},"categories":[136],"tags":[],"class_list":{"0":"post-7155","1":"post","2":"type-post","3":"status-publish","4":"format-standard","5":"has-post-thumbnail","7":"category-cultura"},"_links":{"self":[{"href":"https:\/\/www.areabesos.com\/diario\/wp-json\/wp\/v2\/posts\/7155","targetHints":{"allow":["GET"]}}],"collection":[{"href":"https:\/\/www.areabesos.com\/diario\/wp-json\/wp\/v2\/posts"}],"about":[{"href":"https:\/\/www.areabesos.com\/diario\/wp-json\/wp\/v2\/types\/post"}],"author":[{"embeddable":true,"href":"https:\/\/www.areabesos.com\/diario\/wp-json\/wp\/v2\/users\/1"}],"replies":[{"embeddable":true,"href":"https:\/\/www.areabesos.com\/diario\/wp-json\/wp\/v2\/comments?post=7155"}],"version-history":[{"count":1,"href":"https:\/\/www.areabesos.com\/diario\/wp-json\/wp\/v2\/posts\/7155\/revisions"}],"predecessor-version":[{"id":7157,"href":"https:\/\/www.areabesos.com\/diario\/wp-json\/wp\/v2\/posts\/7155\/revisions\/7157"}],"wp:featuredmedia":[{"embeddable":true,"href":"https:\/\/www.areabesos.com\/diario\/wp-json\/wp\/v2\/media\/7156"}],"wp:attachment":[{"href":"https:\/\/www.areabesos.com\/diario\/wp-json\/wp\/v2\/media?parent=7155"}],"wp:term":[{"taxonomy":"category","embeddable":true,"href":"https:\/\/www.areabesos.com\/diario\/wp-json\/wp\/v2\/categories?post=7155"},{"taxonomy":"post_tag","embeddable":true,"href":"https:\/\/www.areabesos.com\/diario\/wp-json\/wp\/v2\/tags?post=7155"}],"curies":[{"name":"wp","href":"https:\/\/api.w.org\/{rel}","templated":true}]}}