{"id":7152,"date":"2024-03-04T13:23:23","date_gmt":"2024-03-04T12:23:23","guid":{"rendered":"https:\/\/www.areabesos.com\/diario\/?p=7152"},"modified":"2024-03-05T13:25:58","modified_gmt":"2024-03-05T12:25:58","slug":"el-club-natacio-sant-adria-celebra-el-seu-50e-aniversari","status":"publish","type":"post","link":"https:\/\/www.areabesos.com\/diario\/el-club-natacio-sant-adria-celebra-el-seu-50e-aniversari\/","title":{"rendered":"El Club Nataci\u00f3 Sant Adri\u00e0 celebra el seu 50\u00e8 aniversari"},"content":{"rendered":"\n<p>En el marc del Campionat d\u2019Espanya \u201cOpen\u201d i J\u00fanior a Sabadell, en un acte de lliurament de distincions a esportistes i entitats, la Real Federaci\u00f3n Espa\u00f1ola de Nataci\u00f3n va recon\u00e8ixer amb una placa commemorativa els 50 anys del Club Nataci\u00f3 Sant Adri\u00e0.<\/p>\n\n\n\n<p>La hist\u00f2ria del club l\u2019han escrit tots els nedadors\/es, entrenadors\/es, pares i mares, que han passat per aquesta entitat des dels seus inicis.&nbsp; Molts campions d\u2019Espanya i de Catalunya i d\u2019altres que no hi han pogut arribar, &nbsp;per\u00f2 que han format part d\u2019aquesta hist\u00f2ria.<\/p>\n\n\n\n<p>El Club Nataci\u00f3 Sant Adri\u00e0 neix un 12 de mar\u00e7 de 1969, quan una colla d\u2019amics van voler formar un club de nataci\u00f3 al seu poble. Amb la presentaci\u00f3 del primer estatut a la Federaci\u00f3 Catalana de Nataci\u00f3, firmat i segellat pel seu primer president, en Rizal Borr\u00e1s Dur\u00e1n, qued\u00e0 formalitzada aquesta nova entitat esportiva.<\/p>\n\n\n\n<p>En el seu inici el Club no disposava de cap piscina coberta per gaudir d\u2019aquest esport i es va haver d\u2019esperar fins a la construcci\u00f3 del Poliesportiu Ricart. Mentrestant el president i la seva junta s\u2019havien de reunir en petits locals del poble, un d&#8217;ells l&#8217;actual rellotgeria Gerardo. Aquesta colla d\u2019amics com en Vicente Montero, Jos\u00e9 G\u00f3mez, Francesc Royo, Iba\u00f1ez, Francesc Raja, Florencio Blasco, i el seu president en Rizal Borr\u00e1s Dur\u00e1n, van formalitzar la primera junta directiva del club, tot i no tenir encara piscina. Els primers socis que van voler formar part d\u2019aquest club van comen\u00e7ar a pagar una quota de cinc pessetes al mes.<br>No va ser fins a l\u2019any 1974, quan van acabar les obres del pavell\u00f3 del nou Poliesportiu Ricart, i amb la concessi\u00f3 de l\u2019Ajuntament a favor del Club Nataci\u00f3, que el somni es va fer realitat.<\/p>\n\n\n\n<p>El mes de novembre del mateix any comen\u00e7ava l\u2019activitat al Club.<\/p>\n\n\n\n<p>El&nbsp;Sr. Miquel Carol&nbsp;primer entrenador, ajudat per l\u2019auxiliar Jordi Montenys, van fer els primers entrenaments, tot i que durant els primers dies van haver de ser nom\u00e9s de preparaci\u00f3 f\u00edsica a causa de la falta d\u2019aigua calenta, pel no funcionament de les calderes.<\/p>\n\n\n\n<p>A poc a poc els problemes t\u00e8cnics es van anar arreglant i a mitjans de novembre comen\u00e7aven els primers entrenaments dins de l\u2019aigua.<\/p>\n\n\n\n<p>La primera plantilla de nedadors era molt petita, per\u00f2 en pocs mesos, aquesta plantilla arribava al centenar de nedadors. A poc a poc la piscina s\u2019anava omplint de nedadors, tants que es va haver d&#8217;optar a distribuir-los en tres torns.<\/p>\n\n\n\n<p>Al cap de poc d\u2019aquests inicis, a principis del 1975, el primer president en Rizal Borr\u00e1s Dur\u00e1n, va deixar la presid\u00e8ncia en favor d\u2019en Francesc Navarro Pi, ja que, segons l\u2019\u00e8poca i per poder presidir un club esportiu, havies de ser una persona solvent econ\u00f2micament o propietari d\u2019un comer\u00e7.<\/p>\n\n\n\n<p>A partir de llavors, la traject\u00f2ria del club ha continuat fins al dia d\u2019avui, passant diferents presidents i juntes directives, entrenadors, i nedadors, dels quals alguns han aconseguit grans \u00e8xits pel club. Hem tingut campions de Catalunya i d\u2019Espanya en les diferents categories, i d\u2019altres que han format una gran plantilla que han fet i fan que en l\u2019actualitat el Club Nataci\u00f3 Sant Adri\u00e0 sigui conegut i reconegut en tot l\u2019\u00e0mbit nacional.<\/p>\n","protected":false},"excerpt":{"rendered":"<p>En el marc del Campionat d\u2019Espanya \u201cOpen\u201d i J\u00fanior a Sabadell, en un acte de lliurament de distincions a esportistes i entitats, la Real Federaci\u00f3n Espa\u00f1ola de Nataci\u00f3n va recon\u00e8ixer amb una placa commemorativa els 50 anys del Club Nataci\u00f3 Sant Adri\u00e0. La hist\u00f2ria del club l\u2019han escrit tots els nedadors\/es, entrenadors\/es, pares i mares, [&hellip;]<\/p>\n","protected":false},"author":2,"featured_media":7153,"comment_status":"closed","ping_status":"open","sticky":false,"template":"","format":"standard","meta":{"footnotes":""},"categories":[137],"tags":[],"class_list":{"0":"post-7152","1":"post","2":"type-post","3":"status-publish","4":"format-standard","5":"has-post-thumbnail","7":"category-esports"},"_links":{"self":[{"href":"https:\/\/www.areabesos.com\/diario\/wp-json\/wp\/v2\/posts\/7152","targetHints":{"allow":["GET"]}}],"collection":[{"href":"https:\/\/www.areabesos.com\/diario\/wp-json\/wp\/v2\/posts"}],"about":[{"href":"https:\/\/www.areabesos.com\/diario\/wp-json\/wp\/v2\/types\/post"}],"author":[{"embeddable":true,"href":"https:\/\/www.areabesos.com\/diario\/wp-json\/wp\/v2\/users\/2"}],"replies":[{"embeddable":true,"href":"https:\/\/www.areabesos.com\/diario\/wp-json\/wp\/v2\/comments?post=7152"}],"version-history":[{"count":1,"href":"https:\/\/www.areabesos.com\/diario\/wp-json\/wp\/v2\/posts\/7152\/revisions"}],"predecessor-version":[{"id":7154,"href":"https:\/\/www.areabesos.com\/diario\/wp-json\/wp\/v2\/posts\/7152\/revisions\/7154"}],"wp:featuredmedia":[{"embeddable":true,"href":"https:\/\/www.areabesos.com\/diario\/wp-json\/wp\/v2\/media\/7153"}],"wp:attachment":[{"href":"https:\/\/www.areabesos.com\/diario\/wp-json\/wp\/v2\/media?parent=7152"}],"wp:term":[{"taxonomy":"category","embeddable":true,"href":"https:\/\/www.areabesos.com\/diario\/wp-json\/wp\/v2\/categories?post=7152"},{"taxonomy":"post_tag","embeddable":true,"href":"https:\/\/www.areabesos.com\/diario\/wp-json\/wp\/v2\/tags?post=7152"}],"curies":[{"name":"wp","href":"https:\/\/api.w.org\/{rel}","templated":true}]}}