{"id":7150,"date":"2024-03-01T13:26:01","date_gmt":"2024-03-01T12:26:01","guid":{"rendered":"https:\/\/www.areabesos.com\/diario\/?p=7150"},"modified":"2024-03-04T13:26:42","modified_gmt":"2024-03-04T12:26:42","slug":"els-mossos-desquadra-detenen-dos-homes-que-havien-robat-en-una-botiga-de-telefonia-mobil-de-sant-adria-de-besos","status":"publish","type":"post","link":"https:\/\/www.areabesos.com\/diario\/els-mossos-desquadra-detenen-dos-homes-que-havien-robat-en-una-botiga-de-telefonia-mobil-de-sant-adria-de-besos\/","title":{"rendered":"Els Mossos d\u2019Esquadra detenen dos homes que havien robat en una botiga de telefonia m\u00f2bil de Sant Adri\u00e0 de Bes\u00f2s"},"content":{"rendered":"\n<p>Agents de la Policia de la Generalitat \u2013 Mossos d\u2019Esquadra de la comissaria de Sant Adri\u00e0 de Bes\u00f2s van detenir, el 29 de febrer, dos homes de 20 i 22 anys com a presumptes autors d\u2019un delicte de robatori amb for\u00e7a en una botiga de telefonia m\u00f2bil de Sant Adri\u00e0 de Bes\u00f2s.<\/p>\n\n\n\n<p>Pels volts de les 02.30 h, els agents van rebre un av\u00eds en el que se\u2019ls informava que s\u2019havia activat l\u2019alarma d\u2019una botiga de telefonia m\u00f2bil de Sant Adri\u00e0 de Bes\u00f2s. Quan van arribar al lloc, un ciutad\u00e0 els va dir que dues persones acabaven de marxar corrent cap a la llera del riu Bes\u00f2s.<\/p>\n\n\n\n<p>Els policies van aturar dos homes que coincidien plenament amb la descripci\u00f3 que els havia donat&nbsp; el ciutad\u00e0. A l\u2019escorcollar-los els hi van trobar set tel\u00e8fons m\u00f2bils que encara tenien instal\u00b7lat el sistema de seguretat. Una altra patrulla es va adre\u00e7ar a la botiga i va comprovar que el vidre de l\u2019aparador estava trencat i que a terra hi havia una tapa de claveguera.<\/p>\n\n\n\n<p>Per aquests motius els dos homes van quedar detinguts i van passar a disposici\u00f3 judicial.<\/p>\n","protected":false},"excerpt":{"rendered":"<p>Agents de la Policia de la Generalitat \u2013 Mossos d\u2019Esquadra de la comissaria de Sant Adri\u00e0 de Bes\u00f2s van detenir, el 29 de febrer, dos homes de 20 i 22 anys com a presumptes autors d\u2019un delicte de robatori amb for\u00e7a en una botiga de telefonia m\u00f2bil de Sant Adri\u00e0 de Bes\u00f2s. Pels volts de [&hellip;]<\/p>\n","protected":false},"author":2,"featured_media":1531,"comment_status":"closed","ping_status":"open","sticky":false,"template":"","format":"standard","meta":{"footnotes":""},"categories":[134],"tags":[],"class_list":{"0":"post-7150","1":"post","2":"type-post","3":"status-publish","4":"format-standard","5":"has-post-thumbnail","7":"category-actualitat"},"_links":{"self":[{"href":"https:\/\/www.areabesos.com\/diario\/wp-json\/wp\/v2\/posts\/7150","targetHints":{"allow":["GET"]}}],"collection":[{"href":"https:\/\/www.areabesos.com\/diario\/wp-json\/wp\/v2\/posts"}],"about":[{"href":"https:\/\/www.areabesos.com\/diario\/wp-json\/wp\/v2\/types\/post"}],"author":[{"embeddable":true,"href":"https:\/\/www.areabesos.com\/diario\/wp-json\/wp\/v2\/users\/2"}],"replies":[{"embeddable":true,"href":"https:\/\/www.areabesos.com\/diario\/wp-json\/wp\/v2\/comments?post=7150"}],"version-history":[{"count":1,"href":"https:\/\/www.areabesos.com\/diario\/wp-json\/wp\/v2\/posts\/7150\/revisions"}],"predecessor-version":[{"id":7151,"href":"https:\/\/www.areabesos.com\/diario\/wp-json\/wp\/v2\/posts\/7150\/revisions\/7151"}],"wp:featuredmedia":[{"embeddable":true,"href":"https:\/\/www.areabesos.com\/diario\/wp-json\/wp\/v2\/media\/1531"}],"wp:attachment":[{"href":"https:\/\/www.areabesos.com\/diario\/wp-json\/wp\/v2\/media?parent=7150"}],"wp:term":[{"taxonomy":"category","embeddable":true,"href":"https:\/\/www.areabesos.com\/diario\/wp-json\/wp\/v2\/categories?post=7150"},{"taxonomy":"post_tag","embeddable":true,"href":"https:\/\/www.areabesos.com\/diario\/wp-json\/wp\/v2\/tags?post=7150"}],"curies":[{"name":"wp","href":"https:\/\/api.w.org\/{rel}","templated":true}]}}