{"id":7110,"date":"2024-02-22T12:26:36","date_gmt":"2024-02-22T11:26:36","guid":{"rendered":"https:\/\/www.areabesos.com\/diario\/?p=7110"},"modified":"2024-02-22T12:26:37","modified_gmt":"2024-02-22T11:26:37","slug":"un-torneig-mixt-de-basquet-per-trencar-estereotips-de-genere","status":"publish","type":"post","link":"https:\/\/www.areabesos.com\/diario\/un-torneig-mixt-de-basquet-per-trencar-estereotips-de-genere\/","title":{"rendered":"Un torneig mixt de b\u00e0squet per trencar estereotips de g\u00e8nere"},"content":{"rendered":"\n<p>El Sergi Pi\u00f1ero, jugador de l\u2019UBSA, i el Marc Talaver\u00f3n, jugador i entrenador de la UESC Sant Cugat, tots dos adrianencs, van organitzar el passat 4 de gener un partit ben\u00e8fic a la pista del Col\u00b7legi Sant Gabriel per recaptar aliments no peribles destinats a les persones vulnerables sota el seu projecte de promoci\u00f3 del b\u00e0squet a la ciutat Hoops Sant Adri\u00e0. Van omplir les grades i recaptar 435 kg de menjar. Ara, s\u2019han proposat trencar amb els estereotips de g\u00e8nere creats a la nostra societat amb un torneig mixt de 2 contra 2. \u201cAdan y Eva: Duelo en el Ed\u00e9n\u201d est\u00e0 obert a totes les categories, des de s\u00e8nior fins a minib\u00e0sket, i podran competir equips mixtos d\u2019un m\u00e0xim de 3 jugadors\/es (si no tens amb qui jugar, els organitzadors et buscaran equip). Es dur\u00e0 a terme el proper 23 de mar\u00e7, a partir de les 9.30 hores, al Complex Esportiu Ricart.<\/p>\n\n\n\n<p>\u201cLa idea va sorgir a trav\u00e9s d&#8217;un partit ben\u00e8fic que vam fer a Nadal, en veure l&#8217;\u00e8xit i l&#8217;acollida que va tenir entre la gent de Sant Adri\u00e0, vam decidir que voliem impulsar l&#8217;esport a la ciutat de forma inclusiva\u201d, explica el Sergi Pi\u00f1ero. Per aquest projecte van mirar dates on no hi hagu\u00e9s competici\u00f3 federativa i van pensar en Setmana Santa. Pel que fa al concepte de torneig mixt, \u201cvam relacionar aquest esdeveniment amb el mite d&#8217;Adan i Eva, ja que vol\u00edem que tothom fos part\u00edcip d&#8217;aquest&nbsp;torneig\u201d, comenta el Sergi, que ens aclareix que per aquest projecte s\u2019ha sumat un altre amic, tamb\u00e9 adrianenc, el Dani Villanueva, coordinador de l\u2019UBSA i entrenador del s\u00e8nior B. &nbsp;<\/p>\n\n\n\n<p>El cost de la inscripci\u00f3 \u00e9s de 10 euros i s\u2019ha de fer a trav\u00e9s d\u2019aquest <a href=\"https:\/\/docs.google.com\/forms\/d\/e\/1FAIpQLSe8AdtG50N3HoYmGRlKqBgUe_6arJLvRnr0hneOtnNfH2G1uQ\/viewform\">enlla\u00e7<\/a>. Hoops Sant Adri\u00e0 tenen clar que aquest torneig \u201ccrear\u00e0 tend\u00e8ncia i ha arribat per quedar-s\u2019hi molt de temps\u201d.<\/p>\n\n\n\n<div><a href=\"https:\/\/www.areabesos.com\/diario\/wp-content\/uploads\/2024\/02\/hoops-1024x1024.jpg\" class=\"td-modal-image\"><figure class=\"wp-block-image size-large\"><img loading=\"lazy\" decoding=\"async\" width=\"1024\" height=\"1024\" src=\"https:\/\/www.areabesos.com\/diario\/wp-content\/uploads\/2024\/02\/hoops-1024x1024.jpg\" alt=\"\" class=\"wp-image-7111\" srcset=\"https:\/\/www.areabesos.com\/diario\/wp-content\/uploads\/2024\/02\/hoops-1024x1024.jpg 1024w, https:\/\/www.areabesos.com\/diario\/wp-content\/uploads\/2024\/02\/hoops-300x300.jpg 300w, https:\/\/www.areabesos.com\/diario\/wp-content\/uploads\/2024\/02\/hoops-150x150.jpg 150w, https:\/\/www.areabesos.com\/diario\/wp-content\/uploads\/2024\/02\/hoops-768x768.jpg 768w, https:\/\/www.areabesos.com\/diario\/wp-content\/uploads\/2024\/02\/hoops-696x696.jpg 696w, https:\/\/www.areabesos.com\/diario\/wp-content\/uploads\/2024\/02\/hoops-1068x1068.jpg 1068w, https:\/\/www.areabesos.com\/diario\/wp-content\/uploads\/2024\/02\/hoops.jpg 1080w\" sizes=\"auto, (max-width: 1024px) 100vw, 1024px\" \/><\/figure><\/a><\/div>\n","protected":false},"excerpt":{"rendered":"<p>El Sergi Pi\u00f1ero, jugador de l\u2019UBSA, i el Marc Talaver\u00f3n, jugador i entrenador de la UESC Sant Cugat, tots dos adrianencs, van organitzar el passat 4 de gener un partit ben\u00e8fic a la pista del Col\u00b7legi Sant Gabriel per recaptar aliments no peribles destinats a les persones vulnerables sota el seu projecte de promoci\u00f3 del [&hellip;]<\/p>\n","protected":false},"author":1,"featured_media":7112,"comment_status":"closed","ping_status":"open","sticky":false,"template":"","format":"standard","meta":{"footnotes":""},"categories":[137],"tags":[],"class_list":{"0":"post-7110","1":"post","2":"type-post","3":"status-publish","4":"format-standard","5":"has-post-thumbnail","7":"category-esports"},"_links":{"self":[{"href":"https:\/\/www.areabesos.com\/diario\/wp-json\/wp\/v2\/posts\/7110","targetHints":{"allow":["GET"]}}],"collection":[{"href":"https:\/\/www.areabesos.com\/diario\/wp-json\/wp\/v2\/posts"}],"about":[{"href":"https:\/\/www.areabesos.com\/diario\/wp-json\/wp\/v2\/types\/post"}],"author":[{"embeddable":true,"href":"https:\/\/www.areabesos.com\/diario\/wp-json\/wp\/v2\/users\/1"}],"replies":[{"embeddable":true,"href":"https:\/\/www.areabesos.com\/diario\/wp-json\/wp\/v2\/comments?post=7110"}],"version-history":[{"count":1,"href":"https:\/\/www.areabesos.com\/diario\/wp-json\/wp\/v2\/posts\/7110\/revisions"}],"predecessor-version":[{"id":7113,"href":"https:\/\/www.areabesos.com\/diario\/wp-json\/wp\/v2\/posts\/7110\/revisions\/7113"}],"wp:featuredmedia":[{"embeddable":true,"href":"https:\/\/www.areabesos.com\/diario\/wp-json\/wp\/v2\/media\/7112"}],"wp:attachment":[{"href":"https:\/\/www.areabesos.com\/diario\/wp-json\/wp\/v2\/media?parent=7110"}],"wp:term":[{"taxonomy":"category","embeddable":true,"href":"https:\/\/www.areabesos.com\/diario\/wp-json\/wp\/v2\/categories?post=7110"},{"taxonomy":"post_tag","embeddable":true,"href":"https:\/\/www.areabesos.com\/diario\/wp-json\/wp\/v2\/tags?post=7110"}],"curies":[{"name":"wp","href":"https:\/\/api.w.org\/{rel}","templated":true}]}}