{"id":7053,"date":"2024-02-06T13:43:11","date_gmt":"2024-02-06T12:43:11","guid":{"rendered":"https:\/\/www.areabesos.com\/diario\/?p=7053"},"modified":"2024-02-06T13:43:11","modified_gmt":"2024-02-06T12:43:11","slug":"tot-preparat-pel-carnestoltes-2024","status":"publish","type":"post","link":"https:\/\/www.areabesos.com\/diario\/tot-preparat-pel-carnestoltes-2024\/","title":{"rendered":"Tot preparat pel Carnestoltes 2024"},"content":{"rendered":"\n<p>Aquest proper dissabte, 10 de febrer, Sant Adri\u00e0 de Bes\u00f2s celebra el Carnestoltes 2024 amb la tradicional festa infantil al mat\u00ed i la rua a la tarda. Al mat\u00ed, la pla\u00e7a de la Vila acollir\u00e0 a partir del migdia una festa amb animaci\u00f3 i gresca pels m\u00e9s petits. A la tarda hi haur\u00e0 la rua, amb la concentraci\u00f3 dels participants a partir de les 18 hores, que comen\u00e7ar\u00e0 a les 18. 30 hores amb el seg\u00fcent recorregut: av de la Platja, pl. Maci\u00e0, av. de Catalunya, pl. de la Vila, av. de Catalunya, c. Josep Pons, c. Ricart i entrada a pl. de la Vila, on es far\u00e0 la rebuda i una festa amb disco m\u00f2bil fins a les 22h.<\/p>\n\n\n\n<p>Si voleu\u00a0participar com a rua\u00a0heu de ser\u00a0m\u00e9s de 10 components conformant una unitat tem\u00e0tica coherent amb la\u00a0disfressa\u00a0conjunta i nom escollit. La inscripci\u00f3\u00a0pr\u00e8via\u00a0es pot realitzar adre\u00e7ant\u00a0un\u00a0correu a\u00a0<a href=\"mailto:cultura@sant-adria.net\">cultura@sant-adria.net<\/a>\u00a0indicant nom, n\u00famero de components i un tel\u00e8fon de contacte o al mateix lloc de la sortida. \u00danicament es consideraran rues participants inscrites,\u00a0les que compleixin les condicions indicades i facin\u00a0la totalitat del\u00a0recorregut.\u00a0Un cop feta la sortida no s\u2019admeten inscripcions.<\/p>\n","protected":false},"excerpt":{"rendered":"<p>Aquest proper dissabte, 10 de febrer, Sant Adri\u00e0 de Bes\u00f2s celebra el Carnestoltes 2024 amb la tradicional festa infantil al mat\u00ed i la rua a la tarda. Al mat\u00ed, la pla\u00e7a de la Vila acollir\u00e0 a partir del migdia una festa amb animaci\u00f3 i gresca pels m\u00e9s petits. A la tarda hi haur\u00e0 la rua, [&hellip;]<\/p>\n","protected":false},"author":2,"featured_media":7054,"comment_status":"closed","ping_status":"open","sticky":false,"template":"","format":"standard","meta":{"footnotes":""},"categories":[134,136],"tags":[],"class_list":{"0":"post-7053","1":"post","2":"type-post","3":"status-publish","4":"format-standard","5":"has-post-thumbnail","7":"category-actualitat","8":"category-cultura"},"_links":{"self":[{"href":"https:\/\/www.areabesos.com\/diario\/wp-json\/wp\/v2\/posts\/7053","targetHints":{"allow":["GET"]}}],"collection":[{"href":"https:\/\/www.areabesos.com\/diario\/wp-json\/wp\/v2\/posts"}],"about":[{"href":"https:\/\/www.areabesos.com\/diario\/wp-json\/wp\/v2\/types\/post"}],"author":[{"embeddable":true,"href":"https:\/\/www.areabesos.com\/diario\/wp-json\/wp\/v2\/users\/2"}],"replies":[{"embeddable":true,"href":"https:\/\/www.areabesos.com\/diario\/wp-json\/wp\/v2\/comments?post=7053"}],"version-history":[{"count":1,"href":"https:\/\/www.areabesos.com\/diario\/wp-json\/wp\/v2\/posts\/7053\/revisions"}],"predecessor-version":[{"id":7055,"href":"https:\/\/www.areabesos.com\/diario\/wp-json\/wp\/v2\/posts\/7053\/revisions\/7055"}],"wp:featuredmedia":[{"embeddable":true,"href":"https:\/\/www.areabesos.com\/diario\/wp-json\/wp\/v2\/media\/7054"}],"wp:attachment":[{"href":"https:\/\/www.areabesos.com\/diario\/wp-json\/wp\/v2\/media?parent=7053"}],"wp:term":[{"taxonomy":"category","embeddable":true,"href":"https:\/\/www.areabesos.com\/diario\/wp-json\/wp\/v2\/categories?post=7053"},{"taxonomy":"post_tag","embeddable":true,"href":"https:\/\/www.areabesos.com\/diario\/wp-json\/wp\/v2\/tags?post=7053"}],"curies":[{"name":"wp","href":"https:\/\/api.w.org\/{rel}","templated":true}]}}