{"id":7038,"date":"2024-02-02T13:07:59","date_gmt":"2024-02-02T12:07:59","guid":{"rendered":"https:\/\/www.areabesos.com\/diario\/?p=7038"},"modified":"2024-02-02T13:08:00","modified_gmt":"2024-02-02T12:08:00","slug":"loficina-mobil-daigues-de-barcelona-a-sant-adria","status":"publish","type":"post","link":"https:\/\/www.areabesos.com\/diario\/loficina-mobil-daigues-de-barcelona-a-sant-adria\/","title":{"rendered":"L&#8217;oficina m\u00f2bil d&#8217;Aig\u00fces de Barcelona a Sant Adri\u00e0"},"content":{"rendered":"\n<p>Aig\u00fces de Barcelona, empresa que gestiona el cicle integral de l\u2019aigua en el municipi de Sant Adri\u00e0 de Bes\u00f2s, posa en marxa el servei&nbsp;<strong>d\u2019oficina m\u00f2bil<\/strong>&nbsp;amb l\u2019objectiu d\u2019apropar l\u2019atenci\u00f3 presencial als habitants del municipi, facilitant la&nbsp;<strong>gesti\u00f3 dels tr\u00e0mits i consultes sobre el servei i consum de l\u2019aigua, a prop de casa<\/strong>. La iniciativa compta amb la col\u00b7laboraci\u00f3 de l\u2019Ajuntament Sant Adri\u00e0 de Bes\u00f2s.<\/p>\n\n\n\n<p>La ciutadania podr\u00e0 fer, de manera presencial, totes les consultes i gestions que requereixi (menys pagaments), sense necessitat de cita pr\u00e8via.<\/p>\n\n\n\n<p>L\u2019oficina m\u00f2bil d\u2019Aig\u00fces de Barcelona estar\u00e0 disponible a Sant Adri\u00e0 del Bes\u00f2s el primer dimarts del mes:<\/p>\n\n\n\n<ul class=\"wp-block-list\">\n<li>Dimarts 6 de febrer de 2024<\/li>\n\n\n\n<li>Dimarts 5 de mar\u00e7 de 2024<\/li>\n<\/ul>\n\n\n\n<p><strong>Horari:&nbsp;<\/strong>de 9 a 13.30 h<\/p>\n\n\n\n<p><strong>Lloc:<\/strong>&nbsp;Pla\u00e7a de la Vila<\/p>\n","protected":false},"excerpt":{"rendered":"<p>Aig\u00fces de Barcelona, empresa que gestiona el cicle integral de l\u2019aigua en el municipi de Sant Adri\u00e0 de Bes\u00f2s, posa en marxa el servei&nbsp;d\u2019oficina m\u00f2bil&nbsp;amb l\u2019objectiu d\u2019apropar l\u2019atenci\u00f3 presencial als habitants del municipi, facilitant la&nbsp;gesti\u00f3 dels tr\u00e0mits i consultes sobre el servei i consum de l\u2019aigua, a prop de casa. La iniciativa compta amb la [&hellip;]<\/p>\n","protected":false},"author":2,"featured_media":7039,"comment_status":"closed","ping_status":"open","sticky":false,"template":"","format":"standard","meta":{"footnotes":""},"categories":[134],"tags":[],"class_list":{"0":"post-7038","1":"post","2":"type-post","3":"status-publish","4":"format-standard","5":"has-post-thumbnail","7":"category-actualitat"},"_links":{"self":[{"href":"https:\/\/www.areabesos.com\/diario\/wp-json\/wp\/v2\/posts\/7038","targetHints":{"allow":["GET"]}}],"collection":[{"href":"https:\/\/www.areabesos.com\/diario\/wp-json\/wp\/v2\/posts"}],"about":[{"href":"https:\/\/www.areabesos.com\/diario\/wp-json\/wp\/v2\/types\/post"}],"author":[{"embeddable":true,"href":"https:\/\/www.areabesos.com\/diario\/wp-json\/wp\/v2\/users\/2"}],"replies":[{"embeddable":true,"href":"https:\/\/www.areabesos.com\/diario\/wp-json\/wp\/v2\/comments?post=7038"}],"version-history":[{"count":1,"href":"https:\/\/www.areabesos.com\/diario\/wp-json\/wp\/v2\/posts\/7038\/revisions"}],"predecessor-version":[{"id":7040,"href":"https:\/\/www.areabesos.com\/diario\/wp-json\/wp\/v2\/posts\/7038\/revisions\/7040"}],"wp:featuredmedia":[{"embeddable":true,"href":"https:\/\/www.areabesos.com\/diario\/wp-json\/wp\/v2\/media\/7039"}],"wp:attachment":[{"href":"https:\/\/www.areabesos.com\/diario\/wp-json\/wp\/v2\/media?parent=7038"}],"wp:term":[{"taxonomy":"category","embeddable":true,"href":"https:\/\/www.areabesos.com\/diario\/wp-json\/wp\/v2\/categories?post=7038"},{"taxonomy":"post_tag","embeddable":true,"href":"https:\/\/www.areabesos.com\/diario\/wp-json\/wp\/v2\/tags?post=7038"}],"curies":[{"name":"wp","href":"https:\/\/api.w.org\/{rel}","templated":true}]}}