{"id":7031,"date":"2024-01-31T10:34:29","date_gmt":"2024-01-31T09:34:29","guid":{"rendered":"https:\/\/www.areabesos.com\/diario\/?p=7031"},"modified":"2024-01-31T10:34:29","modified_gmt":"2024-01-31T09:34:29","slug":"la-amnistia-interminable-es-la-deuda-del-psoe-con-garcia-castellon","status":"publish","type":"post","link":"https:\/\/www.areabesos.com\/diario\/la-amnistia-interminable-es-la-deuda-del-psoe-con-garcia-castellon\/","title":{"rendered":"La amnist\u00eda interminable es la deuda del PSOE con Garc\u00eda Castell\u00f3n"},"content":{"rendered":"\n<p>Tengo las yemas de los dedos llenas de minutos tecleando diferentes versiones del rayo cegador que llev\u00f3 a Pablo Iglesias a albergar expectativas sin fundamento tras las elecciones del 20D de 2015, un fen\u00f3meno que se sum\u00f3 al seguidismo practicado entonces por muchos que ahora no recuerdan haberlo conocido, pero s\u00ed votaron a sus \u00f3rdenes contra la investidura de S\u00e1nchez en marzo de 2016 para conseguir que Rajoy siguiera en La Moncloa hasta la repetici\u00f3n electoral y, en esas nuevas urnas, enviar a la abstenci\u00f3n casi un mill\u00f3n de los votos que seis meses antes hab\u00edan conquistado.<\/p>\n\n\n\n<p>Al margen de los \u201cm\u00e9ritos\u201d propios con los que los de Podemos y sus aliados y continuadores, ahora Sumar, hayan contribuido a pasar de los 71 esca\u00f1os conseguidos en 2016 a los 31 de 2023 (menos 40), no me cabe la menor duda de que el juez Garc\u00eda Castell\u00f3n ha sido decisivo para que, en el mismo periodo de siete a\u00f1os, el PSOE haya pasado de 85 esca\u00f1os a 121 (m\u00e1s 36).<\/p>\n\n\n\n<p>Lo digo porque considero imposible cuantificar la inmensa potencia desestabilizadora y el brutal desgaste que, para cualquier organizaci\u00f3n pol\u00edtica, pero m\u00e1s si se trata de una joven y \u201crebelde\u201d, pueden ocasionar persecuciones sistem\u00e1ticas, por muy infructuosas que hayan sido, como las practicadas a ritmos m\u00e1s que sospechosos porque parecen calculados para satisfacer a terceras partes, por jueces como Garc\u00eda Castell\u00f3n, a quienes es imposible pararles los pies\u2026, ni con la ley en la mano del perseguido para poder ejercer ese derecho conocido como el de la defensa propia. &nbsp;<\/p>\n\n\n\n<p>Y eso que este juez no practica la \u201clawfare\u201d porque, a fin de cuentas, en Espa\u00f1a es algo que no existe, que los de \u201cEl Mundo\u201d estaban todos bebidos cuando el pasado viernes, 26 de enero, decidieron que la letra m\u00e1s grande para su portada de papel dijera que \u201c<em>El juez inutiliza las enmiendas del PSOE en tan solo 48 horas<\/em>\u201d. Por supuesto, Garc\u00eda Castell\u00f3n, que para tres d\u00edas despu\u00e9s otro juez llamado Aguirre ya ten\u00eda previsto desenterrar el caso \u201cVolhov\u201d, con entrevista en la TV de Alemania incluida.<\/p>\n\n\n\n<p>Todo en la misma l\u00ednea judicial de respetar con exquisito cuidado los ritmos de las muy democr\u00e1ticas actividades parlamentarias, disculpe usted la iron\u00eda, que acabo de recordar a jueces aplazando declaraciones de pol\u00edticos bipartidistas para no interferir en las campa\u00f1as electorales.<\/p>\n\n\n\n<p>Abrir\u00e9 par\u00e9ntesis para proponer ahora que \u201cLa obsesi\u00f3n del juez consigue en solo 48 horas que Puigdemont descubra la trampa de S\u00e1nchez\u201d hubiera sido un titular m\u00e1s acertado que el publicado en el peri\u00f3dico que durante tanto tiempo dirigi\u00f3 Pedro J., el mismo de la piscina ilegal en la costa mallorquina, que no me meter\u00eda yo con su vida privada ni aunque se llamara Letizia si no fuera porque tuvimos que pagar con los impuestos de todos los costes de perseguir sus ilegalidades\u2026, aunque, ahora que lo pienso, \u201cella\u201d tambi\u00e9n vive a cuerpo de reina gracias a la caja com\u00fan.<\/p>\n\n\n\n<p>Pero, volviendo a lo de hoy, concederles alguna virtud contra \u201cEspa\u00f1a\u201d a los catalanes que quieren ejercer el derecho a decidir es una de esas l\u00edneas rojas limitantes de la libertad de prensa que, aunque no est\u00e9n escritas en ning\u00fan rinc\u00f3n del Cap\u00edtulo Segundo del T\u00edtulo I de la Constituci\u00f3n, se dan por asumidas, al igual que para muchos, incluidos jueces como los dos aqu\u00ed citados hasta el momento, la \u201camnist\u00eda\u201d es tambi\u00e9n una l\u00ednea roja, aunque no aparezca mencionada.<\/p>\n\n\n\n<p>Que qu\u00e9 poca inteligencia demostraron aquellos siete padres de la ley de leyes en 1978, tan incapaces como fueron de imaginar lo de Internet que ni lo metieron en el texto, de tal manera que cualquier d\u00eda de estos saldr\u00e1 un juez super espa\u00f1ol prohibiendo la Red de redes tras cabrearse porque le han pillado los n\u00fameros de su tarjeta y le han dejado sin dinero en la cuenta corriente. Se lo tendr\u00eda merecido, por reaccionar solo cuando el delito le duele en su bolsillo.<\/p>\n\n\n\n<p>Resumiendo, no s\u00e9 si Garc\u00eda Castell\u00f3n tendr\u00e1 m\u00e1s o menos ego que Iglesias, pero la diferencia consiste en que quienes tienen que competir con otros para ganarse el futuro necesitan conocer a los dem\u00e1s y, por ejemplo, apreciar que S\u00e1nchez podr\u00eda ser alguien capaz de recuperar el liderazgo en el PSOE tras ser expulsado por los propios. Entonces, Pablo habr\u00eda comprendido que en marzo de 2016 sus 71 esca\u00f1os eran de oro ante los solo 90 de S\u00e1nchez, con toda una legislatura por delante. Los de Junts, con diez veces menos de poder parlamentario, est\u00e1n consiguiendo diez veces m\u00e1s, o m\u00e1s.<\/p>\n\n\n\n<p>En cambio, el juez perseguidor de rojos verdaderos e independentistas sin miedo, desde su posici\u00f3n invulnerable no tiene la menor necesidad de conocer a nadie. Como no es ning\u00fan idiota, sabe perfectamente que son impagables los beneficios que sus acciones unilaterales reportan al PP y al PSOE, o viceversa, aunque una tal Ribera y vicepresidenta pueda molestar un d\u00eda diciendo lo que piensa.<\/p>\n\n\n\n<p>Y lo de qu\u00e9 terminar\u00e1 pasando con la amnist\u00eda, ya lo publicar\u00e1n las noticias.<\/p>\n","protected":false},"excerpt":{"rendered":"<p>Tengo las yemas de los dedos llenas de minutos tecleando diferentes versiones del rayo cegador que llev\u00f3 a Pablo Iglesias a albergar expectativas sin fundamento tras las elecciones del 20D de 2015, un fen\u00f3meno que se sum\u00f3 al seguidismo practicado entonces por muchos que ahora no recuerdan haberlo conocido, pero s\u00ed votaron a sus \u00f3rdenes [&hellip;]<\/p>\n","protected":false},"author":2,"featured_media":3337,"comment_status":"closed","ping_status":"open","sticky":false,"template":"","format":"standard","meta":{"footnotes":""},"categories":[139],"tags":[],"class_list":{"0":"post-7031","1":"post","2":"type-post","3":"status-publish","4":"format-standard","5":"has-post-thumbnail","7":"category-opinio"},"_links":{"self":[{"href":"https:\/\/www.areabesos.com\/diario\/wp-json\/wp\/v2\/posts\/7031","targetHints":{"allow":["GET"]}}],"collection":[{"href":"https:\/\/www.areabesos.com\/diario\/wp-json\/wp\/v2\/posts"}],"about":[{"href":"https:\/\/www.areabesos.com\/diario\/wp-json\/wp\/v2\/types\/post"}],"author":[{"embeddable":true,"href":"https:\/\/www.areabesos.com\/diario\/wp-json\/wp\/v2\/users\/2"}],"replies":[{"embeddable":true,"href":"https:\/\/www.areabesos.com\/diario\/wp-json\/wp\/v2\/comments?post=7031"}],"version-history":[{"count":1,"href":"https:\/\/www.areabesos.com\/diario\/wp-json\/wp\/v2\/posts\/7031\/revisions"}],"predecessor-version":[{"id":7032,"href":"https:\/\/www.areabesos.com\/diario\/wp-json\/wp\/v2\/posts\/7031\/revisions\/7032"}],"wp:featuredmedia":[{"embeddable":true,"href":"https:\/\/www.areabesos.com\/diario\/wp-json\/wp\/v2\/media\/3337"}],"wp:attachment":[{"href":"https:\/\/www.areabesos.com\/diario\/wp-json\/wp\/v2\/media?parent=7031"}],"wp:term":[{"taxonomy":"category","embeddable":true,"href":"https:\/\/www.areabesos.com\/diario\/wp-json\/wp\/v2\/categories?post=7031"},{"taxonomy":"post_tag","embeddable":true,"href":"https:\/\/www.areabesos.com\/diario\/wp-json\/wp\/v2\/tags?post=7031"}],"curies":[{"name":"wp","href":"https:\/\/api.w.org\/{rel}","templated":true}]}}