{"id":7023,"date":"2024-01-26T13:37:12","date_gmt":"2024-01-26T12:37:12","guid":{"rendered":"https:\/\/www.areabesos.com\/diario\/?p=7023"},"modified":"2024-01-26T13:37:13","modified_gmt":"2024-01-26T12:37:13","slug":"obren-les-inscripcions-per-la-7a-cursa-popular-per-lela-que-es-disputara-el-12-de-maig","status":"publish","type":"post","link":"https:\/\/www.areabesos.com\/diario\/obren-les-inscripcions-per-la-7a-cursa-popular-per-lela-que-es-disputara-el-12-de-maig\/","title":{"rendered":"Obren les inscripcions per la 7a Cursa Popular per l&#8217;ELA que es disputar\u00e0 el 12 de maig"},"content":{"rendered":"\n<p>L&#8217;Ajuntament de Sant Adri\u00e0 de Bes\u00f2s conjuntament amb La Sansi organitzaran el pr\u00f2xim 12 de maig la 7a cursa popular Sant Adri\u00e0 per l\u2019ELA.&nbsp;<\/p>\n\n\n\n<p>Es tracta d&#8217;una cursa popular de 5 km, a m\u00e9s a m\u00e9s d&#8217;una caminada de 3 km, amb un objectiu totalment solidari, la lluita contra l&#8217;ELA, essent un referent a tota Catalunya. La sortida, que se situar\u00e0 a la Pla\u00e7a de la Vila, just davant de l&#8217;Ajuntament, tindr\u00e0 lloc a les 9.30 h.<\/p>\n\n\n\n<p>Part de la recaptaci\u00f3 de les inscripcions anir\u00e0 destinada a la Fundaci\u00f3 Miquel Valls i RedELA.<\/p>\n\n\n\n<p>Es faran diferents accions ben\u00e8fiques per recaptar el m\u00e0xim possible, tamb\u00e9 es poden fer donacions a trav\u00e9s de la p\u00e0gina web de la cursa&nbsp;<a href=\"http:\/\/www.cursasantadria.com\/\"><\/a><a href=\"http:\/\/www.cursasantadria.com\/\">www.cursasantadria.com<\/a>. Un dels objectius d&#8217;enguany \u00e9s millorar el r\u00e8cord de 1.400 inscrits.<\/p>\n\n\n\n<p>La cursa adaptada i les curses infantils comen\u00e7aran a partir de les 10.20 h<\/p>\n\n\n\n<p><a href=\"https:\/\/www.lasansi.com\/ca\/sant-adria-de-besos\" target=\"_blank\" rel=\"noreferrer noopener\">Inscripcions<\/a><\/p>\n","protected":false},"excerpt":{"rendered":"<p>L&#8217;Ajuntament de Sant Adri\u00e0 de Bes\u00f2s conjuntament amb La Sansi organitzaran el pr\u00f2xim 12 de maig la 7a cursa popular Sant Adri\u00e0 per l\u2019ELA.&nbsp; Es tracta d&#8217;una cursa popular de 5 km, a m\u00e9s a m\u00e9s d&#8217;una caminada de 3 km, amb un objectiu totalment solidari, la lluita contra l&#8217;ELA, essent un referent a tota [&hellip;]<\/p>\n","protected":false},"author":2,"featured_media":7024,"comment_status":"closed","ping_status":"open","sticky":false,"template":"","format":"standard","meta":{"footnotes":""},"categories":[137],"tags":[],"class_list":{"0":"post-7023","1":"post","2":"type-post","3":"status-publish","4":"format-standard","5":"has-post-thumbnail","7":"category-esports"},"_links":{"self":[{"href":"https:\/\/www.areabesos.com\/diario\/wp-json\/wp\/v2\/posts\/7023","targetHints":{"allow":["GET"]}}],"collection":[{"href":"https:\/\/www.areabesos.com\/diario\/wp-json\/wp\/v2\/posts"}],"about":[{"href":"https:\/\/www.areabesos.com\/diario\/wp-json\/wp\/v2\/types\/post"}],"author":[{"embeddable":true,"href":"https:\/\/www.areabesos.com\/diario\/wp-json\/wp\/v2\/users\/2"}],"replies":[{"embeddable":true,"href":"https:\/\/www.areabesos.com\/diario\/wp-json\/wp\/v2\/comments?post=7023"}],"version-history":[{"count":1,"href":"https:\/\/www.areabesos.com\/diario\/wp-json\/wp\/v2\/posts\/7023\/revisions"}],"predecessor-version":[{"id":7025,"href":"https:\/\/www.areabesos.com\/diario\/wp-json\/wp\/v2\/posts\/7023\/revisions\/7025"}],"wp:featuredmedia":[{"embeddable":true,"href":"https:\/\/www.areabesos.com\/diario\/wp-json\/wp\/v2\/media\/7024"}],"wp:attachment":[{"href":"https:\/\/www.areabesos.com\/diario\/wp-json\/wp\/v2\/media?parent=7023"}],"wp:term":[{"taxonomy":"category","embeddable":true,"href":"https:\/\/www.areabesos.com\/diario\/wp-json\/wp\/v2\/categories?post=7023"},{"taxonomy":"post_tag","embeddable":true,"href":"https:\/\/www.areabesos.com\/diario\/wp-json\/wp\/v2\/tags?post=7023"}],"curies":[{"name":"wp","href":"https:\/\/api.w.org\/{rel}","templated":true}]}}