{"id":6885,"date":"2023-11-30T10:22:31","date_gmt":"2023-11-30T09:22:31","guid":{"rendered":"https:\/\/www.areabesos.com\/diario\/?p=6885"},"modified":"2023-11-30T10:22:32","modified_gmt":"2023-11-30T09:22:32","slug":"el-tsjc-admet-a-tramit-el-recurs-de-lentesa-per-a-un-gran-parc-litoral-al-besos","status":"publish","type":"post","link":"https:\/\/www.areabesos.com\/diario\/el-tsjc-admet-a-tramit-el-recurs-de-lentesa-per-a-un-gran-parc-litoral-al-besos\/","title":{"rendered":"El TSJC admet a tr\u00e0mit el recurs de l&#8217;Entesa per a un Gran Parc Litoral al Bes\u00f2s"},"content":{"rendered":"\n<p>Aquest dimecres, el Tribunal Superior de Just\u00edcia de Catalunya (TSJC) ha notificat a l&#8217;Entesa per a un Gran Parc Litoral al Bes\u00f2s que ha adm\u00e8s a tr\u00e0mit el recurs contenci\u00f3s administratiu presentat el passat mes de maig, amb el que l&#8217;Entesa pret\u00e9n que es declari nul del Pla Director Urban\u00edstic de les Tres Xemeneies.<br>La bona not\u00edcia arriba en l&#8217;\u00faltima setmana de la campanya de micromecenatge #Goteo3X, que ja ha recaptat m\u00e9s de 12.000\u20ac d&#8217;un total de 15.000\u20ac que cal per recaptar. Aquest divendres 1 de desembre, l&#8217;Entesa ha convocat a totes les persones que han aportat al Goteo a celebrar aquesta not\u00edcia (i tot el proc\u00e9s de lluita), a les 19h a l&#8217;Ateneu Adrianenc de Sant Adri\u00e0 del Bes\u00f2s.<br>Aix\u00ed, l&#8217;Entesa dona per encetada la via judicial contra la Generalitat, Endesa i el Banco Santander i anima a tots els ve\u00efns i ve\u00efnes de Badalona a seguir aportant al Goteo per salvar el litoral de les Tres Xemeneies.<\/p>\n","protected":false},"excerpt":{"rendered":"<p>Aquest dimecres, el Tribunal Superior de Just\u00edcia de Catalunya (TSJC) ha notificat a l&#8217;Entesa per a un Gran Parc Litoral al Bes\u00f2s que ha adm\u00e8s a tr\u00e0mit el recurs contenci\u00f3s administratiu presentat el passat mes de maig, amb el que l&#8217;Entesa pret\u00e9n que es declari nul del Pla Director Urban\u00edstic de les Tres Xemeneies.La bona [&hellip;]<\/p>\n","protected":false},"author":2,"featured_media":6886,"comment_status":"closed","ping_status":"open","sticky":false,"template":"","format":"standard","meta":{"footnotes":""},"categories":[134,135],"tags":[],"class_list":{"0":"post-6885","1":"post","2":"type-post","3":"status-publish","4":"format-standard","5":"has-post-thumbnail","7":"category-actualitat","8":"category-societat"},"_links":{"self":[{"href":"https:\/\/www.areabesos.com\/diario\/wp-json\/wp\/v2\/posts\/6885","targetHints":{"allow":["GET"]}}],"collection":[{"href":"https:\/\/www.areabesos.com\/diario\/wp-json\/wp\/v2\/posts"}],"about":[{"href":"https:\/\/www.areabesos.com\/diario\/wp-json\/wp\/v2\/types\/post"}],"author":[{"embeddable":true,"href":"https:\/\/www.areabesos.com\/diario\/wp-json\/wp\/v2\/users\/2"}],"replies":[{"embeddable":true,"href":"https:\/\/www.areabesos.com\/diario\/wp-json\/wp\/v2\/comments?post=6885"}],"version-history":[{"count":1,"href":"https:\/\/www.areabesos.com\/diario\/wp-json\/wp\/v2\/posts\/6885\/revisions"}],"predecessor-version":[{"id":6887,"href":"https:\/\/www.areabesos.com\/diario\/wp-json\/wp\/v2\/posts\/6885\/revisions\/6887"}],"wp:featuredmedia":[{"embeddable":true,"href":"https:\/\/www.areabesos.com\/diario\/wp-json\/wp\/v2\/media\/6886"}],"wp:attachment":[{"href":"https:\/\/www.areabesos.com\/diario\/wp-json\/wp\/v2\/media?parent=6885"}],"wp:term":[{"taxonomy":"category","embeddable":true,"href":"https:\/\/www.areabesos.com\/diario\/wp-json\/wp\/v2\/categories?post=6885"},{"taxonomy":"post_tag","embeddable":true,"href":"https:\/\/www.areabesos.com\/diario\/wp-json\/wp\/v2\/tags?post=6885"}],"curies":[{"name":"wp","href":"https:\/\/api.w.org\/{rel}","templated":true}]}}