{"id":6877,"date":"2023-11-29T11:11:43","date_gmt":"2023-11-29T10:11:43","guid":{"rendered":"https:\/\/www.areabesos.com\/diario\/?p=6877"},"modified":"2023-11-29T11:11:44","modified_gmt":"2023-11-29T10:11:44","slug":"detenen-la-dona-ferida-a-un-pis-del-carrer-bogatell-per-assassinar-presumptament-la-seva-parella","status":"publish","type":"post","link":"https:\/\/www.areabesos.com\/diario\/detenen-la-dona-ferida-a-un-pis-del-carrer-bogatell-per-assassinar-presumptament-la-seva-parella\/","title":{"rendered":"Detenen la dona ferida a un pis del carrer Bogatell per assassinar presumptament la seva parella"},"content":{"rendered":"\n<p>Agents de la Policia de la Generalitat &#8211; Mossos d&#8217;Esquadra de la DIC de la Regi\u00f3 Policial Metropolitana Nord han detingut a Badalona una dona de 26 anys en relaci\u00f3 amb la mort violenta d\u2019un home a Sant Adri\u00e0 de Bes\u00f2s el passat 16 de novembre.<\/p>\n\n\n\n<p>Aquell dia, pels volts de les 14:00 h els agents van rebre un av\u00eds en el que s\u2019informava que en un domicili de Sant Adri\u00e0 de Bes\u00f2s hi havia un home mort i una dona ferida.<\/p>\n\n\n\n<p>La DIC de la Regi\u00f3 Policial Metropolitana Nord es va fer c\u00e0rrec de la investigaci\u00f3 per tal d\u2019esclarir els fets.<\/p>\n\n\n\n<p>Les gestions que es van fer des del primer moment han comportat la detenci\u00f3 de la dona que es trobava a la casa amb la v\u00edctima. Els investigadors van detenir-la el dilluns 27 de novembre i avui ha passat a disposici\u00f3 judicial.<\/p>\n","protected":false},"excerpt":{"rendered":"<p>Agents de la Policia de la Generalitat &#8211; Mossos d&#8217;Esquadra de la DIC de la Regi\u00f3 Policial Metropolitana Nord han detingut a Badalona una dona de 26 anys en relaci\u00f3 amb la mort violenta d\u2019un home a Sant Adri\u00e0 de Bes\u00f2s el passat 16 de novembre. Aquell dia, pels volts de les 14:00 h els [&hellip;]<\/p>\n","protected":false},"author":2,"featured_media":1531,"comment_status":"closed","ping_status":"open","sticky":false,"template":"","format":"standard","meta":{"footnotes":""},"categories":[134],"tags":[],"class_list":{"0":"post-6877","1":"post","2":"type-post","3":"status-publish","4":"format-standard","5":"has-post-thumbnail","7":"category-actualitat"},"_links":{"self":[{"href":"https:\/\/www.areabesos.com\/diario\/wp-json\/wp\/v2\/posts\/6877","targetHints":{"allow":["GET"]}}],"collection":[{"href":"https:\/\/www.areabesos.com\/diario\/wp-json\/wp\/v2\/posts"}],"about":[{"href":"https:\/\/www.areabesos.com\/diario\/wp-json\/wp\/v2\/types\/post"}],"author":[{"embeddable":true,"href":"https:\/\/www.areabesos.com\/diario\/wp-json\/wp\/v2\/users\/2"}],"replies":[{"embeddable":true,"href":"https:\/\/www.areabesos.com\/diario\/wp-json\/wp\/v2\/comments?post=6877"}],"version-history":[{"count":1,"href":"https:\/\/www.areabesos.com\/diario\/wp-json\/wp\/v2\/posts\/6877\/revisions"}],"predecessor-version":[{"id":6878,"href":"https:\/\/www.areabesos.com\/diario\/wp-json\/wp\/v2\/posts\/6877\/revisions\/6878"}],"wp:featuredmedia":[{"embeddable":true,"href":"https:\/\/www.areabesos.com\/diario\/wp-json\/wp\/v2\/media\/1531"}],"wp:attachment":[{"href":"https:\/\/www.areabesos.com\/diario\/wp-json\/wp\/v2\/media?parent=6877"}],"wp:term":[{"taxonomy":"category","embeddable":true,"href":"https:\/\/www.areabesos.com\/diario\/wp-json\/wp\/v2\/categories?post=6877"},{"taxonomy":"post_tag","embeddable":true,"href":"https:\/\/www.areabesos.com\/diario\/wp-json\/wp\/v2\/tags?post=6877"}],"curies":[{"name":"wp","href":"https:\/\/api.w.org\/{rel}","templated":true}]}}