{"id":6846,"date":"2023-11-22T11:20:45","date_gmt":"2023-11-22T10:20:45","guid":{"rendered":"https:\/\/www.areabesos.com\/diario\/?p=6846"},"modified":"2023-11-22T11:20:45","modified_gmt":"2023-11-22T10:20:45","slug":"un-nou-reglament-pel-consell-de-medi-ambient","status":"publish","type":"post","link":"https:\/\/www.areabesos.com\/diario\/un-nou-reglament-pel-consell-de-medi-ambient\/","title":{"rendered":"Un nou Reglament pel Consell de Medi Ambient"},"content":{"rendered":"\n<p>El Consell Municipal de Medi Ambient, \u00e9s un \u00f2rgan&nbsp;de participaci\u00f3 ciutadana que treballa amb l\u2019Ajuntament&nbsp;tractant&nbsp;temes relacionats amb aquest&nbsp;sector.&nbsp;Amb l&#8217;aprovaci\u00f3 del Reglament de Participaci\u00f3 Ciutadana,&nbsp;l&#8217;adequaci\u00f3&nbsp;del reglament&nbsp;d&#8217;aquest&nbsp;Consell&nbsp;es presenta com una oportunitat&nbsp;per&nbsp;incorporar canvis&nbsp;que facilitin&nbsp;i agilitzin&nbsp;la feina,&nbsp;aclarir&nbsp;les&nbsp;seves&nbsp;funcions i&nbsp;simplificar&nbsp;el seu funcionament.<\/p>\n\n\n\n<p>A part de&nbsp;reordenar&nbsp;les persones que poden ser membres, el reglament incorpora la possibilitat de crear&nbsp;grups de treball&nbsp;que fixin&nbsp;l\u2019atenci\u00f3 en \u00e0mbits&nbsp;ambientals concrets.&nbsp;La finalitat d\u2019aquesta&nbsp;nova forma de funcionament \u00e9s fugir de&nbsp;f\u00f3rmules&nbsp;merament informatives i convertir el Consell en un \u00f2rgan de treball&nbsp;m\u00e9s \u00e0gil,&nbsp;propositiu i coresponsable amb les propostes i les accions de sensibilitzaci\u00f3, sempre dins de les compet\u00e8ncies atribu\u00efdes a&nbsp;l\u2019Ajuntament en&nbsp;mat\u00e8ria de medi ambient.<\/p>\n\n\n\n<p>Tamb\u00e9&nbsp;es cerca&nbsp;incorporar al seu funcionament eines digitals, com la Plataforma Decidim per Sant Adri\u00e0,&nbsp;guanyant&nbsp;m\u00e9s transpar\u00e8ncia&nbsp;per la ciutadania.<\/p>\n\n\n\n<p>Abans de la redacci\u00f3&nbsp;de l\u2019esborrany&nbsp;de reglament, ja es va realitzar una consulta p\u00fablica&nbsp;pr\u00e8via&nbsp;i es va demanar opini\u00f3&nbsp;al&nbsp;propi Consell de Medi Ambient.<\/p>\n\n\n\n<p>Un cop redactat&nbsp;<a href=\"https:\/\/participa311-santadria.diba.cat\/rails\/active_storage\/disk\/eyJfcmFpbHMiOnsibWVzc2FnZSI6IkJBaDdDRG9JYTJWNVNTSWhZbk0xT1hZeWVtczJOV2x0YnpRNGJXNTFiemMzZWpONE5UVjBjZ1k2QmtWVU9oQmthWE53YjNOcGRHbHZia2tpQVlacGJteHBibVU3SUdacGJHVnVZVzFsUFNKU1pXZHNZVzFsYm5SZlEyOXVjMlZzYkUxbFpHbEJiV0pwWlc1MFgyNXZkbVZ0WW5KbFh6SXdNak5XTWk1d1pHWWlPeUJtYVd4bGJtRnRaU285VlZSR0xUZ25KMUpsWjJ4aGJXVnVkRjlEYjI1elpXeHNUV1ZrYVVGdFltbGxiblJmYm05MlpXMWljbVZmTWpBeU0xWXlMbkJrWmdZN0JsUTZFV052Ym5SbGJuUmZkSGx3WlVraUZHRndjR3hwWTJGMGFXOXVMM0JrWmdZN0JsUT0iLCJleHAiOiIyMDIzLTExLTIwVDA5OjA1OjU1LjIzMFoiLCJwdXIiOiJibG9iX2tleSJ9fQ==--62677a04dc1ef5a7040e4892e2e2c24b42866033\/Reglament_ConsellMediAmbient_novembre_2023V2.pdf?content_type=application%2Fpdf&amp;disposition=inline%3B+filename%3D%22Reglament_ConsellMediAmbient_novembre_2023V2.pdf%22%3B+filename%2A%3DUTF-8%27%27Reglament_ConsellMediAmbient_novembre_2023V2.pdf\">l\u2019esborrany<\/a>,&nbsp;es&nbsp;vol posar&nbsp;tamb\u00e9&nbsp;a l\u2019abast de la ciutadania i&nbsp;d\u2019altres entitats amb la voluntat de recollir propostes i suggeriments. Les propostes&nbsp;es recolliran fins el dia 26 de novembre&nbsp;mitjan\u00e7ant una inst\u00e0ncia gen\u00e8rica adre\u00e7ada al Consell de Medi Ambient o enviant un correu electr\u00f2nic a&nbsp;<a href=\"mailto:cmambient@sant-adria.net\">cmambient@sant-adria.net<\/a>,&nbsp;tot&nbsp;indicant el nom o entitat proposant i els mitjans de contacte.<\/p>\n","protected":false},"excerpt":{"rendered":"<p>El Consell Municipal de Medi Ambient, \u00e9s un \u00f2rgan&nbsp;de participaci\u00f3 ciutadana que treballa amb l\u2019Ajuntament&nbsp;tractant&nbsp;temes relacionats amb aquest&nbsp;sector.&nbsp;Amb l&#8217;aprovaci\u00f3 del Reglament de Participaci\u00f3 Ciutadana,&nbsp;l&#8217;adequaci\u00f3&nbsp;del reglament&nbsp;d&#8217;aquest&nbsp;Consell&nbsp;es presenta com una oportunitat&nbsp;per&nbsp;incorporar canvis&nbsp;que facilitin&nbsp;i agilitzin&nbsp;la feina,&nbsp;aclarir&nbsp;les&nbsp;seves&nbsp;funcions i&nbsp;simplificar&nbsp;el seu funcionament. A part de&nbsp;reordenar&nbsp;les persones que poden ser membres, el reglament incorpora la possibilitat de crear&nbsp;grups de treball&nbsp;que fixin&nbsp;l\u2019atenci\u00f3 en [&hellip;]<\/p>\n","protected":false},"author":2,"featured_media":6847,"comment_status":"closed","ping_status":"open","sticky":false,"template":"","format":"standard","meta":{"footnotes":""},"categories":[134,135],"tags":[],"class_list":{"0":"post-6846","1":"post","2":"type-post","3":"status-publish","4":"format-standard","5":"has-post-thumbnail","7":"category-actualitat","8":"category-societat"},"_links":{"self":[{"href":"https:\/\/www.areabesos.com\/diario\/wp-json\/wp\/v2\/posts\/6846","targetHints":{"allow":["GET"]}}],"collection":[{"href":"https:\/\/www.areabesos.com\/diario\/wp-json\/wp\/v2\/posts"}],"about":[{"href":"https:\/\/www.areabesos.com\/diario\/wp-json\/wp\/v2\/types\/post"}],"author":[{"embeddable":true,"href":"https:\/\/www.areabesos.com\/diario\/wp-json\/wp\/v2\/users\/2"}],"replies":[{"embeddable":true,"href":"https:\/\/www.areabesos.com\/diario\/wp-json\/wp\/v2\/comments?post=6846"}],"version-history":[{"count":1,"href":"https:\/\/www.areabesos.com\/diario\/wp-json\/wp\/v2\/posts\/6846\/revisions"}],"predecessor-version":[{"id":6848,"href":"https:\/\/www.areabesos.com\/diario\/wp-json\/wp\/v2\/posts\/6846\/revisions\/6848"}],"wp:featuredmedia":[{"embeddable":true,"href":"https:\/\/www.areabesos.com\/diario\/wp-json\/wp\/v2\/media\/6847"}],"wp:attachment":[{"href":"https:\/\/www.areabesos.com\/diario\/wp-json\/wp\/v2\/media?parent=6846"}],"wp:term":[{"taxonomy":"category","embeddable":true,"href":"https:\/\/www.areabesos.com\/diario\/wp-json\/wp\/v2\/categories?post=6846"},{"taxonomy":"post_tag","embeddable":true,"href":"https:\/\/www.areabesos.com\/diario\/wp-json\/wp\/v2\/tags?post=6846"}],"curies":[{"name":"wp","href":"https:\/\/api.w.org\/{rel}","templated":true}]}}