{"id":6840,"date":"2023-11-22T11:12:06","date_gmt":"2023-11-22T10:12:06","guid":{"rendered":"https:\/\/www.areabesos.com\/diario\/?p=6840"},"modified":"2023-11-22T11:12:06","modified_gmt":"2023-11-22T10:12:06","slug":"xerrada-sobre-fotografia-participativa","status":"publish","type":"post","link":"https:\/\/www.areabesos.com\/diario\/xerrada-sobre-fotografia-participativa\/","title":{"rendered":"Xerrada sobre fotografia participativa"},"content":{"rendered":"\n<p>Entre 1985 i 1990&nbsp;<strong>l\u2019Escola Jara del barri de La Mina<\/strong>&nbsp;va oferir un taller de fotografia impulsat pel mestre Jos\u00e9 Maria Escalona. El taller consistia en donar una c\u00e0mera fotogr\u00e0fica a l\u2019alumnat i animar-los a retratar el seu entorn m\u00e9s immediat com a forma d\u2019analitzar-lo i identificar-s\u2019hi.<\/p>\n\n\n\n<p>El resultat material d\u2019aquest projecte va ser un fons de gaireb\u00e9 un miler de fotografies que es conserven actualment a l\u2019Arxiu Municipal. Es tracta d\u2019imatges que ofereixen un retrat del municipi en un moment determinat per\u00f2 que tamb\u00e9 expliquen com veien el seu entorn aquells infants i joves.<\/p>\n\n\n\n<p>Per aquest motiu el taller de fotografia de l\u2019Escola Jara&nbsp;<strong>es considera un referent en l\u2019\u00e0mbit de la fo<\/strong><strong>tografia participativa<\/strong>, que consisteix en utilitzar aquest art per reflexionar sobre la realitat social i cultural que ens envolta.<\/p>\n\n\n\n<p>L\u2019antrop\u00f2leg Sergi Conesa de&nbsp;<a href=\"https:\/\/www.larafega.com\/\" target=\"_blank\" rel=\"noreferrer noopener\">l\u2019associaci\u00f3 La R\u00e0fega<\/a>, dedicada justament a la fotografia participativa, revisar\u00e0 aquesta experi\u00e8ncia pionera en una xerrada que tindr\u00e0 lloc a l\u2019Arxiu Municipal el 28 de novembre a les 19h.<\/p>\n","protected":false},"excerpt":{"rendered":"<p>Entre 1985 i 1990&nbsp;l\u2019Escola Jara del barri de La Mina&nbsp;va oferir un taller de fotografia impulsat pel mestre Jos\u00e9 Maria Escalona. El taller consistia en donar una c\u00e0mera fotogr\u00e0fica a l\u2019alumnat i animar-los a retratar el seu entorn m\u00e9s immediat com a forma d\u2019analitzar-lo i identificar-s\u2019hi. El resultat material d\u2019aquest projecte va ser un fons [&hellip;]<\/p>\n","protected":false},"author":2,"featured_media":6841,"comment_status":"closed","ping_status":"open","sticky":false,"template":"","format":"standard","meta":{"footnotes":""},"categories":[134,135],"tags":[],"class_list":{"0":"post-6840","1":"post","2":"type-post","3":"status-publish","4":"format-standard","5":"has-post-thumbnail","7":"category-actualitat","8":"category-societat"},"_links":{"self":[{"href":"https:\/\/www.areabesos.com\/diario\/wp-json\/wp\/v2\/posts\/6840","targetHints":{"allow":["GET"]}}],"collection":[{"href":"https:\/\/www.areabesos.com\/diario\/wp-json\/wp\/v2\/posts"}],"about":[{"href":"https:\/\/www.areabesos.com\/diario\/wp-json\/wp\/v2\/types\/post"}],"author":[{"embeddable":true,"href":"https:\/\/www.areabesos.com\/diario\/wp-json\/wp\/v2\/users\/2"}],"replies":[{"embeddable":true,"href":"https:\/\/www.areabesos.com\/diario\/wp-json\/wp\/v2\/comments?post=6840"}],"version-history":[{"count":1,"href":"https:\/\/www.areabesos.com\/diario\/wp-json\/wp\/v2\/posts\/6840\/revisions"}],"predecessor-version":[{"id":6842,"href":"https:\/\/www.areabesos.com\/diario\/wp-json\/wp\/v2\/posts\/6840\/revisions\/6842"}],"wp:featuredmedia":[{"embeddable":true,"href":"https:\/\/www.areabesos.com\/diario\/wp-json\/wp\/v2\/media\/6841"}],"wp:attachment":[{"href":"https:\/\/www.areabesos.com\/diario\/wp-json\/wp\/v2\/media?parent=6840"}],"wp:term":[{"taxonomy":"category","embeddable":true,"href":"https:\/\/www.areabesos.com\/diario\/wp-json\/wp\/v2\/categories?post=6840"},{"taxonomy":"post_tag","embeddable":true,"href":"https:\/\/www.areabesos.com\/diario\/wp-json\/wp\/v2\/tags?post=6840"}],"curies":[{"name":"wp","href":"https:\/\/api.w.org\/{rel}","templated":true}]}}