{"id":6768,"date":"2023-10-27T10:36:08","date_gmt":"2023-10-27T08:36:08","guid":{"rendered":"https:\/\/www.areabesos.com\/diario\/?p=6768"},"modified":"2023-10-27T10:36:09","modified_gmt":"2023-10-27T08:36:09","slug":"carta-a-junqueras-y-puigdemont-y-aragones","status":"publish","type":"post","link":"https:\/\/www.areabesos.com\/diario\/carta-a-junqueras-y-puigdemont-y-aragones\/","title":{"rendered":"Carta a Junqueras y Puigdemont y Aragon\u00e9s"},"content":{"rendered":"\n<p>Parece ser que son los \u00fanicos pol\u00edticos que est\u00e1n (muertos) pol\u00edticamente. Durante el tiempo que han gobernado en Catalu\u00f1a, no ha mejorado nada.<\/p>\n\n\n\n<p>En estas \u00faltimas elecciones se ha demostrado que no pintan nada. Tienen que pensar que los \u00fanicos que deben decidir lo que quieren que sea Catalu\u00f1a son los catalanes.<\/p>\n\n\n\n<p>Ustedes han de decidir si quieren nuevas elecciones o que los que los est\u00e1n gobernando en la actualidad sigan con el proceso, para poder llegar a soluciones que mejoren las oportunidades para Catalu\u00f1a.<\/p>\n\n\n\n<p>En estos momentos parece que ustedes aprovechando los pocos votos que tienen y son necesarios , quieren pedir una serie de peticiones muy dif\u00edciles de aceptar y han tomado la decisi\u00f3n \u2026..por lo que me queda en el convento ,me cago dentro.<\/p>\n\n\n\n<p>Hay una cosa muy clara ,hace a\u00f1os el Sr. Junqueras en unas visitas a familias andaluzas ,le preguntaron \u2026. si usted supiera que la independencia de Catalu\u00f1a no fuera buena para Catalu\u00f1a ,la seguir\u00eda pidiendo ?que har\u00eda\u00bf \u00e9l se fue por los cerros de \u00dabeda y no contest\u00f3 , cosa que en todos sus discursos crean ambig\u00fcedades y repeticiones ,ya nos tiene acostumbrados.<\/p>\n\n\n\n<p>El sr. Puigdemont acusa a Espa\u00f1a de \u201catacar\u201d a Catalu\u00f1a desde 1914 y reclama la secesi\u00f3n desde 1714 \u201ccomo naci\u00f3n \u201c todo esto lo reclaman los nacionalistas catalanes ,no olvidemos la amnist\u00eda. Parece que ha olvidado lo que en la actualidad piden los catalanes.<\/p>\n\n\n\n<p>Por \u00faltimo el presidente Aragon\u00e9s se propone lograr en el 2023 ,un gran acuerdo en Catalu\u00f1a y que se vote dentro de una legalidad para resolver a donde quiere ir Catalu\u00f1a, se ve hay tres partidos pol\u00edticos minoritarios con tanto poder para cambiar las cosas en este pa\u00eds que nadie sabe como acabara el futuro de Espa\u00f1a en los pr\u00f3ximos a\u00f1os.<\/p>\n\n\n\n<p>Espero que dejen de pensar en los partidos pol\u00edticos y en intereses personales y busquen una mejor soluci\u00f3n para todos.<\/p>\n\n\n\n<p><span style=\"background-color:#0d0000\" class=\"td_text_highlight_marker\">Jos\u00e9 Meg\u00edas Verges<\/span><\/p>\n","protected":false},"excerpt":{"rendered":"<p>Parece ser que son los \u00fanicos pol\u00edticos que est\u00e1n (muertos) pol\u00edticamente. Durante el tiempo que han gobernado en Catalu\u00f1a, no ha mejorado nada. En estas \u00faltimas elecciones se ha demostrado que no pintan nada. Tienen que pensar que los \u00fanicos que deben decidir lo que quieren que sea Catalu\u00f1a son los catalanes. Ustedes han de [&hellip;]<\/p>\n","protected":false},"author":2,"featured_media":6769,"comment_status":"closed","ping_status":"open","sticky":false,"template":"","format":"standard","meta":{"footnotes":""},"categories":[139],"tags":[],"class_list":{"0":"post-6768","1":"post","2":"type-post","3":"status-publish","4":"format-standard","5":"has-post-thumbnail","7":"category-opinio"},"_links":{"self":[{"href":"https:\/\/www.areabesos.com\/diario\/wp-json\/wp\/v2\/posts\/6768","targetHints":{"allow":["GET"]}}],"collection":[{"href":"https:\/\/www.areabesos.com\/diario\/wp-json\/wp\/v2\/posts"}],"about":[{"href":"https:\/\/www.areabesos.com\/diario\/wp-json\/wp\/v2\/types\/post"}],"author":[{"embeddable":true,"href":"https:\/\/www.areabesos.com\/diario\/wp-json\/wp\/v2\/users\/2"}],"replies":[{"embeddable":true,"href":"https:\/\/www.areabesos.com\/diario\/wp-json\/wp\/v2\/comments?post=6768"}],"version-history":[{"count":1,"href":"https:\/\/www.areabesos.com\/diario\/wp-json\/wp\/v2\/posts\/6768\/revisions"}],"predecessor-version":[{"id":6770,"href":"https:\/\/www.areabesos.com\/diario\/wp-json\/wp\/v2\/posts\/6768\/revisions\/6770"}],"wp:featuredmedia":[{"embeddable":true,"href":"https:\/\/www.areabesos.com\/diario\/wp-json\/wp\/v2\/media\/6769"}],"wp:attachment":[{"href":"https:\/\/www.areabesos.com\/diario\/wp-json\/wp\/v2\/media?parent=6768"}],"wp:term":[{"taxonomy":"category","embeddable":true,"href":"https:\/\/www.areabesos.com\/diario\/wp-json\/wp\/v2\/categories?post=6768"},{"taxonomy":"post_tag","embeddable":true,"href":"https:\/\/www.areabesos.com\/diario\/wp-json\/wp\/v2\/tags?post=6768"}],"curies":[{"name":"wp","href":"https:\/\/api.w.org\/{rel}","templated":true}]}}