{"id":6763,"date":"2023-10-25T10:52:43","date_gmt":"2023-10-25T08:52:43","guid":{"rendered":"https:\/\/www.areabesos.com\/diario\/?p=6763"},"modified":"2023-10-25T10:52:44","modified_gmt":"2023-10-25T08:52:44","slug":"feijoo-amenaza-a-sanchez-y-reaparece-tejero","status":"publish","type":"post","link":"https:\/\/www.areabesos.com\/diario\/feijoo-amenaza-a-sanchez-y-reaparece-tejero\/","title":{"rendered":"Feijoo amenaza a S\u00e1nchez y reaparece Tejero"},"content":{"rendered":"\n<p>Resulta muy preocupante el mal perder que sigue demostrando la derecha espa\u00f1ola cuando la voluntad popular no responde a sus ofertas o cae derrotada por la izquierda, aunque sea en buena lid.<\/p>\n\n\n\n<p>1936. Yo no estaba, pero las derechas gobernantes perdieron en las urnas de febrero y no hab\u00eda pasado ni medio a\u00f1o cuando los militares, que no soportaban a los de izquierdas, comenzaron a asesinar a todo el que se opon\u00eda al golpe de Estado que prepararon el 18 de julio.<\/p>\n\n\n\n<p>1981. Cuatro d\u00e9cadas despu\u00e9s, la muerte del dictador s\u00ed que me pill\u00f3 mayor de edad, pero todav\u00eda hoy aparecen personajes como Tejero con la excusa de contarnos el mal perder de Juan Carlos I, el de la derecha atada y bien atada, que hasta organiz\u00f3 el 23F cuando comprob\u00f3 que Su\u00e1rez se le desataba, pero que en realidad ha concedido la entrevista a \u201cEl Espa\u00f1ol\u201d para anunciar que se ha querellado contra S\u00e1nchez por \u201cacciones antiespa\u00f1olas\u201d. &nbsp;<\/p>\n\n\n\n<p>\u00bfSe atrever\u00e1 S\u00e1nchez a desclasificar los documentos del 23F, aunque sea con el argumento de que una investidura m\u00e1s bien vale un secreto menos?<\/p>\n\n\n\n<p>\u00bfSe atrever\u00e1n los de Sumar, ERC y otros a exigir la desclasificaci\u00f3n, o no habr\u00e1 investidura de S\u00e1nchez?<\/p>\n\n\n\n<p>Cierro par\u00e9ntesis de interrogantes sospechando que seguir\u00e1 el teatro.<\/p>\n\n\n\n<p>1996. Desde 1982 gobernaba un PSOE que se derechiz\u00f3 tanto como para conseguir que los sindicatos convocaran la mayor huelga general que se recuerda. Lo segu\u00eda liderando Gonz\u00e1lez cuando perdi\u00f3 el gobierno aquel a\u00f1o, pero asumi\u00f3 la derrota como un relevo natural porque quienes ocuparon La Moncloa fueron otros de derechas, los del PP de Aznar.<\/p>\n\n\n\n<p>2023. Me adelanto en el calendario porque coincide el mismo Gonz\u00e1lez de 1996 pero, en cambio, igual de rabioso hoy que cualquier perdedor de la derecha tras ser derrotado sin paliativos por el Pedro S\u00e1nchez que gan\u00f3, muy contra \u00e9l y por mayor\u00eda absoluta, las primarias del PSOE de 2017.<\/p>\n\n\n\n<p>2004. La derecha espa\u00f1ola, es decir, el PP, perdi\u00f3 por sorpresa las elecciones del 14 de marzo. Su cruel mentira en un momento de shock general fue el hecho culpable y su reacci\u00f3n tras la derrota electoral tan desquiciada que, por ejemplo, en 2007 Rajoy \u201cdecret\u00f3\u201d el boicot del PP al grupo PRISA. El caso es que tuvo que estallar la crisis econ\u00f3mica mundial m\u00e1s grave que recordamos la mayor\u00eda de sus supervivientes para que el PP recuperara el Gobierno en 2011, y gracias a que un Zapatero agotado no pudo ni finalizar la legislatura.<\/p>\n\n\n\n<p>2018. A trancas y barrancas sigui\u00f3 el PP gobernando hasta que S\u00e1nchez plante\u00f3 la primera moci\u00f3n de censura triunfadora de la democracia post franquista, y todav\u00eda hay dirigentes peperos que repiten lo de que su gobierno es ileg\u00edtimo. Tan mal digirieron los del PP esa derrota parlamentaria que en el congreso del partido celebrado para sustituir a Rajoy eligieron a un tal Pablo Casado, que consigui\u00f3 los \u201cr\u00e9cords\u201d de 66 y 89 esca\u00f1os en las dos \u00fanicas elecciones generales a las que concurri\u00f3 como l\u00edder del PP.<\/p>\n\n\n\n<p>2023. Antes del d\u00eda 23 de julio los del PP se ve\u00edan ganadores tras los buenos resultados de mayo. No es necesario recordar sus excesos desde la derrota, incluidas las concentraciones convocadas en Madrid y Barcelona, pero menos gracia hace encontrar hoy, 23 de octubre, a Feijoo en las portadas diciendo que si S\u00e1nchez consigue formar gobierno \u201cno podr\u00e1 ejercer como tal desde el primer d\u00eda\u201d.<\/p>\n\n\n\n<p>\u00bfC\u00f3mo tiene previsto Feijoo impedir que S\u00e1nchez gobierne?<\/p>\n\n\n\n<p>\u00bfQuiz\u00e1s imitando a Trump, o a Bolsonaro, tras perder sus respectivas elecciones en USA y Brasil?<\/p>\n\n\n\n<p>De momento, conviene que aclare si, para amenazar, Feijoo se ha sentido animado tras escuchar dos d\u00edas antes a Felipe VI incluir en el discurso pronunciado en Oviedo, y sin que viniera a cuento, eso de que \u201cla soluci\u00f3n a los muchos problemas que tiene Espa\u00f1a solo llegar\u00e1 desde la unidad\u201d.<\/p>\n\n\n\n<p>\u00bfAcaso tiene previsto el rey imponer la \u201cunidad\u201d?<\/p>\n\n\n\n<p>Se trata de otra pregunta procedente porque Felipe VI es tambi\u00e9n un muy mal perdedor y ha de estar rabioso por la incapacidad de Feijoo para conseguir la investidura, algo en lo que se implic\u00f3 m\u00e1s all\u00e1 de lo que le obligaba la ley.<\/p>\n\n\n\n<p>Seg\u00fan las encuestas, un 43% de espa\u00f1oles opinan que Felipe VI es de derechas o de extrema derecha, frente a un 19% que lo considera de centro y menos del 9% que piensan que es de izquierdas.<\/p>\n\n\n\n<p>\u00bfRecuerda usted alguna derrota importante que la derecha espa\u00f1ola gobernante haya asumido con elegancia y respeto al adversario?<\/p>\n\n\n\n<p>No vale el extra\u00f1o final del franquismo como derrota de la derecha espa\u00f1ola hasta que no se derogue la Ley de Secretos Oficiales, franquista, por supuesto.<\/p>\n\n\n\n<p><span style=\"background-color:#0f0e0e\" class=\"td_text_highlight_marker\">Domingo Sanz<\/span><\/p>\n","protected":false},"excerpt":{"rendered":"<p>Resulta muy preocupante el mal perder que sigue demostrando la derecha espa\u00f1ola cuando la voluntad popular no responde a sus ofertas o cae derrotada por la izquierda, aunque sea en buena lid. 1936. Yo no estaba, pero las derechas gobernantes perdieron en las urnas de febrero y no hab\u00eda pasado ni medio a\u00f1o cuando los [&hellip;]<\/p>\n","protected":false},"author":2,"featured_media":1515,"comment_status":"closed","ping_status":"open","sticky":false,"template":"","format":"standard","meta":{"footnotes":""},"categories":[139],"tags":[],"class_list":{"0":"post-6763","1":"post","2":"type-post","3":"status-publish","4":"format-standard","5":"has-post-thumbnail","7":"category-opinio"},"_links":{"self":[{"href":"https:\/\/www.areabesos.com\/diario\/wp-json\/wp\/v2\/posts\/6763","targetHints":{"allow":["GET"]}}],"collection":[{"href":"https:\/\/www.areabesos.com\/diario\/wp-json\/wp\/v2\/posts"}],"about":[{"href":"https:\/\/www.areabesos.com\/diario\/wp-json\/wp\/v2\/types\/post"}],"author":[{"embeddable":true,"href":"https:\/\/www.areabesos.com\/diario\/wp-json\/wp\/v2\/users\/2"}],"replies":[{"embeddable":true,"href":"https:\/\/www.areabesos.com\/diario\/wp-json\/wp\/v2\/comments?post=6763"}],"version-history":[{"count":1,"href":"https:\/\/www.areabesos.com\/diario\/wp-json\/wp\/v2\/posts\/6763\/revisions"}],"predecessor-version":[{"id":6764,"href":"https:\/\/www.areabesos.com\/diario\/wp-json\/wp\/v2\/posts\/6763\/revisions\/6764"}],"wp:featuredmedia":[{"embeddable":true,"href":"https:\/\/www.areabesos.com\/diario\/wp-json\/wp\/v2\/media\/1515"}],"wp:attachment":[{"href":"https:\/\/www.areabesos.com\/diario\/wp-json\/wp\/v2\/media?parent=6763"}],"wp:term":[{"taxonomy":"category","embeddable":true,"href":"https:\/\/www.areabesos.com\/diario\/wp-json\/wp\/v2\/categories?post=6763"},{"taxonomy":"post_tag","embeddable":true,"href":"https:\/\/www.areabesos.com\/diario\/wp-json\/wp\/v2\/tags?post=6763"}],"curies":[{"name":"wp","href":"https:\/\/api.w.org\/{rel}","templated":true}]}}