{"id":6759,"date":"2023-10-20T10:38:32","date_gmt":"2023-10-20T08:38:32","guid":{"rendered":"https:\/\/www.areabesos.com\/diario\/?p=6759"},"modified":"2023-10-23T10:41:53","modified_gmt":"2023-10-23T08:41:53","slug":"si-a-sanchez-pero-solo-si-pedro-cambia-de-opinion","status":"publish","type":"post","link":"https:\/\/www.areabesos.com\/diario\/si-a-sanchez-pero-solo-si-pedro-cambia-de-opinion\/","title":{"rendered":"S\u00ed a S\u00e1nchez, pero s\u00f3lo si Pedro cambia de opini\u00f3n"},"content":{"rendered":"\n<p>A estas alturas se puede afirmar que S\u00e1nchez ha conseguido que pasara el tiempo suficiente como para que sea imposible aprobar la amnist\u00eda con todas las de la ley, y que s\u00ed o s\u00ed otros la van a recurrir ante los tribunales, antes de la fecha l\u00edmite para evitar la repetici\u00f3n electoral en caso de que haya diputados que sientan que el presidente en funciones se ha burlado de ellos y decidan negarle su apoyo el d\u00eda de la investidura.<\/p>\n\n\n\n<p>Por tanto, S\u00e1nchez, con la inestimable ayuda de un Feijoo que ha centrado todos los focos en una palabra que maldice pero que ha pronunciado muchas m\u00e1s veces que quien se beneficiar\u00eda de ella, est\u00e1 consiguiendo volver contra Puigdemont el \u201cprepago\u201d que le impuso para seguir en la Moncloa.<\/p>\n\n\n\n<p>Resumiendo, se trata de un duelo entre &nbsp;para determinar qui\u00e9n se arruga primero, sin descartar que los de ERC se sumen a los de Junts si no hay investidura, ni tampoco que los de Feijoo decidan conceder a S\u00e1nchez la investidura m\u00e1s envenenada de todas. A este respecto, conviene recordar que Rajoy no dur\u00f3 ni dos a\u00f1os en Moncloa tras conseguir que los socialistas que expulsaron a S\u00e1nchez de Ferraz no votaran en contra de su investidura.<\/p>\n\n\n\n<p>Y de no ser elegido presidente estar\u00edamos, para gozo de S\u00e1nchez, ante la campa\u00f1a electoral m\u00e1s presidencialista de todas, pues \u00e9l se presentar\u00eda como v\u00edctima solidaria con millones de personas obligadas a repetir votaci\u00f3n, porque los dem\u00e1s no se fiaron de que har\u00eda algo para lo que, cuando lo propusieron, no hab\u00eda tiempo de dejarlo bien hecho, aunque \u00e9l no dijo que no desde el principio.<\/p>\n\n\n\n<p>Acto seguido inundar\u00eda la nueva campa\u00f1a con las promesas que cumpli\u00f3 desde que derrot\u00f3 a Rajoy en 2018 y que podr\u00eda aderezar con las incumplidas por todos los dem\u00e1s, desde Feijoo hasta los Junqueras y Puigdemont, pues nadie es perfecto y una adecuada selecci\u00f3n de contenidos siempre ayuda a sacar los defectos de los adversarios.<\/p>\n\n\n\n<p>Estaba pensando en estas cosas cuando, de repente, apareci\u00f3 el expresidente Zapatero diciendo lo de que \u201csi hay que cambiar de opini\u00f3n, se cambia\u201d, y acto seguido me puse a pensar en que una cosa son las opiniones y otra las decisiones.<\/p>\n\n\n\n<p>Por ejemplo, el d\u00eda 1 de octubre de 2017 Pedro debi\u00f3 escandalizarse tanto al ver por la tele la violencia ejercida por las fuerzas represivas del Reino de Espa\u00f1a contra los pac\u00edficos votantes catalanes que orden\u00f3 a su fiel Margarita Robles anunciar una recusaci\u00f3n parlamentaria contra la vicepresidenta Soraya S\u00e1enz de Santamar\u00eda.<\/p>\n\n\n\n<p>Pero poco despu\u00e9s se supo que la anunciada propuesta de recusaci\u00f3n nunca se presentar\u00eda.<\/p>\n\n\n\n<p>Aquello s\u00ed que fue un cambio de opini\u00f3n, y muy relevante, pues no recuerdo que diera explicaciones, y todo son especulaciones sobre si fue por el discurso de Felipe VI del 3 de octubre, pues no puedes salir valorando positivamente ese discurso y, al mismo tiempo, criticar lo que el discurso no ha criticado. Otros dicen que recibi\u00f3 presiones de barones y otros dirigentes del PSOE. Probablemente hubo de ambas cosas.<\/p>\n\n\n\n<p>En cambio, lo de la amnist\u00eda no es un cambio de opini\u00f3n. Simplemente no ha ganado las elecciones por mayor\u00eda absoluta y necesita votos para conseguir la presidencia.<\/p>\n\n\n\n<p>Ante esta tesitura, si yo fuera Puigdemont o Junqueras, o ambos al mismo tiempo, le dar\u00eda la vuelta a la dif\u00edcil coyuntura en la que S\u00e1nchez les ha sabido colocar mientras se limitaba a mirar el reloj entre viaje y viaje para ir resolviendo los problemas del mundo desde la presidencia de turno, y m\u00e1s simb\u00f3lica que otra cosa, de la Uni\u00f3n Europea.<\/p>\n\n\n\n<p>Le llamar\u00eda personalmente y mantendr\u00eda con \u00e9l la siguiente conversaci\u00f3n:<\/p>\n\n\n\n<p>\u201cHola Pedro, \u00bfrecuerdas cuando ibas a recusar a Soraya por los excesos policiales el 1 de octubre y despu\u00e9s cambiaste de opini\u00f3n?\u201d.<\/p>\n\n\n\n<p>\u201cNo me acuerdo bien de aquello\u201d, responder\u00eda Pedro.<\/p>\n\n\n\n<p>\u201cPues repasa tu propia hemeroteca. Y otra cosa Pedro, \u00bfrecuerdas tambi\u00e9n como saliste a declarar que el discurso que tu rey pronunci\u00f3 el 3 de octubre te hab\u00eda sido estupendo, que ni siquiera tuviste la prudencia de esperar a la opini\u00f3n del IBEX 35 al d\u00eda siguiente?\u201d<\/p>\n\n\n\n<p>Esta vez Pedro no responde, y remata Puigdemont, en castellano.<\/p>\n\n\n\n<p>\u201cPues te digo una cosa, Pedro. Si quieres seguir en la Moncloa tendr\u00e1s que salir por la tele diciendo que has vuelto a cambiar de opini\u00f3n, y que lo de la polic\u00eda masacrando a votantes catalanes en un refer\u00e9ndum convocado por su Generalitat nunca se repetir\u00e1 si t\u00fa gobiernas. Y que el discurso pronunciado por tu rey el 3 de octubre contribuy\u00f3 al enfrentamiento entre catalanes, por una parte, pero sobre todo sirvi\u00f3 para alimentar el odio de los espa\u00f1oles hacia los catalanes. As\u00ed, Pedro, con estas palabras o muy parecidas, pero que se entiendan perfectamente. Y no pongas excusas de mal pagador, porque para salir declarando que has cambiado de opini\u00f3n no hay ning\u00fan plazo legal. Ah, y si alguien pide explicaciones le mandas a Zapatero, que ha sido quien te ha animado a comprender que te equivocaste cuando lo del refer\u00e9ndum y que \u2018si hay que cambiar de opini\u00f3n, se cambia\u2019. Todas las veces que sean necesarias. Comprende, Pedro, que me est\u00e1 costando mucho convencer a los cientos de miles de catalanes republicanos e independentistas que fueron maltratados por el Reino de Espa\u00f1a, pues piensan que no tienen ninguna obligaci\u00f3n de liberar de los peligrosos post franquistas del PP y Vox a decenas de millones de espa\u00f1oles que no manifestaron la menor solidaridad cuando los de los piolines golpeaban a votantes que ten\u00edan el mismo DNI, por cierto. Por poner un ejemplo. En fin, Pedro, es lo que tiene maltratar&nbsp;si el maltratado resiste. Ahora me siento a esperar con la pantalla de \u00abLa Primera\u00bb de TV encendida. Que sea antes de, porque despu\u00e9s no existe.<\/p>\n\n\n\n<p>Un cordial saludo, de presidente a presidente\u201d. \u00a0<\/p>\n\n\n\n<p><span style=\"background-color:#0a0000\" class=\"td_text_highlight_marker\">Domingo Sanz<\/span><\/p>\n","protected":false},"excerpt":{"rendered":"<p>A estas alturas se puede afirmar que S\u00e1nchez ha conseguido que pasara el tiempo suficiente como para que sea imposible aprobar la amnist\u00eda con todas las de la ley, y que s\u00ed o s\u00ed otros la van a recurrir ante los tribunales, antes de la fecha l\u00edmite para evitar la repetici\u00f3n electoral en caso de [&hellip;]<\/p>\n","protected":false},"author":2,"featured_media":2515,"comment_status":"closed","ping_status":"open","sticky":false,"template":"","format":"standard","meta":{"footnotes":""},"categories":[139],"tags":[],"class_list":{"0":"post-6759","1":"post","2":"type-post","3":"status-publish","4":"format-standard","5":"has-post-thumbnail","7":"category-opinio"},"_links":{"self":[{"href":"https:\/\/www.areabesos.com\/diario\/wp-json\/wp\/v2\/posts\/6759","targetHints":{"allow":["GET"]}}],"collection":[{"href":"https:\/\/www.areabesos.com\/diario\/wp-json\/wp\/v2\/posts"}],"about":[{"href":"https:\/\/www.areabesos.com\/diario\/wp-json\/wp\/v2\/types\/post"}],"author":[{"embeddable":true,"href":"https:\/\/www.areabesos.com\/diario\/wp-json\/wp\/v2\/users\/2"}],"replies":[{"embeddable":true,"href":"https:\/\/www.areabesos.com\/diario\/wp-json\/wp\/v2\/comments?post=6759"}],"version-history":[{"count":1,"href":"https:\/\/www.areabesos.com\/diario\/wp-json\/wp\/v2\/posts\/6759\/revisions"}],"predecessor-version":[{"id":6760,"href":"https:\/\/www.areabesos.com\/diario\/wp-json\/wp\/v2\/posts\/6759\/revisions\/6760"}],"wp:featuredmedia":[{"embeddable":true,"href":"https:\/\/www.areabesos.com\/diario\/wp-json\/wp\/v2\/media\/2515"}],"wp:attachment":[{"href":"https:\/\/www.areabesos.com\/diario\/wp-json\/wp\/v2\/media?parent=6759"}],"wp:term":[{"taxonomy":"category","embeddable":true,"href":"https:\/\/www.areabesos.com\/diario\/wp-json\/wp\/v2\/categories?post=6759"},{"taxonomy":"post_tag","embeddable":true,"href":"https:\/\/www.areabesos.com\/diario\/wp-json\/wp\/v2\/tags?post=6759"}],"curies":[{"name":"wp","href":"https:\/\/api.w.org\/{rel}","templated":true}]}}