{"id":6754,"date":"2023-10-20T10:26:09","date_gmt":"2023-10-20T08:26:09","guid":{"rendered":"https:\/\/www.areabesos.com\/diario\/?p=6754"},"modified":"2023-10-23T10:26:46","modified_gmt":"2023-10-23T08:26:46","slug":"carla-simon-rep-la-venus-dhonor-de-la-49a-edicio-de-filmets-badalona-film-festival","status":"publish","type":"post","link":"https:\/\/www.areabesos.com\/diario\/carla-simon-rep-la-venus-dhonor-de-la-49a-edicio-de-filmets-badalona-film-festival\/","title":{"rendered":"Carla Simon rep la Venus d&#8217;Honor de la 49a edici\u00f3 de FILMETS Badalona Film Festival"},"content":{"rendered":"\n<p>La directora catalana Carla Sim\u00f3n ha rebut aquesta nit la Venus d&#8217;Honor de la 49a edici\u00f3 de FILMETS Badalona Film Festival, que s&#8217;ha estrenat avui amb una Sessi\u00f3 Inaugural que s&#8217;ha fet al Teatre Zorrilla de Badalona.<\/p>\n\n\n\n<p>Amb el lliurament d&#8217;aquest guard\u00f3, FILMETS vol recon\u00e8ixer la traject\u00f2ria cinematogr\u00e0fica de Carla Sim\u00f3n, vinculada al festival des de 2015.<\/p>\n\n\n\n<p>Carla Sim\u00f3n, que ha rebut el guard\u00f3 de mans de Francisco Vargas, director de l&#8217;\u00c0rea Audiovisual de l&#8217;ICEC (Institut Catal\u00e0 d&#8217;Empreses Culturals de la Generalitat), s&#8217;ha mostrat molt agra\u00efda al festival per haver-li concedit la Venus d&#8217;Honor i ha dit que \u00aben aquests moments tan convulsos al m\u00f3n, jo em refugio en la imaginaci\u00f3, i la meva imaginaci\u00f3 em porta a imaginar coses que passen en espais i cases de Badalona, on vaig viure de petita fins als sis anys. Per aix\u00f2 recollir avui aqu\u00ed aquest premi en aquesta ciutat \u00e9s molt emotiu per a mi\u00bb.<\/p>\n\n\n\n<p>Carla Sim\u00f3n ha afegit davant d&#8217;un Teatre Zorrilla ple de gom a gom i que l&#8217;ha ovacionat a peu dret que \u00abtot i els premis que han arribat penso que tot acaba de comen\u00e7ar per a mi. I en aquest m\u00f3n tan &#8216;locu&#8217; que ens ha tocat viure, els curts s\u00f3n un refugi. I ho s\u00f3n, per exemple, per a provar coses noves. Defenso molt els curts i per aix\u00f2 dic que tenir a Badalona un festival de curtmetratges com \u00e9s FILMETS \u00e9s tot un privilegi\u00bb.<\/p>\n\n\n\n<p>Carla Simon ha rebut tamb\u00e9 aquest 2023 el Premio Nacional de Cinematografia, atorgat pel Ministerio de Cultura y Deporte; l&#8217;any 2022 ja va guanyar l&#8217;Os d&#8217;Or a la millor pel\u00b7l\u00edcula al Festival Internacional de Cine de Berlin pel llargmetratge &#8216;Alcarr\u00e0s&#8217;; i l&#8217;any 2020 el Consell Nacional de la Cultura i les Arts li va atorgar el Premi Nacional de Cultura.<\/p>\n\n\n\n<p><strong>Carla Sim\u00f3n ha participat en diverses edicions de FILMETS<\/strong><\/p>\n\n\n\n<p>La directora de cinema Carla Sim\u00f3n, nascuda a Barcelona el 1986 per\u00f2 amb una part destacada de la seva fam\u00edlia arrelada a Badalona on ella hi va viure uns anys, t\u00e9 una estreta vinculaci\u00f3 amb FILMETS.<\/p>\n\n\n\n<p>L&#8217;any 2015, quan encara no era una directora coneguda pel gran p\u00fablic, FILMETS la va descobrir amb el curt &#8216;Las peque\u00f1as cosas&#8217;. Amb aquesta pel\u00b7l\u00edcula va guanyar l&#8217;any 2015 la Venus al Millor Curt de Badalona quan tot just comen\u00e7ava la seva brillant i fruct\u00edfera carrera cinematogr\u00e0fica. &#8216;Las peque\u00f1as cosas era un curt de 27 minuts de durada del g\u00e8nere de ficci\u00f3.<\/p>\n\n\n\n<p>M\u00e9s recentment, Carla Sim\u00f3n ha tornat a passar per FILMETS. L&#8217;any 2019 va presentar el seu curt &#8216;Despu\u00e9s tambi\u00e9n&#8217; davant d&#8217;un p\u00fablic que omplia a vessar el Teatre Zorrrilla.<\/p>\n\n\n\n<p>I l&#8217;any seg\u00fcent, el 2020, FILMETS va obrir el festival amb &#8216;Correspond\u00e8ncia&#8217;, una pel\u00b7l\u00edcula co-dirigida amb Dominga Sotomayor i que es veia per primer cop a Catalunya. En aquest curt hi apareixen familiars directes de Carla Sim\u00f3n que viuen a Badalona i amb qui de petita ella hi passava llargues temporades. Ambdues pel\u00b7l\u00edcules van ser presentdes a la Secci\u00f3 Oficial de FILMETS<\/p>\n\n\n\n<p><strong>FILMETS ha obert la 49a edici\u00f3 amb el curt que ha guanyat l\u2019any 2023 l\u2019Oscar de Hollywood i el BAFTA brit\u00e0nic a la millor ficci\u00f3<\/strong><\/p>\n\n\n\n<p>El festival FILMETS ha obert la seva 49a edici\u00f3 amb la pel\u00b7l\u00edcula que ha guanyat l\u2019any 2023 l\u2019Oscar de Hollywood i el premi BAFTA brit\u00e0nic a la millor ficci\u00f3. Es tracta de la pel\u00b7l\u00edcula <strong>\u2018An irish googbye\u2019<\/strong>, una com\u00e8dia dram\u00e0tica produ\u00efda per Irlanda i el Regne Unit i que proposa un plantejament vital sobre si el pragmatisme \u00e9s o no sempre m\u00e9s intel\u00b7ligent que els sentiments.<\/p>\n\n\n\n<p>\u2018An irish goodbye, de Tom Berkeley i Ross White, \u00e9s una producci\u00f3 irlandesa i brit\u00e0nica rodada el 2022, del g\u00e8nere de ficci\u00f3. \u00c9s una com\u00e8dia dram\u00e0tica de 23 minuts. \u2018An irish goodbye\u2019<em> <\/em>est\u00e0 protagonitzada per dos germans interpretats per Seamus O\u2019Hara i James Martin, aquest darrer amb s\u00edndrome de Down. Ha guanyat l\u2019Oscar 2023 i el BAFTA 2023 al Millor curtmetratge de ficci\u00f3.<\/p>\n\n\n\n<p>A la Sessi\u00f3 Inaugural tamb\u00e9 s\u2019han vist:<\/p>\n\n\n\n<ul class=\"wp-block-list\">\n<li>el documental <strong>\u2018Liturgy of anti-tank obstacles\u2019<\/strong>, que mostra l\u2019estremidora visi\u00f3 de com la guerra a Ucra\u00efna ha imposat uns canvis d\u2019h\u00e0bit a la vida quotidiana dels ucra\u00efnesos. El curt mostra com a l\u2019oest del pa\u00eds els escultors d\u2019est\u00e0tues religioses es reciclen fabricant obstacles antitancs.<\/li>\n\n\n\n<li>El drama rural catal\u00e0 <strong>\u2018Niuada\u2019 <\/strong>on els protagonistes s\u00f3n uns nens i nenes que no sempre s\u00f3n tan innocents com poden semblar. Una tensa utilitzaci\u00f3 del paisatge i un bon repartiment infantil.<\/li>\n\n\n\n<li>el curt d\u2019animaci\u00f3 <strong>\u2018Krab\u2019<\/strong>, la inquietant visi\u00f3 que t\u00e9 del m\u00f3n un cranc, qui ens fa descobrir el seu m\u00f3n vist amb els seus ulls.<\/li>\n\n\n\n<li>la pel\u00b7\u00edcula m\u00e9s curta del festival \u00e9s <strong>\u2018Action!\u2019,<\/strong> d\u20191 minut on la protagonista \u00e9s una claqueta de cinema.<\/li>\n\n\n\n<li>Karra Elejalde protagonitza <strong>\u2018Yegua\u2019,<\/strong> una ficci\u00f3 dram\u00e0tica on un ramader d\u2019eg\u00fces viu una situaci\u00f3 dif\u00edcil amb, d\u2019una banda, la malaltia de la millor egua que t\u00e9, i, per l\u2019altra banda, amb la malaltia de la seva dona, dependent des de fa anys.<\/li>\n\n\n\n<li>El curt <strong>\u2018Fort\u00edssimo\u2019<\/strong>, que enfronta un pianista que oficia en una esgl\u00e9sia i una nena prodigi que acullen i que tamb\u00e9 \u00e9s una virtuosa del piano. El duel d\u2019egos est\u00e0 servit<\/li>\n<\/ul>\n","protected":false},"excerpt":{"rendered":"<p>La directora catalana Carla Sim\u00f3n ha rebut aquesta nit la Venus d&#8217;Honor de la 49a edici\u00f3 de FILMETS Badalona Film Festival, que s&#8217;ha estrenat avui amb una Sessi\u00f3 Inaugural que s&#8217;ha fet al Teatre Zorrilla de Badalona. Amb el lliurament d&#8217;aquest guard\u00f3, FILMETS vol recon\u00e8ixer la traject\u00f2ria cinematogr\u00e0fica de Carla Sim\u00f3n, vinculada al festival des [&hellip;]<\/p>\n","protected":false},"author":2,"featured_media":6755,"comment_status":"closed","ping_status":"open","sticky":false,"template":"","format":"standard","meta":{"footnotes":""},"categories":[142,136],"tags":[],"class_list":{"0":"post-6754","1":"post","2":"type-post","3":"status-publish","4":"format-standard","5":"has-post-thumbnail","7":"category-comarca","8":"category-cultura"},"_links":{"self":[{"href":"https:\/\/www.areabesos.com\/diario\/wp-json\/wp\/v2\/posts\/6754","targetHints":{"allow":["GET"]}}],"collection":[{"href":"https:\/\/www.areabesos.com\/diario\/wp-json\/wp\/v2\/posts"}],"about":[{"href":"https:\/\/www.areabesos.com\/diario\/wp-json\/wp\/v2\/types\/post"}],"author":[{"embeddable":true,"href":"https:\/\/www.areabesos.com\/diario\/wp-json\/wp\/v2\/users\/2"}],"replies":[{"embeddable":true,"href":"https:\/\/www.areabesos.com\/diario\/wp-json\/wp\/v2\/comments?post=6754"}],"version-history":[{"count":1,"href":"https:\/\/www.areabesos.com\/diario\/wp-json\/wp\/v2\/posts\/6754\/revisions"}],"predecessor-version":[{"id":6756,"href":"https:\/\/www.areabesos.com\/diario\/wp-json\/wp\/v2\/posts\/6754\/revisions\/6756"}],"wp:featuredmedia":[{"embeddable":true,"href":"https:\/\/www.areabesos.com\/diario\/wp-json\/wp\/v2\/media\/6755"}],"wp:attachment":[{"href":"https:\/\/www.areabesos.com\/diario\/wp-json\/wp\/v2\/media?parent=6754"}],"wp:term":[{"taxonomy":"category","embeddable":true,"href":"https:\/\/www.areabesos.com\/diario\/wp-json\/wp\/v2\/categories?post=6754"},{"taxonomy":"post_tag","embeddable":true,"href":"https:\/\/www.areabesos.com\/diario\/wp-json\/wp\/v2\/tags?post=6754"}],"curies":[{"name":"wp","href":"https:\/\/api.w.org\/{rel}","templated":true}]}}