{"id":6750,"date":"2023-10-18T10:38:40","date_gmt":"2023-10-18T08:38:40","guid":{"rendered":"https:\/\/www.areabesos.com\/diario\/?p=6750"},"modified":"2023-10-18T10:39:33","modified_gmt":"2023-10-18T08:39:33","slug":"aprovada-definitivament-el-pgm-dels-habitatges-dus-turistic-a-sant-adria","status":"publish","type":"post","link":"https:\/\/www.areabesos.com\/diario\/aprovada-definitivament-el-pgm-dels-habitatges-dus-turistic-a-sant-adria\/","title":{"rendered":"Aprovat definitivament el PGM dels habitatges d&#8217;\u00fas tur\u00edstic a Sant Adri\u00e0"},"content":{"rendered":"\n<p>L\u2019activitat tur\u00edstica ha sofert un auge important en les darreres d\u00e8cades a Catalunya i, especialment, a la ciutat de Barcelona i la seva \u00e0rea d\u2019influ\u00e8ncia on, no nom\u00e9s s\u2019evidencia un nombre creixent de visitants i pernoctacions atrets pels atractius tur\u00edstics, sin\u00f3 tamb\u00e9 atrets pel reclam de negocis, congressos i altres activitats.<\/p>\n\n\n\n<p>En paral\u00b7lel, l\u2019allotjament tur\u00edstic ha evolucionat i, en l\u2019actualitat, es pot trobar un nombre variat de tipologies o formes d\u2019implantaci\u00f3, entre elles la figura de l\u2019habitatge d\u2019\u00fas tur\u00edstic (HUT).<\/p>\n\n\n\n<p>Les particularitats d\u2019immediatesa d\u2019aquesta modalitat junt amb l\u2019expansi\u00f3 de les noves tecnologies de la informaci\u00f3 ha propiciat la seva aparici\u00f3, fins a cert punt descontrolada o desproporcionada.<\/p>\n\n\n\n<p>Treballant en prevenir possibles situacions futures no desitjables, l\u2019Ajuntament de Sant Adri\u00e0, en una aposta per la seguretat, la ciutadania i la bona conviv\u00e8ncia, ha considerat oport\u00fa treballar per regular la concessi\u00f3 de llic\u00e8ncies HUT amb l\u2019objectiu de:<\/p>\n\n\n\n<ul class=\"wp-block-list\">\n<li>Evitar conflictes en la conviv\u00e8ncia ciutadana a causa de les diferents din\u00e0miques entre la poblaci\u00f3 resident i la poblaci\u00f3 turista i afavorir la cohesi\u00f3 social.<\/li>\n<\/ul>\n\n\n\n<ul class=\"wp-block-list\">\n<li>Preservar la qualitat de l\u2019espai p\u00fablic, la diversitat morfol\u00f2gica del teixit urb\u00e0 i el car\u00e0cter residencial dels barris.<\/li>\n<\/ul>\n\n\n\n<ul class=\"wp-block-list\">\n<li>Garantir el desenvolupament sostenible de les activitats econ\u00f2miques, cercant l\u2019equilibri entre la directiva comunit\u00e0ria de llibertat d\u2019establiment i el dret dels seus ve\u00efns i ve\u00efnes, a una ciutat sostenible en l\u2019\u00e0mbit social, ambiental i econ\u00f2mic.<\/li>\n<\/ul>\n\n\n\n<ul class=\"wp-block-list\">\n<li>Afavorir el dret de la ciutadania a gaudir d\u2019un habitatge digne i adequat, ent\u00e8s en el seu sentit m\u00e9s ampli, incloent-hi, per tant, l\u2019entorn urb\u00e0 on s\u2019integra.<\/li>\n<\/ul>\n\n\n\n<p>Per tal d\u2019assolir aquests objectius, des del 9 d\u2019octubre del 2023, les sol\u00b7licituds&nbsp; de declaracions responsables d\u2019habitatges d\u2019\u00fas tur\u00edstic, hauran de tenir en compte les seg\u00fcents mesures:<\/p>\n\n\n\n<ul class=\"wp-block-list\">\n<li>No s\u2019admetr\u00e0 la implantaci\u00f3 d\u2019habitatges d\u2019\u00fas tur\u00edstic si se supera una densitat del 20,00% d\u2019entitats amb aquest \u00fas respecte del total d\u2019habitatges de l\u2019edifici, entenent edifici com a una unitat d\u2019escala. Aquesta condici\u00f3 no \u00e9s d\u2019aplicaci\u00f3 als habitatges unifamiliars.<\/li>\n<\/ul>\n\n\n\n<ul class=\"wp-block-list\">\n<li>\u00c9s incompatible la destinaci\u00f3 simult\u00e0nia d\u2019un habitatge a resid\u00e8ncia habitual i a habitatge d\u2019\u00fas tur\u00edstic. A tals efectes, caldr\u00e0 una acreditaci\u00f3 mitjan\u00e7ant certificat negatiu del padr\u00f3 municipal d\u2019habitants.<\/li>\n<\/ul>\n\n\n\n<ul class=\"wp-block-list\">\n<li>La separaci\u00f3 entre els accessos principals dels edificis que continguin llic\u00e8ncies d\u2019habitatge d\u2019\u00fas tur\u00edstic ha de ser igual o superior a 50 metres, entenent edifici com a una unitat d\u2019escala.<\/li>\n<\/ul>\n\n\n\n<p>En definitiva, l\u2019Ajuntament de Sant Adri\u00e0 fa una aposta per impedir un augment desmesurat de pisos d\u2019\u00fas tur\u00edstic a la ciutat. Vetllant per la bona conviv\u00e8ncia entre els seus ve\u00efns i ve\u00efnes i, fent una aposta per la sostenibilitat a tots els nivells.<\/p>\n","protected":false},"excerpt":{"rendered":"<p>L\u2019activitat tur\u00edstica ha sofert un auge important en les darreres d\u00e8cades a Catalunya i, especialment, a la ciutat de Barcelona i la seva \u00e0rea d\u2019influ\u00e8ncia on, no nom\u00e9s s\u2019evidencia un nombre creixent de visitants i pernoctacions atrets pels atractius tur\u00edstics, sin\u00f3 tamb\u00e9 atrets pel reclam de negocis, congressos i altres activitats. En paral\u00b7lel, l\u2019allotjament tur\u00edstic [&hellip;]<\/p>\n","protected":false},"author":2,"featured_media":6751,"comment_status":"closed","ping_status":"open","sticky":false,"template":"","format":"standard","meta":{"footnotes":""},"categories":[134,135],"tags":[],"class_list":{"0":"post-6750","1":"post","2":"type-post","3":"status-publish","4":"format-standard","5":"has-post-thumbnail","7":"category-actualitat","8":"category-societat"},"_links":{"self":[{"href":"https:\/\/www.areabesos.com\/diario\/wp-json\/wp\/v2\/posts\/6750","targetHints":{"allow":["GET"]}}],"collection":[{"href":"https:\/\/www.areabesos.com\/diario\/wp-json\/wp\/v2\/posts"}],"about":[{"href":"https:\/\/www.areabesos.com\/diario\/wp-json\/wp\/v2\/types\/post"}],"author":[{"embeddable":true,"href":"https:\/\/www.areabesos.com\/diario\/wp-json\/wp\/v2\/users\/2"}],"replies":[{"embeddable":true,"href":"https:\/\/www.areabesos.com\/diario\/wp-json\/wp\/v2\/comments?post=6750"}],"version-history":[{"count":2,"href":"https:\/\/www.areabesos.com\/diario\/wp-json\/wp\/v2\/posts\/6750\/revisions"}],"predecessor-version":[{"id":6753,"href":"https:\/\/www.areabesos.com\/diario\/wp-json\/wp\/v2\/posts\/6750\/revisions\/6753"}],"wp:featuredmedia":[{"embeddable":true,"href":"https:\/\/www.areabesos.com\/diario\/wp-json\/wp\/v2\/media\/6751"}],"wp:attachment":[{"href":"https:\/\/www.areabesos.com\/diario\/wp-json\/wp\/v2\/media?parent=6750"}],"wp:term":[{"taxonomy":"category","embeddable":true,"href":"https:\/\/www.areabesos.com\/diario\/wp-json\/wp\/v2\/categories?post=6750"},{"taxonomy":"post_tag","embeddable":true,"href":"https:\/\/www.areabesos.com\/diario\/wp-json\/wp\/v2\/tags?post=6750"}],"curies":[{"name":"wp","href":"https:\/\/api.w.org\/{rel}","templated":true}]}}