{"id":6744,"date":"2023-10-16T13:07:25","date_gmt":"2023-10-16T11:07:25","guid":{"rendered":"https:\/\/www.areabesos.com\/diario\/?p=6744"},"modified":"2023-10-16T13:07:26","modified_gmt":"2023-10-16T11:07:26","slug":"el-tanatori-del-litoral-de-sant-adria-de-besos-acull-el-primer-espai-de-la-ciutat-dedicat-al-dol-gestacional-perinatal-i-neonatal","status":"publish","type":"post","link":"https:\/\/www.areabesos.com\/diario\/el-tanatori-del-litoral-de-sant-adria-de-besos-acull-el-primer-espai-de-la-ciutat-dedicat-al-dol-gestacional-perinatal-i-neonatal\/","title":{"rendered":"El Tanatori del Litoral de Sant Adri\u00e0 de Bes\u00f2s acull el primer espai de la ciutat dedicat al dol gestacional, perinatal i neonatal"},"content":{"rendered":"\n<p>Sant Adri\u00e0 de Bes\u00f2s ha creat el primer espai de la ciutat en reconeixement al dol gestacional, perinatal i neonatal. Ubicat als jardins del Tanatori del Litoral (Avinguda de la Catalana, s\/n), l\u2019espai es va inaugurar ahir en el marc del <em>Dia mundial per la visibilitzaci\u00f3 de la mort gestacional, perinatal i neonatal<\/em>, en un acte que va comptar amb la pres\u00e8ncia de l\u2019alcaldessa de Sant Adri\u00e0, Filo Ca\u00f1ete, els responsables de l\u2019equipament, Ana Gassi\u00f3 i Xavi Prats, i les representants de les entitats de suport al dol gestacional, perinatal i neonatal Petits amb llum, Ana Gonz\u00e1lez, A Contracor, Cristina Romero, i Associaci\u00f3 Ania, Mireia Bravo. Tamb\u00e9 van assistir-hi membres de l\u2019equip de govern municipal, aix\u00ed com altres representants del consistori i del Tanatori del Litoral.<\/p>\n\n\n\n<p>Situat als jardins del Tanatori del Litoral, dins l\u2019espai conegut com a <em>Jard\u00ed del record<\/em>, el memorial va dirigit a les persones que han patit la mort prematura d\u2019un fill o filla durant l\u2019embar\u00e0s, el part o els primers dies despr\u00e9s del naixement. L\u2019objectiu del nou espai \u00e9s facilitar un punt f\u00edsic on poder recordar i homenatjar aquests fills i, alhora, contribuir a fer visible un tipus de dol existent a la nostra societat, malgrat que sovint \u00e9s infravalorat o silenciat. Conformat per un parterre amb gresa, on se situen unes estrelles de pedra que simbolitzen els \u00e9ssers estimats morts prematurament, el memorial est\u00e0 presidit per una placa amb la inscripci\u00f3: \u201c<em>Sempre a la nostra mem\u00f2ria i al nostre cor. Espai dedicat als infants i nonats que ens han deixat massa aviat. La vostra empremta romandr\u00e0 gravada per sempre en el temps<\/em>\u201d. Molt a prop del memorial, les fam\u00edlies que ho desitgin tamb\u00e9 podran inhumar-hi les cendres del seu fill o filla, ja que es troba ubicat al costat de la zona de columbaris del Tanatori del Litoral, un espai que acull petits n\u00ednxols per a urnes ciner\u00e0ries.<\/p>\n\n\n\n<p>Durant l\u2019acte de presentaci\u00f3 del nou memorial al Tanatori del Litoral, l\u2019alcaldessa de la ciutat,&nbsp; Filo Ca\u00f1ete, ha remarcat \u201cla import\u00e0ncia de poder fer un reconeixement p\u00fablic a un tipus de p\u00e8rdua encara molt tab\u00fa a trav\u00e9s de la creaci\u00f3 d\u2019espais com aquest, que permeten visibilitzar un dol present a la nostra societat i donen resposta a una necessitat existent, tot i que molt silenciada\u201d. Aix\u00ed mateix, ha recordat que la iniciativa, duta a terme gr\u00e0cies a la col\u00b7laboraci\u00f3 de l\u2019Ajuntament de Sant Adri\u00e0 i el Tanatori del Litoral, \u201cdona resposta a una petici\u00f3 ciutadana que es va articular a trav\u00e9s d\u2019una moci\u00f3 aprovada per unanimitat de tots els grups municipals al ple del 26 d\u2019abril de 2021\u201d.<\/p>\n\n\n\n<p>Per la seva banda, Xavi Prats, responsable del Tanatori del Litoral, ha manifestat la voluntat dels serveis funeraris d\u2019acompanyar les persones que pateixen una defunci\u00f3, un proc\u00e9s que quan implica la mort d\u2019un fill esdev\u00e9 encara m\u00e9s complicat. \u201cSom molt conscients dels moments emocionalment intensos i complicats que travessa una fam\u00edlia en dol, especialment quan es tracta de la mort d\u2019un fill. \u00c9s fonamental que col\u00b7lectivament reconeguem aquesta p\u00e8rdua i que des dels serveis funeraris puguem facilitar la creaci\u00f3 de memorials com aquest, a m\u00e9s, en un espai adequat per al dol com \u00e9s l\u2019entorn del Tanatori del Litoral\u201d.<\/p>\n\n\n\n<p>Des de l\u2019associaci\u00f3 Petits amb llum, Ana Gonz\u00e1lez, ha posat de relleu \u201cla satisfacci\u00f3 de poder comptar amb un nou espai tan significatiu per a les fam\u00edlies que hem perdut un fill o una filla en l\u2019etapa de gestaci\u00f3, al part o al poc temps despr\u00e9s de n\u00e9ixer. No nom\u00e9s contribueixen al reconeixement de la mem\u00f2ria dels nostres fills i filles, sin\u00f3 que fan visible el dol que en causa la mort. Un gest que, tot i que encara es necessiten molts canvis, ens demostra que la nostra societat evoluciona sent cada cop m\u00e9s emp\u00e0tica, sensibilitzada i conscienciada\u201d. En aquesta l\u00ednia, la representant de l\u2019entitat A Contracor, Cristina Romero, ha afegit que \u201cl\u2019exist\u00e8ncia d\u2019espais commemoratius com aquest del Tanatori del Litoral juguen un paper molt important ja que ajuden a normalitzar aquesta realitat, que moltes persones encara prefereixen evitar,&nbsp; fent-la m\u00e9s visible&nbsp;i&nbsp;compresa\u201d. Per a Mireia Bravo, d\u2019Associaci\u00f3 Ania, \u201cla mort gestacional, perinatal o neonatal \u00e9s encara molt silenciada i \u00e9s un gran tab\u00fa, tamb\u00e9 des d\u2019\u00e0mbits com el de la salut, cosa que pot complicar el proc\u00e9s de recuperaci\u00f3 de moltes fam\u00edlies que pateixen aquestes morts. Per aix\u00f2, gestos com aquest d\u2019avui signifiquen un pas molt important cap a la normalitzaci\u00f3 d\u2019aquest dol i la seva&nbsp;visibilitat\u201d.<\/p>\n","protected":false},"excerpt":{"rendered":"<p>Sant Adri\u00e0 de Bes\u00f2s ha creat el primer espai de la ciutat en reconeixement al dol gestacional, perinatal i neonatal. Ubicat als jardins del Tanatori del Litoral (Avinguda de la Catalana, s\/n), l\u2019espai es va inaugurar ahir en el marc del Dia mundial per la visibilitzaci\u00f3 de la mort gestacional, perinatal i neonatal, en un [&hellip;]<\/p>\n","protected":false},"author":2,"featured_media":6745,"comment_status":"closed","ping_status":"open","sticky":false,"template":"","format":"standard","meta":{"footnotes":""},"categories":[134,135],"tags":[],"class_list":{"0":"post-6744","1":"post","2":"type-post","3":"status-publish","4":"format-standard","5":"has-post-thumbnail","7":"category-actualitat","8":"category-societat"},"_links":{"self":[{"href":"https:\/\/www.areabesos.com\/diario\/wp-json\/wp\/v2\/posts\/6744","targetHints":{"allow":["GET"]}}],"collection":[{"href":"https:\/\/www.areabesos.com\/diario\/wp-json\/wp\/v2\/posts"}],"about":[{"href":"https:\/\/www.areabesos.com\/diario\/wp-json\/wp\/v2\/types\/post"}],"author":[{"embeddable":true,"href":"https:\/\/www.areabesos.com\/diario\/wp-json\/wp\/v2\/users\/2"}],"replies":[{"embeddable":true,"href":"https:\/\/www.areabesos.com\/diario\/wp-json\/wp\/v2\/comments?post=6744"}],"version-history":[{"count":1,"href":"https:\/\/www.areabesos.com\/diario\/wp-json\/wp\/v2\/posts\/6744\/revisions"}],"predecessor-version":[{"id":6746,"href":"https:\/\/www.areabesos.com\/diario\/wp-json\/wp\/v2\/posts\/6744\/revisions\/6746"}],"wp:featuredmedia":[{"embeddable":true,"href":"https:\/\/www.areabesos.com\/diario\/wp-json\/wp\/v2\/media\/6745"}],"wp:attachment":[{"href":"https:\/\/www.areabesos.com\/diario\/wp-json\/wp\/v2\/media?parent=6744"}],"wp:term":[{"taxonomy":"category","embeddable":true,"href":"https:\/\/www.areabesos.com\/diario\/wp-json\/wp\/v2\/categories?post=6744"},{"taxonomy":"post_tag","embeddable":true,"href":"https:\/\/www.areabesos.com\/diario\/wp-json\/wp\/v2\/tags?post=6744"}],"curies":[{"name":"wp","href":"https:\/\/api.w.org\/{rel}","templated":true}]}}