{"id":6741,"date":"2023-10-16T13:04:32","date_gmt":"2023-10-16T11:04:32","guid":{"rendered":"https:\/\/www.areabesos.com\/diario\/?p=6741"},"modified":"2023-10-16T13:04:32","modified_gmt":"2023-10-16T11:04:32","slug":"tersa-auditara-les-instal%c2%b7lacions-solars-i-termiques-de-58-escoles-bressol-de-barcelona","status":"publish","type":"post","link":"https:\/\/www.areabesos.com\/diario\/tersa-auditara-les-instal%c2%b7lacions-solars-i-termiques-de-58-escoles-bressol-de-barcelona\/","title":{"rendered":"TERSA auditar\u00e0 les instal\u00b7lacions solars i t\u00e8rmiques de 58 escoles bressol de Barcelona"},"content":{"rendered":"\n<p>TERSA, l\u2019empresa especialitzada en la gesti\u00f3 de serveis ambientals relacionats amb l\u2019economia circular i participada principalment per l\u2019Ajuntament de Barcelona i l\u2019\u00c0rea Metropolitana de Barcelona (AMB), assumir\u00e0 l\u2019auditoria t\u00e8cnica de les instal\u00b7lacions solars t\u00e8rmiques de 58 escoles bressol de Barcelona. L\u2019enc\u00e0rrec s\u2019emmarca dins de l\u2019estrat\u00e8gia \u2018Bressols pel Clima\u2019, impulsada per l\u2019Institut Municipal d\u2019Educaci\u00f3 de Barcelona (IMEB) i l\u2019Ag\u00e8ncia d\u2019Energia de Barcelona, que pret\u00e9n desenvolupar una quarantena d\u2019accions, amb la complicitat de tota la comunitat educativa, per lluitar contra l\u2019emerg\u00e8ncia clim\u00e0tica i fomentar canvis de manera coordinada a les 105 escoles bressol de la xarxa municipal. El pla de l\u2019Ajuntament de Barcelona pret\u00e9n cercar la m\u00e0xima efici\u00e8ncia energ\u00e8tica de les escoles bressol municipals, una aposta ferma per impulsar una estrat\u00e8gia sostenible i buscar solucions per afrontar l\u2019actual crisi mediambiental.&nbsp;<\/p>\n\n\n\n<p>Aix\u00ed doncs, TERSA dur\u00e0 a terme una auditoria t\u00e8cnica de les instal\u00b7lacions solars i t\u00e8rmiques de quasi una seixantena d\u2019escoles bressol de la capital catalana amb l\u2019objectiu d\u2019avaluar-les,&nbsp; adequar-les i millorar-ne l\u2019operativa i el funcionament. D\u2019aquesta manera, es podr\u00e0 comprovar l\u2019estat del seu funcionament per tal de valorar l\u2019actualitzaci\u00f3 o la substituci\u00f3 de les instal\u00b7lacions per plaques fotovoltaiques. Aquesta acci\u00f3 ser\u00e0 el punt de partida per d\u2019altres activitats que cercaran assolir la m\u00e0xima autosufici\u00e8ncia energ\u00e8tica d\u2019escoles bressol de la ciutat amb plaques solars t\u00e8rmiques o fotovoltaiques pr\u00f2pies i que, en el cas que sigui possible, permetin compartir els excedents de consum d\u2019energia amb altres habitatges o comunitats del barri properes.<\/p>\n\n\n\n<p>La comunitat educativa de la xarxa de bressol municipal, formada per m\u00e9s de 25.000 persones, entre educadores, infants i les seves fam\u00edlies, va decidir unir esfor\u00e7os i engegar una estrat\u00e8gia comuna per afrontar la crisi clim\u00e0tica, sota el lema \u2018Bressols pel Clima\u2019, estrat\u00e8gia que es va presentar p\u00fablicament el mes de febrer d\u2019aquest any. Va ser aix\u00ed com la comunitat educativa de les bressol es va afegir al Pla d\u2019Acci\u00f3 per l\u2019Emerg\u00e8ncia Clim\u00e0tica de Barcelona. Entre les accions que desplega aquesta iniciativa a part de les relacionades amb la transici\u00f3 energ\u00e8tica, tamb\u00e9 n\u2019hi ha vinculades a l\u2019increment del verd a les escoles, al confort t\u00e8rmic dels centres, a la reducci\u00f3, la reutilitzaci\u00f3 i el reciclatge, a l\u2019alimentaci\u00f3 sostenible, i a la sensibilitzaci\u00f3 i els h\u00e0bits ambientals. (M\u00e9s informaci\u00f3 sobre l\u2019estrat\u00e8gia \u2018Bressols pel Clima\u2019 en aquest <a href=\"https:\/\/r.tdh.tinkle.es\/tr\/cl\/WGJa0l7JpUB12mpU17rVLoJRang3et3ib_9ViYBARkeSzKD_usFwV30t2ebg5JsDT-cLQoT9G9RiHV7ym6N36Dcmtve_nK1iKQ5BTV3oLK_8bwLQtK60Uz9W3o3bzN4qGryK4GFHIWnug9iB6CUFZfFWjMmLOC06csPsiUylSSd9hOPR2iTQd4yoHcjDGfBXOIcmF8qWECAwM0t1GSj4BCbKGBmAf2bEoOEvgfCZ2brpvOgfv1FYi6xOoh_lfmzwy-dKfYZAhmS8eYKXJzB-vUpuePtURAw8Ul22L9kmmcslxbt2z0h-SQv2u1fReLSDSJ9fJDv7Z4f5vAmnZXmJso2zTMQ61WDiYZ-9zqnUJSNRgQWq36QV-9dU4262b3FpT9aGiUeRd78lqbxuUzWTYn9W1ZCPCftkxXKl-0dQ87xa\">enlla\u00e7.<\/a>)<\/p>\n\n\n\n<p><strong>Grup TERSA, empresa referent al sector i amb m\u00e9s de 14 anys d\u2019experi\u00e8ncia en gesti\u00f3 integral d\u2019instal\u00b7lacions fotovoltaiques<\/strong><\/p>\n\n\n\n<p>El 2022, Grup TERSA va gestionar de manera integral 177 instal\u00b7lacions fotovoltaiques a Barcelona i la seva \u00e0rea metropolitana, que van produir 3.935.640 kWh d\u2019energia verda destinada, majorit\u00e0riament, a l\u2019autoconsum. De fet, fa m\u00e9s de 14 anys que Grup TERSA ofereix el servei de gesti\u00f3 integral d\u2019instal\u00b7lacions fotovoltaiques i actualment, \u00e9s una l\u00ednia estrat\u00e8gica i de negoci clau per a l\u2019empresa p\u00fablica, ja que previsiblement, la demanda d\u2019aquests serveis seguir\u00e0 a l\u2019al\u00e7a en els pr\u00f2xims anys per tal de fer front a la transici\u00f3 energ\u00e8tica i donar resposta a la demanda de projectes sostenibles per part de la ciutadania.<\/p>\n\n\n\n<p>Aquest nou enc\u00e0rrec per part del consistori barcelon\u00ed \u00e9s una mostra m\u00e9s de la confian\u00e7a de les administracions p\u00fabliques en el Grup TERSA, que posen el valor la professionalitat i l\u2019experi\u00e8ncia de la seva oferta de serveis energ\u00e8tics. A m\u00e9s a m\u00e9s, queda palesa l\u2019aposta de Grup TERSA per la generaci\u00f3 d\u2019energies renovables i l\u2019efici\u00e8ncia energ\u00e8tica, tot demostrant la seva vocaci\u00f3 de servei p\u00fablic i el seu comprom\u00eds amb la ciutadania i el seu entorn en l\u2019actual context d\u2019emerg\u00e8ncia clim\u00e0tica.<\/p>\n","protected":false},"excerpt":{"rendered":"<p>TERSA, l\u2019empresa especialitzada en la gesti\u00f3 de serveis ambientals relacionats amb l\u2019economia circular i participada principalment per l\u2019Ajuntament de Barcelona i l\u2019\u00c0rea Metropolitana de Barcelona (AMB), assumir\u00e0 l\u2019auditoria t\u00e8cnica de les instal\u00b7lacions solars t\u00e8rmiques de 58 escoles bressol de Barcelona. L\u2019enc\u00e0rrec s\u2019emmarca dins de l\u2019estrat\u00e8gia \u2018Bressols pel Clima\u2019, impulsada per l\u2019Institut Municipal d\u2019Educaci\u00f3 de Barcelona [&hellip;]<\/p>\n","protected":false},"author":2,"featured_media":6742,"comment_status":"closed","ping_status":"open","sticky":false,"template":"","format":"standard","meta":{"footnotes":""},"categories":[134],"tags":[],"class_list":{"0":"post-6741","1":"post","2":"type-post","3":"status-publish","4":"format-standard","5":"has-post-thumbnail","7":"category-actualitat"},"_links":{"self":[{"href":"https:\/\/www.areabesos.com\/diario\/wp-json\/wp\/v2\/posts\/6741","targetHints":{"allow":["GET"]}}],"collection":[{"href":"https:\/\/www.areabesos.com\/diario\/wp-json\/wp\/v2\/posts"}],"about":[{"href":"https:\/\/www.areabesos.com\/diario\/wp-json\/wp\/v2\/types\/post"}],"author":[{"embeddable":true,"href":"https:\/\/www.areabesos.com\/diario\/wp-json\/wp\/v2\/users\/2"}],"replies":[{"embeddable":true,"href":"https:\/\/www.areabesos.com\/diario\/wp-json\/wp\/v2\/comments?post=6741"}],"version-history":[{"count":1,"href":"https:\/\/www.areabesos.com\/diario\/wp-json\/wp\/v2\/posts\/6741\/revisions"}],"predecessor-version":[{"id":6743,"href":"https:\/\/www.areabesos.com\/diario\/wp-json\/wp\/v2\/posts\/6741\/revisions\/6743"}],"wp:featuredmedia":[{"embeddable":true,"href":"https:\/\/www.areabesos.com\/diario\/wp-json\/wp\/v2\/media\/6742"}],"wp:attachment":[{"href":"https:\/\/www.areabesos.com\/diario\/wp-json\/wp\/v2\/media?parent=6741"}],"wp:term":[{"taxonomy":"category","embeddable":true,"href":"https:\/\/www.areabesos.com\/diario\/wp-json\/wp\/v2\/categories?post=6741"},{"taxonomy":"post_tag","embeddable":true,"href":"https:\/\/www.areabesos.com\/diario\/wp-json\/wp\/v2\/tags?post=6741"}],"curies":[{"name":"wp","href":"https:\/\/api.w.org\/{rel}","templated":true}]}}