{"id":6738,"date":"2023-10-12T11:50:41","date_gmt":"2023-10-12T09:50:41","guid":{"rendered":"https:\/\/www.areabesos.com\/diario\/?p=6738"},"modified":"2023-10-16T11:51:04","modified_gmt":"2023-10-16T09:51:04","slug":"el-12-de-octubre-el-masufa-escuchara-como-pitan-a-sanchez","status":"publish","type":"post","link":"https:\/\/www.areabesos.com\/diario\/el-12-de-octubre-el-masufa-escuchara-como-pitan-a-sanchez\/","title":{"rendered":"El 12 de octubre el MASUFA escuchar\u00e1 como pitan a S\u00e1nchez"},"content":{"rendered":"\n<p>Construya usted todas las met\u00e1foras que quiera mientras siga leyendo para que nadie se sienta ofendido, pero a m\u00ed me importa un bledo si ma\u00f1ana le rompen los t\u00edmpanos a S\u00e1nchez y los trozos de sus membranas, rotos en el ejercicio de una libertad de expresi\u00f3n gritada tambi\u00e9n por algunos que arrancar\u00edan lenguas si pudieran, terminan ensuciando el impecable uniforme militar que vestir\u00e1 el MASUFA, y ya sabe usted que me refiero al Mando Supremo de las Fuerzas Armadas porque as\u00ed lo dice el art\u00edculo 62.h de la Constituci\u00f3n vigente, aunque la ministra Robles se siga negando a emplear un acr\u00f3nimo inventado sin la menor acritud.<\/p>\n\n\n\n<p>En cambio, me preocupar\u00e9 mucho si miles de personas salen a la calle reclamando algo tan normal como lo de convertir este Reino en una Rep\u00fablica y, de repente, se escuchan, rumores procedentes de las salas de banderas, reales o virtuales, como la que visitaba aquel general que propon\u00eda fusilar a 26 millones y que, si alguna autoridad competente le hubiera interrogado, quiz\u00e1s muchos \u201chdp\u201d nos habr\u00edamos olvidado del personaje y sus \u201ccontactos\u201d.<\/p>\n\n\n\n<p>Porque llegar\u00e1 un d\u00eda en el que la mayor\u00eda considerar\u00e1 pagada la deuda hist\u00f3rica que Felipe Gonz\u00e1lez contrajo con el MASUFA hoy em\u00e9rito cuando, incapaz el sevillano de vencer en las urnas a un Su\u00e1rez que se lo empezaba a creer, y por tanto a molestar, desde La Zarzuela el reci\u00e9n restaurado se dedic\u00f3 a intrigar con militares amigos y de costumbres muy franquistas para, tras un susto resuelto con alegr\u00edas m\u00e1s falsas \u201cque un duro sevillano\u201d, facilitar el desembarco en la Moncloa a un PSOE que todo lo adeudar\u00eda desde entonces.<\/p>\n\n\n\n<p>Y si no les pidi\u00f3 lo de borrar de sus estatutos lo de \u201crepublicano\u201d fue porque se habr\u00eda notado demasiado. Muy metaf\u00f3rico todo, pero muy cierto.<\/p>\n\n\n\n<p>Conseguido el objetivo, jam\u00e1s le llamar\u00eda al orden ning\u00fan presidente socialista, por mucho que los esp\u00edas del Estado informaran de sus vicios y corrupciones, que alg\u00fan ex ministro de Defensa algo ha insinuado para parecerse al Su\u00e1rez que en 1995 tap\u00f3 el micr\u00f3fono mientras le contaba encuestas a Victoria Prego. &nbsp;<\/p>\n\n\n\n<p>Me cuenta un amigo de la misma capital de la provincia donde vivo, que aqu\u00ed, lo del d\u00eda 12 se ha adelantado a hoy, d\u00eda 11, y supongo que tambi\u00e9n en las dem\u00e1s para que a lo de Madrid no falte nadie de los que tengan que acudir.<\/p>\n\n\n\n<p>Dice la noticia que el comandante general ha apelado al \u201corgullo de sentirse espa\u00f1ol desde la pluralidad\u201d y yo le digo que me parece muy bien, aunque hubiera preferido que no ocuparan el centro urbano para decirlo, con las muchas molestias que supone para la ciudadan\u00eda que todo se lo paga.<\/p>\n\n\n\n<p>Y ya que estamos, mi general, quiero aprovechar estas l\u00edneas para pedirle a usted que, por la fama de valiente que como militar se le supone, sea el primero de su glorioso ej\u00e9rcito en salir por la tele para pedir perd\u00f3n por cada una de las v\u00edctimas defensoras de la legalidad vigente que sus predecesores, los de usted, mi general, provocaron a partir del 18 de julio de 1936.<\/p>\n\n\n\n<p>Si usted mismo, mi general, se atreviera, adem\u00e1s de ser el primero conseguir\u00e1 que este mismo curso muchos estudiantes de ESO de Espa\u00f1a, incluso aunque siga siendo un Reino, descubran sorprendidos que sus profesores de Historia, por fin, s\u00ed expondr\u00e1n en clase las lecciones correspondientes al periodo que se inici\u00f3, precisamente, en la sangrienta fecha que le acabo de recordar.<\/p>\n\n\n\n<p>Es que, mi general, resulta que lo manda la programaci\u00f3n educativa, pero nuestras autoridades civiles son muy cobardes, aunque hayan sido elegidas.<\/p>\n\n\n\n<p>Pero mi general, no le pida usted permiso al MASUFA. Lo m\u00e1s probable es que le diga que \u201cno es el momento oportuno\u201d, pues fue lo mismo que, a trav\u00e9s de la \u201cCasa Real\u201d, le contest\u00f3 a Carmen Calvo cuando le pidi\u00f3 permiso para acabar con ese privilegio de \u201cinviolabilidad\u201d que, al igual que al MASUFA anterior, tambi\u00e9n a este de ahora le permite seguir cometiendo delitos con total impunidad. Sin duda, la ex vicepresidenta hab\u00eda olvidado lo de la deuda de Felipe Gonz\u00e1lez, que no me extra\u00f1a lo muy anti sanchista que se muestra el sevillano. Creo que quiere a Pedro agarrotado por la misma deuda y \u00e9l no tiene ning\u00fan inter\u00e9s en que alguien decida cancelarla, pues en el mismo paquete podr\u00eda entrar la derogaci\u00f3n de la Ley de Secretos franquista, esa que tanto le protege.<\/p>\n\n\n\n<p>Insisto, mi general, no le estropee usted el d\u00eda al MASUFA con tonter\u00edas. \u00c9l sigue imaginando a su hija mientras juraba la bandera en un sitio militar con alg\u00fan s\u00edmbolo franquista, dicen, pero pelillos a la mar.<\/p>\n\n\n\n<p>De hecho, acabo de recibir una p\u00e1gina del BOE con su propia firma en el Real Decreto 783\/2023 del 10 de octubre por el que \u201cse concede el Collar de la Real y Distinguida Orden Espa\u00f1ola de Carlos III a Su Alteza Real la Princesa de Asturias, do\u00f1a Leonor de Borb\u00f3n y Ortiz\u201d.<\/p>\n\n\n\n<p>\u201cA propuesta del presidente del Gobierno y previa deliberaci\u00f3n del Consejo de ministros al haber alcanzado la mayor\u00eda de edad\u201d.<\/p>\n\n\n\n<p>Hay noticias que se comentan por s\u00ed solas. Eso que nos ahorramos usted, que est\u00e1 leyendo y yo, que me he quedado sin palabras.<\/p>\n\n\n\n<p><span style=\"background-color:#0d0000\" class=\"td_text_highlight_marker\">Domingo Sanz<\/span><\/p>\n","protected":false},"excerpt":{"rendered":"<p>Construya usted todas las met\u00e1foras que quiera mientras siga leyendo para que nadie se sienta ofendido, pero a m\u00ed me importa un bledo si ma\u00f1ana le rompen los t\u00edmpanos a S\u00e1nchez y los trozos de sus membranas, rotos en el ejercicio de una libertad de expresi\u00f3n gritada tambi\u00e9n por algunos que arrancar\u00edan lenguas si pudieran, [&hellip;]<\/p>\n","protected":false},"author":2,"featured_media":6739,"comment_status":"closed","ping_status":"open","sticky":false,"template":"","format":"standard","meta":{"footnotes":""},"categories":[139],"tags":[],"class_list":{"0":"post-6738","1":"post","2":"type-post","3":"status-publish","4":"format-standard","5":"has-post-thumbnail","7":"category-opinio"},"_links":{"self":[{"href":"https:\/\/www.areabesos.com\/diario\/wp-json\/wp\/v2\/posts\/6738","targetHints":{"allow":["GET"]}}],"collection":[{"href":"https:\/\/www.areabesos.com\/diario\/wp-json\/wp\/v2\/posts"}],"about":[{"href":"https:\/\/www.areabesos.com\/diario\/wp-json\/wp\/v2\/types\/post"}],"author":[{"embeddable":true,"href":"https:\/\/www.areabesos.com\/diario\/wp-json\/wp\/v2\/users\/2"}],"replies":[{"embeddable":true,"href":"https:\/\/www.areabesos.com\/diario\/wp-json\/wp\/v2\/comments?post=6738"}],"version-history":[{"count":1,"href":"https:\/\/www.areabesos.com\/diario\/wp-json\/wp\/v2\/posts\/6738\/revisions"}],"predecessor-version":[{"id":6740,"href":"https:\/\/www.areabesos.com\/diario\/wp-json\/wp\/v2\/posts\/6738\/revisions\/6740"}],"wp:featuredmedia":[{"embeddable":true,"href":"https:\/\/www.areabesos.com\/diario\/wp-json\/wp\/v2\/media\/6739"}],"wp:attachment":[{"href":"https:\/\/www.areabesos.com\/diario\/wp-json\/wp\/v2\/media?parent=6738"}],"wp:term":[{"taxonomy":"category","embeddable":true,"href":"https:\/\/www.areabesos.com\/diario\/wp-json\/wp\/v2\/categories?post=6738"},{"taxonomy":"post_tag","embeddable":true,"href":"https:\/\/www.areabesos.com\/diario\/wp-json\/wp\/v2\/tags?post=6738"}],"curies":[{"name":"wp","href":"https:\/\/api.w.org\/{rel}","templated":true}]}}