{"id":6733,"date":"2023-10-15T11:40:18","date_gmt":"2023-10-15T09:40:18","guid":{"rendered":"https:\/\/www.areabesos.com\/diario\/?p=6733"},"modified":"2023-10-16T11:41:35","modified_gmt":"2023-10-16T09:41:35","slug":"millones-de-e-loreg-pero-no-constitucionales","status":"publish","type":"post","link":"https:\/\/www.areabesos.com\/diario\/millones-de-e-loreg-pero-no-constitucionales\/","title":{"rendered":"Millones de \u20ac LOREG, pero no constitucionales"},"content":{"rendered":"\n<p>Acabo de actualizar la hoja de c\u00e1lculo donde tengo los resultados de todas las votaciones al Congreso desde las generales de 1977 y, como est\u00e1 relacionado con el tema de hoy, quiero pedirle al se\u00f1or Marlaska que mande publicar <a href=\"https:\/\/infoelectoral.interior.gob.es\/opencms\/es\/elecciones-celebradas\/resultados-electorales\/\">AQU\u00cd<\/a> los resultados del 23J, que pronto har\u00e1 tres meses y he tenido que recurrir a otras fuentes.<\/p>\n\n\n\n<p>Ahora que el juez Garc\u00eda Castell\u00f3n, por fin y solo tras ser advertido de que estar\u00eda cometiendo una m\u00e1s de esas dilaciones indebidas que a tantos pol\u00edticos delincuentes han salvado de condenas m\u00e1s que merecidas, ha imputado a quien tambi\u00e9n fuera ministro del Interior, Fern\u00e1ndez D\u00edaz, recuerdo que hab\u00eda comenzado el mes de octubre de 2016 y tampoco hab\u00eda ordenado publicar los resultados de las elecciones generales de junio de aquel a\u00f1o.<\/p>\n\n\n\n<p>Entonces fue cuando desde Convocatoria C\u00edvica, entidad presidida por el ex juez Baltasar Garz\u00f3n, se comunicaron a Interior fundadas sospechas sobre la posible manipulaci\u00f3n de los votos del CERA en Castilla y Le\u00f3n durante el recuento de las elecciones anteriores, las del 20D de 2015.<\/p>\n\n\n\n<p>Resultaba que, de la informaci\u00f3n electoral que ofrec\u00eda la misma web ministerial, aunque hab\u00eda que investigar \u201ccon lupa\u201d, se deduc\u00eda que esos votos se habr\u00edan acumulado en una sola provincia durante el recuento para evitar que unos pocos de algunas de las provincias peque\u00f1as hicieran perder diputados al PP.<\/p>\n\n\n\n<p>Se trataba de un delito que, sin ser el mismo, si producir\u00eda el mismo resultado que la \u201cOperaci\u00f3n MAPAU\u201d organizada en Formentera para las auton\u00f3micas de 1999 cuando Jaume Matas gobernaba en Balears. Tambi\u00e9n ser\u00eda ministro, lo que en su caso no le libr\u00f3 de la c\u00e1rcel, aunque por aquel delito electoral solo pagaron los que se hab\u00edan manchado las manos, pero no quienes lo dise\u00f1aron.<\/p>\n\n\n\n<p>El caso es que, oiga, ver para creer: el mismo d\u00eda de la denuncia, que fue el 6 de octubre de 2016, Interior no solo emiti\u00f3 una nota de prensa atribuyendo a un \u201cerror inform\u00e1tico\u201d un \u201cdesfase de censos\u201d a nivel estatal, que no era lo que se denunciaba, sino que, adem\u00e1s, public\u00f3 los resultados de las urnas de junio, cosa que los de Convocatoria C\u00edvica hab\u00edan aprovechado para reclamar.<\/p>\n\n\n\n<p>Volviendo al principio, ante la ausencia de datos en Interior me he dirigido al Congreso, todo sin mover otra cosa que no sean los dedos por el teclado, y he llegado a la conclusi\u00f3n de que ni ellos se creen que esta legislatura tenga futuro, pues si desea usted contactar con alg\u00fan Grupo Parlamentario, cuando llegue a la p\u00e1gina donde se ofrecen las \u201c<em>Direcciones de contacto de los Grupos Parlamentarios<\/em>\u201d la \u00fanica respuesta que encontrar\u00e1 dice: \u201c<em>La informaci\u00f3n sobre las direcciones de contacto de los grupos parlamentarios se publicar\u00e1 pr\u00f3ximamente<\/em>\u201d.<\/p>\n\n\n\n<p>Y as\u00ed lleva desde que se constituyeron los tales \u201c<em>grupos parlamentarios<\/em>\u201d. Por tanto, si usted desea saber lo que podr\u00eda ocurrir, o no, en unas urnas a las que por tercera vez consecutiva se nos convocara para repetirlas porque ellos siguen sin aprender a ponerse de acuerdo, puede consultar <a href=\"http:\/\/sistemaselectorales.es\/2023\/10\/12\/aberraciones-loreg-en-las-elecciones-que-se-repiten\/\">AQU\u00cd2<\/a>.<\/p>\n\n\n\n<p>Pero ahora recuerdo que lo de hoy va de dinero y, gracias a la actualizaci\u00f3n provisional de los resultados, he comprobado lo siguiente:<\/p>\n\n\n\n<p><strong>Uno<\/strong>. Que el 6,05% de los 5.600 esca\u00f1os (350 x 16) del Congreso que se han adjudicado a candidatos electos de todos los partidos en todas las elecciones generales celebradas desde el 15 de junio de 1977 han ido a parar al PP o al PSOE tergiversando la Constituci\u00f3n, pues su art\u00edculo 14 establece la igualdad de todos ante la ley y, adem\u00e1s, dice que no podemos ser discriminados por nuestras opiniones, y, \u00bfqu\u00e9 es un voto, sino una forma de opinar?<\/p>\n\n\n\n<p>Por tanto, esos esca\u00f1os habr\u00edan tenido que adjudicarse a los partidos por los que votaron sus electores, y no al PSOE ni al PP.<\/p>\n\n\n\n<p><strong>Dos<\/strong>. Que, por tanto, el 12,1% del poder legislativo real durante m\u00e1s de 45 a\u00f1os ha sido de signo distinto al sentenciado en las urnas por la voluntad popular. \u00bfQui\u00e9nes fueron y siguen siendo los culpables de este atropello, y tambi\u00e9n sus beneficiarios directos? Evidentemente, quienes aprobaron la LOREG en 1985, una ley cuyo principal cometido deber\u00eda ser contar los votos depositados en las urnas tal como manda la Constituci\u00f3n. \u00a1\u00a1Otra vez Felipe Gonz\u00e1lez!!<\/p>\n\n\n\n<p>\u00bfQu\u00e9 la Constituci\u00f3n dice tambi\u00e9n que la \u201ccircunscripci\u00f3n electoral\u201d es la provincia?<\/p>\n\n\n\n<p>De acuerdo, pero menos excusas, porque un reparto de esca\u00f1os que respete el 14 del T\u00edtulo I \u201cde los Derechos y Deberes fundamentales\u201d y sin necesidad de modificar un 68.2 incluido en el T\u00edtulo III \u201cde las Cortes Generales\u201d, se puede arbitrar sin modificar la Constituci\u00f3n, pero eso es para mentes libres y abiertas, no de pol\u00edticos encerrados en sus reuniones calculando las palabras.<\/p>\n\n\n\n<p>De esto hablaremos en otro momento.<\/p>\n\n\n\n<p>No hac\u00eda falta decirlo, pero ese 12,1% sale del 6,05% que han disfrutado sin merecerlo el PP y el PSOE, pues corresponde a papeletas de votaci\u00f3n que no llevaban sus siglas, m\u00e1s ese mismo 6,05% que se ha \u201crobado\u201d a candidaturas cuyos votos s\u00ed hab\u00edan entrado en las urnas con sus siglas.<\/p>\n\n\n\n<p><strong>Tres<\/strong>. Y, por fin, el dinero. Si el presupuesto anual del Congreso fuera de 100.000.000 de \u20ac (no andar\u00e1 muy lejos) y de esos millones, 35, por ejemplo, fueran destinados a retribuciones, dietas y dem\u00e1s pagos vinculados a los titulares de los esca\u00f1os, resultar\u00eda que varios millones cada a\u00f1o, a multiplicar por 45 desde 1977, habr\u00edan servido para retribuir a pol\u00edticos del PSOE y del PP en lugar de a pol\u00edticos de los partidos elegidos por sus votantes.<\/p>\n\n\n\n<p>Todos sabemos que el dinero tiene consecuencias, y si son cifras mareantes muchas m\u00e1s, y las m\u00e1s de las veces injustas, pero en esos detalles entraremos m\u00e1s adelante.<\/p>\n\n\n\n<p>Lo que no puedo evitar es dejar constancia de que me parecer\u00edan incluso comprensibles las trampas en las leyes electorales aprobadas por los m\u00e1s fuertes si sus sueldos como pol\u00edticos se los pagaran ellos mismos o sus mecenas privados, que all\u00e1 ellos, porque yo, por ejemplo, no ir\u00eda a votar, pero que tergiversar los votos que depositamos en las urnas a la hora de contarlos sirva tambi\u00e9n para que una parte del dinero de nuestros impuestos se lo terminen repartiendo en contra de nuestra voluntad manifiesta, es algo que sobrepasa mucho m\u00e1s lo que se puede soportar.<\/p>\n\n\n\n<p>\u00bfO quiz\u00e1s soy tonto, y si realmente el dinero que perciben fuera suyo, o de los suyos, evitar\u00edan por todos los medios que se malversara un solo c\u00e9ntimo?<\/p>\n\n\n\n<p>Por cierto, si conoce usted a alguien que sepa que los votos sirven para algo distinto a lo de ser contados, me lo env\u00ede, por favor.<\/p>\n\n\n\n<p>Pd.: Se\u00f1or Marlaska, vuelvo con usted. Su ministerio ofrece, salvo error por mi parte, la mejor informaci\u00f3n de los resultados electorales. Solo faltan los de las auton\u00f3micas. No se me caer\u00e1n los anillos por reconocer sus m\u00e9ritos. Por eso mismo, si algo funciona, d\u00e9 la orden para que se mantenga actualizado.<\/p>\n\n\n\n<p>Y, aunque solo fuera por respeto a <strong>TODA<\/strong> nuestra, a\u00fan tan breve, historia democr\u00e1tica, \u00bfpodr\u00eda usted incluir tambi\u00e9n los resultados de las elecciones que se celebraron durante la Segunda Rep\u00fablica?<\/p>\n\n\n\n<p>Fue tan violada que precisamente, porque nunca se castig\u00f3 a sus violadores, recordarla desde el Gobierno contribuir\u00e1 a evitar nuevas violaciones.<\/p>\n\n\n\n<p><span style=\"background-color:#0d0000\" class=\"td_text_highlight_marker\">Domingo Sanz<\/span><\/p>\n","protected":false},"excerpt":{"rendered":"<p>Acabo de actualizar la hoja de c\u00e1lculo donde tengo los resultados de todas las votaciones al Congreso desde las generales de 1977 y, como est\u00e1 relacionado con el tema de hoy, quiero pedirle al se\u00f1or Marlaska que mande publicar AQU\u00cd los resultados del 23J, que pronto har\u00e1 tres meses y he tenido que recurrir a [&hellip;]<\/p>\n","protected":false},"author":2,"featured_media":4803,"comment_status":"closed","ping_status":"open","sticky":false,"template":"","format":"standard","meta":{"footnotes":""},"categories":[139],"tags":[],"class_list":{"0":"post-6733","1":"post","2":"type-post","3":"status-publish","4":"format-standard","5":"has-post-thumbnail","7":"category-opinio"},"_links":{"self":[{"href":"https:\/\/www.areabesos.com\/diario\/wp-json\/wp\/v2\/posts\/6733","targetHints":{"allow":["GET"]}}],"collection":[{"href":"https:\/\/www.areabesos.com\/diario\/wp-json\/wp\/v2\/posts"}],"about":[{"href":"https:\/\/www.areabesos.com\/diario\/wp-json\/wp\/v2\/types\/post"}],"author":[{"embeddable":true,"href":"https:\/\/www.areabesos.com\/diario\/wp-json\/wp\/v2\/users\/2"}],"replies":[{"embeddable":true,"href":"https:\/\/www.areabesos.com\/diario\/wp-json\/wp\/v2\/comments?post=6733"}],"version-history":[{"count":1,"href":"https:\/\/www.areabesos.com\/diario\/wp-json\/wp\/v2\/posts\/6733\/revisions"}],"predecessor-version":[{"id":6734,"href":"https:\/\/www.areabesos.com\/diario\/wp-json\/wp\/v2\/posts\/6733\/revisions\/6734"}],"wp:featuredmedia":[{"embeddable":true,"href":"https:\/\/www.areabesos.com\/diario\/wp-json\/wp\/v2\/media\/4803"}],"wp:attachment":[{"href":"https:\/\/www.areabesos.com\/diario\/wp-json\/wp\/v2\/media?parent=6733"}],"wp:term":[{"taxonomy":"category","embeddable":true,"href":"https:\/\/www.areabesos.com\/diario\/wp-json\/wp\/v2\/categories?post=6733"},{"taxonomy":"post_tag","embeddable":true,"href":"https:\/\/www.areabesos.com\/diario\/wp-json\/wp\/v2\/tags?post=6733"}],"curies":[{"name":"wp","href":"https:\/\/api.w.org\/{rel}","templated":true}]}}