{"id":6600,"date":"2023-07-11T17:03:33","date_gmt":"2023-07-11T15:03:33","guid":{"rendered":"https:\/\/www.areabesos.com\/diario\/?p=6600"},"modified":"2023-07-28T17:08:41","modified_gmt":"2023-07-28T15:08:41","slug":"lorgull-lgbti","status":"publish","type":"post","link":"https:\/\/www.areabesos.com\/diario\/lorgull-lgbti\/","title":{"rendered":"L\u2019orgull LGBTI"},"content":{"rendered":"\n<p>Fa uns dies vaig veure una manifestaci\u00f3 d\u2019una s\u00e8rie de persones que exigien uns drets que durant anys se\u2019ls han anat negant; no sols aix\u00f2, sin\u00f3 que han estat perseguides, castigades i fins matades. Moltes durant anys s\u2019han vist obligades a amagar les seves difer\u00e8ncies. Per\u00f2 la cosa ha canviat, ja poden mostrar-se al m\u00f3n com realment s\u00f3n o han nascut. Nom\u00e9s hi ha una cosa que volia comentar: tots sabem que les coses canvien en tots els aspectes de la nostra vida i a cada moment o \u00e8poca el que \u00e9s v\u00e0lid, amb els anys, deixa de ser v\u00e0lid; uns li diuen aven\u00e7 i altres evoluci\u00f3. Doncs b\u00e9, una vegada comentat aquest assumpte volia dir-los que sobre aquest tema, que avui \u00e9s prioritari, d\u2019aqu\u00ed a 100 o 150 anys segurament les persones podran triar abans de ser fecundades a quin grup de persones volen pert\u00e0nyer: simplement els pares se sotmetran a unes proves d\u2019ADN en qu\u00e8 s\u2019estudiaran les possibilitats que tenen a l\u2019hora de reproduir-se i quina persona volen que neixi, i modificant aquests par\u00e0metres es podr\u00e0 obtenir la persona que naixer\u00e0. En l\u2019actualitat sembla que \u00e9s ci\u00e8ncia-ficci\u00f3. Amb aix\u00f2 vull indicar que deixem que les coses marxin com pertanyen a l\u2019\u00e8poca que estem vivint i ja parlarem quan toqui del que hem de fer. Per\u00f2 no oblidem que les coses canvien. Segurament podria ampliar m\u00e9s aquesta informaci\u00f3, per\u00f2 crec que de moment \u00e9s suficient. No hem de preocupar-nos, ja s\u2019anir\u00e0 ajustant a cada \u00e8poca.<\/p>\n\n\n\n<p><span style=\"background-color:#0d0101\" class=\"td_text_highlight_marker\">Josep Meg\u00edas<\/span><\/p>\n","protected":false},"excerpt":{"rendered":"<p>Fa uns dies vaig veure una manifestaci\u00f3 d\u2019una s\u00e8rie de persones que exigien uns drets que durant anys se\u2019ls han anat negant; no sols aix\u00f2, sin\u00f3 que han estat perseguides, castigades i fins matades. Moltes durant anys s\u2019han vist obligades a amagar les seves difer\u00e8ncies. Per\u00f2 la cosa ha canviat, ja poden mostrar-se al m\u00f3n [&hellip;]<\/p>\n","protected":false},"author":2,"featured_media":6601,"comment_status":"closed","ping_status":"open","sticky":false,"template":"","format":"standard","meta":{"footnotes":""},"categories":[139],"tags":[],"class_list":{"0":"post-6600","1":"post","2":"type-post","3":"status-publish","4":"format-standard","5":"has-post-thumbnail","7":"category-opinio"},"_links":{"self":[{"href":"https:\/\/www.areabesos.com\/diario\/wp-json\/wp\/v2\/posts\/6600","targetHints":{"allow":["GET"]}}],"collection":[{"href":"https:\/\/www.areabesos.com\/diario\/wp-json\/wp\/v2\/posts"}],"about":[{"href":"https:\/\/www.areabesos.com\/diario\/wp-json\/wp\/v2\/types\/post"}],"author":[{"embeddable":true,"href":"https:\/\/www.areabesos.com\/diario\/wp-json\/wp\/v2\/users\/2"}],"replies":[{"embeddable":true,"href":"https:\/\/www.areabesos.com\/diario\/wp-json\/wp\/v2\/comments?post=6600"}],"version-history":[{"count":1,"href":"https:\/\/www.areabesos.com\/diario\/wp-json\/wp\/v2\/posts\/6600\/revisions"}],"predecessor-version":[{"id":6602,"href":"https:\/\/www.areabesos.com\/diario\/wp-json\/wp\/v2\/posts\/6600\/revisions\/6602"}],"wp:featuredmedia":[{"embeddable":true,"href":"https:\/\/www.areabesos.com\/diario\/wp-json\/wp\/v2\/media\/6601"}],"wp:attachment":[{"href":"https:\/\/www.areabesos.com\/diario\/wp-json\/wp\/v2\/media?parent=6600"}],"wp:term":[{"taxonomy":"category","embeddable":true,"href":"https:\/\/www.areabesos.com\/diario\/wp-json\/wp\/v2\/categories?post=6600"},{"taxonomy":"post_tag","embeddable":true,"href":"https:\/\/www.areabesos.com\/diario\/wp-json\/wp\/v2\/tags?post=6600"}],"curies":[{"name":"wp","href":"https:\/\/api.w.org\/{rel}","templated":true}]}}