{"id":6590,"date":"2023-07-26T18:13:32","date_gmt":"2023-07-26T16:13:32","guid":{"rendered":"https:\/\/www.areabesos.com\/diario\/?p=6590"},"modified":"2023-07-27T18:15:15","modified_gmt":"2023-07-27T16:15:15","slug":"grup-tersa-presenta-la-memoria-de-sostenibilitat-2022","status":"publish","type":"post","link":"https:\/\/www.areabesos.com\/diario\/grup-tersa-presenta-la-memoria-de-sostenibilitat-2022\/","title":{"rendered":"Grup TERSA presenta la Mem\u00f2ria de Sostenibilitat 2022"},"content":{"rendered":"\n<p>Grup TERSA, l\u2019empresa especialitzada en la gesti\u00f3 de serveis ambientals i que est\u00e0 participada majorit\u00e0riament per l\u2019Ajuntament de Barcelona i l\u2019\u00c0rea Metropolitana de Barcelona (AMB), ha fet p\u00fablica la Mem\u00f2ria de Sostenibilitat 2022 per tal de donar a con\u00e8ixer la seva activitat i gesti\u00f3 en l\u2019\u00e0mbit social, econ\u00f2mic i mediambiental.<\/p>\n\n\n\n<p>La Mem\u00f2ria, que s\u2019ha elaborat seguint els criteris establerts per <em>Global Reporting Initiative<\/em> i que ha estat verificada per una empresa externa independent, exposa les dades i les actuacions m\u00e9s rellevants de l\u2019activitat de l\u2019empresa p\u00fablica durant el 2022. Entre els fets m\u00e9s rellevants que es recullen al document, destaquen els seg\u00fcents:<\/p>\n\n\n\n<ul class=\"wp-block-list\">\n<li><strong>Grup TERSA ha ampliat el seu accionariat amb l\u2019entrada de cinc ajuntaments metropolitans<\/strong>: l\u2019Ajuntament de Sant Feliu de Llobregat, el de Sant Boi de Llobregat, el de Sant Just Desvern, el d\u2019Esplugues de Llobregat i el de Sant Vicen\u00e7 dels Horts. Gr\u00e0cies a aquests acords, els consistoris metropolitans podran <strong>adherir-se al servei de Barcelona Energia<\/strong>, la comercialitzadora p\u00fablica de l\u2019\u00e0rea metropolitana de Barcelona gestionada per TERSA, i gaudir d\u2019energia 100&nbsp;% renovable als equipaments p\u00fablics de les ciutats. A m\u00e9s a m\u00e9s, aquesta ampliaci\u00f3 tamb\u00e9 afavorir\u00e0 la prestaci\u00f3 de serveis energ\u00e8tics de TERSA als consistoris pel tal de treballar i contribuir a la transici\u00f3 cap a un model energ\u00e8tic m\u00e9s sostenible.<\/li>\n<\/ul>\n\n\n\n<ul class=\"wp-block-list\">\n<li>La<strong> Planta de Valoritzaci\u00f3 Energ\u00e8tica (PVE) de Sant Adri\u00e0 del Bes\u00f2s ha renovat l\u2019Autoritzaci\u00f3 Ambiental Integrada (AAI),<\/strong> fet que certifica que el seu funcionament s\u2019adequa a la regulaci\u00f3 vigent i, a m\u00e9s, remarca les mesures d\u2019efici\u00e8ncia energ\u00e8tica i les millores t\u00e8cniques aplicades a la planta per a la valoritzaci\u00f3 de residus. La renovaci\u00f3 de l\u2019AAI \u00e9s un dels tr\u00e0mits que s\u2019emmarca dins dels procediments normals de control de la seva activitat i avala, una vegada m\u00e9s, el bon funcionament de la PVE=. La valoritzaci\u00f3 energ\u00e8tica \u00e9s una de les principals \u00e0rees d\u2019actuaci\u00f3 del Grup TERSA, que, a trav\u00e9s de la reducci\u00f3 dels residus i l\u2019aprofitament del seu poder calor\u00edfic, genera energia i, d\u2019aquesta manera, redueix el seu impacte ambiental. El 2022, es van valoritzar 316.844&nbsp;tones de residus a la PVE i es van produir 181.921&nbsp;MWh d\u2019energia. A m\u00e9s, es van subministrar 127.992&nbsp;tones de vapor a la xarxa urbana de calor i fred del F\u00f2rum i del districte 22@.<\/li>\n<\/ul>\n\n\n\n<ul class=\"wp-block-list\">\n<li>El <strong>Centre de Tractament de Residus Municipals (CTRM) de Gav\u00e0-Viladecans<\/strong>, gestionat per SEMESA, <strong>ha incrementat un 37,5&nbsp;% la seva capacitat de tractament d\u2019envasos lleugers<\/strong>, com per exemple envasos de pl\u00e0stic, met\u00e0l\u00b7lics i envasos per a begudes i aliments (brics). La planta ha posat en funcionament un nou torn, el tercer, per donar resposta a l\u2019augment d\u2019envasos lleugers que arriben al centre fruit d\u2019una millora en la recollida selectiva per part de la ciutadania. D\u2019aquesta manera, el 2022 es van tractar 24.845&nbsp;tones d\u2019envasos lleugers amb un percentatge de recuperaci\u00f3 del 66,5&nbsp;%.<\/li>\n<\/ul>\n\n\n\n<ul class=\"wp-block-list\">\n<li><strong>Barcelona Energia<\/strong>, la comercialitzadora p\u00fablica de l\u2019\u00e0rea metropolitana de Barcelona gestionada per TERSA, <strong>va comercialitzar 220.025&nbsp;MWh d\u2019energia el 2022, un 17,27&nbsp;% m\u00e9s que el 2021.<\/strong> Pel que fa als punts de subministrament, Barcelona Energia va tancar el 2022 amb un total de 10.832&nbsp;punts, 4.788 dels quals eren dom\u00e8stics, 5.338 municipals i 706 de comer\u00e7os i empreses. La xifra \u00e9s un 9,21&nbsp;% superior a la del 2021, que es va tancar amb 9.918&nbsp;punts de subministrament. El creixement de la comercialitzadora energ\u00e8tica p\u00fablica demostra l\u2019inter\u00e8s creixent de la ciutadania en un model energ\u00e8tic m\u00e9s sostenible i responsable.<\/li>\n<\/ul>\n\n\n\n<ul class=\"wp-block-list\">\n<li>Grup TERSA va tancar el 2022 <strong>generant un 41&nbsp;% m\u00e9s d\u2019energia renovable<\/strong> que el 2021 gr\u00e0cies a les <strong>177 instal\u00b7lacions fotovoltaiques<\/strong> que gestiona a Barcelona i la seva \u00e0rea metropolitana. <strong>L\u2019energia total produ\u00efda l\u2019any passat per aquestes instal\u00b7lacions va ser de 3.935.640&nbsp;kWh<\/strong>, que es van destinar principalment a l\u2019autoconsum, en el cas de les plaques fotovoltaiques d\u2019autogeneraci\u00f3 i, tamb\u00e9, a la seva comercialitzaci\u00f3 en el cas de les instal\u00b7lacions connectades a la xarxa el\u00e8ctrica. Properament, Grup TERSA preveu la posada en marxa de 88 projectes fotovoltaics nous per enc\u00e0rrec de l\u2019\u00c0rea Metropolitana de Barcelona, fet que consolida la l\u00ednia de negoci de gesti\u00f3 integral d\u2019instal\u00b7lacions fotovoltaiques que ofereix l\u2019empresa p\u00fablica des de fa m\u00e9s de 14 anys.<\/li>\n<\/ul>\n\n\n\n<p>Grup TERSA reafirma aix\u00ed el seu comprom\u00eds amb la ciutadania mitjan\u00e7ant aquest exercici de transpar\u00e8ncia que fa publica la seva gesti\u00f3, a m\u00e9s de donar a con\u00e8ixer les dades de la seva activitat i el seu impacte a la comunitat i posar-les a disposici\u00f3 de la ciutadania. En aquest sentit, es consolida el comprom\u00eds amb el bon govern i la transpar\u00e8ncia de l\u2019empresa i la voluntat d\u2019establir un di\u00e0leg permanent amb els diferents grups d\u2019inter\u00e8s per tal de continuar posicionant el Grup com una de les empreses expertes i referents en el sector.<\/p>\n\n\n\n<p>La Mem\u00f2ria de Sostenibilitat 2022 del Grup TERSA es pot consultar en aquest enlla\u00e7 (en catal\u00e0):<\/p>\n\n\n\n<p><a href=\"https:\/\/www.tersa.cat\/media\/3275\/mem\u00f2ria-de-sostenibilitat-cat_web.pdf\">https:\/\/www.tersa.cat\/media\/3275\/mem\u00f2ria-de-sostenibilitat-cat_web.pdf<\/a><\/p>\n\n\n\n<p><strong>Visita de la Primera Tinenta d&#8217;Alcaldia de l\u2019Ajuntament de Barcelona, Laia Bonet, a la Planta de Valoritzaci\u00f3 Energ\u00e8tica (PVE)<\/strong><\/p>\n\n\n\n<p>La publicaci\u00f3 de les dades de l\u2019activitat de Grup TERSA durant el 2022 ha coincidit amb la visita institucional a la Planta de Valoritzaci\u00f3 Energ\u00e8tica (PVE) de Sant Adri\u00e0 del Bes\u00f2s de la Primera Tinenta d\u2019Alcaldia de l\u2019Ajuntament de Barcelona, Laia Bonet, que ha estat acompanyada per un grup de membres de l\u2019equip municipal. Els representants del consistori barcelon\u00ed han estat atesos per Oriol Vall-llovera, gerent del Grup TERSA, i d\u2019aquesta manera, han pogut con\u00e8ixer de prop el funcionament de la planta. Ha estat la primera visita de representants municipals a les instal\u00b7lacions de TERSA una vegada ha quedat configurat el nou equip de govern de l\u2019Ajuntament de Barcelona, fruit del resultat electoral de les eleccions municipals del passat 28 de maig.&nbsp;<\/p>\n\n\n\n<p>Aquesta trobada posa de manifest la confian\u00e7a de les administracions p\u00fabliques en Grup TERSA, que es posiciona com una de les empreses referents del sector en la gesti\u00f3 de residus municipals i, a la vegada, reafirma un cop m\u00e9s la seva vocaci\u00f3 de servei p\u00fablic i el seu comprom\u00eds amb la ciutadania i el seu entorn.<\/p>\n","protected":false},"excerpt":{"rendered":"<p>Grup TERSA, l\u2019empresa especialitzada en la gesti\u00f3 de serveis ambientals i que est\u00e0 participada majorit\u00e0riament per l\u2019Ajuntament de Barcelona i l\u2019\u00c0rea Metropolitana de Barcelona (AMB), ha fet p\u00fablica la Mem\u00f2ria de Sostenibilitat 2022 per tal de donar a con\u00e8ixer la seva activitat i gesti\u00f3 en l\u2019\u00e0mbit social, econ\u00f2mic i mediambiental. La Mem\u00f2ria, que s\u2019ha elaborat [&hellip;]<\/p>\n","protected":false},"author":2,"featured_media":6591,"comment_status":"closed","ping_status":"open","sticky":false,"template":"","format":"standard","meta":{"footnotes":""},"categories":[134],"tags":[],"class_list":{"0":"post-6590","1":"post","2":"type-post","3":"status-publish","4":"format-standard","5":"has-post-thumbnail","7":"category-actualitat"},"_links":{"self":[{"href":"https:\/\/www.areabesos.com\/diario\/wp-json\/wp\/v2\/posts\/6590","targetHints":{"allow":["GET"]}}],"collection":[{"href":"https:\/\/www.areabesos.com\/diario\/wp-json\/wp\/v2\/posts"}],"about":[{"href":"https:\/\/www.areabesos.com\/diario\/wp-json\/wp\/v2\/types\/post"}],"author":[{"embeddable":true,"href":"https:\/\/www.areabesos.com\/diario\/wp-json\/wp\/v2\/users\/2"}],"replies":[{"embeddable":true,"href":"https:\/\/www.areabesos.com\/diario\/wp-json\/wp\/v2\/comments?post=6590"}],"version-history":[{"count":1,"href":"https:\/\/www.areabesos.com\/diario\/wp-json\/wp\/v2\/posts\/6590\/revisions"}],"predecessor-version":[{"id":6592,"href":"https:\/\/www.areabesos.com\/diario\/wp-json\/wp\/v2\/posts\/6590\/revisions\/6592"}],"wp:featuredmedia":[{"embeddable":true,"href":"https:\/\/www.areabesos.com\/diario\/wp-json\/wp\/v2\/media\/6591"}],"wp:attachment":[{"href":"https:\/\/www.areabesos.com\/diario\/wp-json\/wp\/v2\/media?parent=6590"}],"wp:term":[{"taxonomy":"category","embeddable":true,"href":"https:\/\/www.areabesos.com\/diario\/wp-json\/wp\/v2\/categories?post=6590"},{"taxonomy":"post_tag","embeddable":true,"href":"https:\/\/www.areabesos.com\/diario\/wp-json\/wp\/v2\/tags?post=6590"}],"curies":[{"name":"wp","href":"https:\/\/api.w.org\/{rel}","templated":true}]}}