{"id":6586,"date":"2023-07-26T16:18:13","date_gmt":"2023-07-26T14:18:13","guid":{"rendered":"https:\/\/www.areabesos.com\/diario\/?p=6586"},"modified":"2023-07-26T16:18:14","modified_gmt":"2023-07-26T14:18:14","slug":"proteccio-civil-de-sant-adria-rep-ajuda-de-lobra-social-la-caixa-pel-seu-projecte-cuidem-a-la-nostra-gent-gran","status":"publish","type":"post","link":"https:\/\/www.areabesos.com\/diario\/proteccio-civil-de-sant-adria-rep-ajuda-de-lobra-social-la-caixa-pel-seu-projecte-cuidem-a-la-nostra-gent-gran\/","title":{"rendered":"Protecci\u00f3 Civil de Sant Adri\u00e0 rep ajuda de l&#8217;Obra Social La Caixa pel seu projecte \u00abCuidem a la nostra gent gran\u00bb"},"content":{"rendered":"\n<p>Divendres passat, el president de Protecci\u00f3 Civil de Sant Adri\u00e0 de Bes\u00f2s va signar una ajuda de l&#8217;Obra Social La Caixa per tirar endavant el projecte \u00abCuidem a la nostra gent gran\u00bb. L&#8217;objectiu \u00e9s instal\u00b7lar detectors de fum a domicilis de gent gran de m\u00e9s de 65 anys i persones amb discapacitat i\/o mobilitat redu\u00efda. Tal i com explica l&#8217;associaci\u00f3, \u00aba mesura que envellim, els nostres cossos canvien. Els problemes amb la vista, la p\u00e8rdua d&#8217;audici\u00f3, l&#8217;artritis, la dem\u00e8ncia i els efectes secundaris dels medicaments poden fer que sigui m\u00e9s dif\u00edcil reaccionar davant d&#8217;un incendi\u00bb. <\/p>\n\n\n\n<p>De fet, destaquen que a partir dels 65 anys les persones tenen el doble de probabilitats de morir o lesionar-se a conseq\u00fc\u00e8ncia d&#8217;un incendi. A m\u00e9s, el foc \u00e9s el protagonista de 8 de cada 10 accidents a casa i la meitat dels afectats s\u00f3n persones de la tercera edat. \u00abLa soluci\u00f3, \u00e9s instal\u00b7lar un detector de fum a casa, \u00a0alarmes extremadament sensibles i que emeten en senyal sonor molt potent. L&#8217;objectiu \u00e9s refor\u00e7ar la seguretat contra possibles incendis de la gent gran i que aquest col\u00b7lectiu pugui viure al seu entorn el major temps i amb la major seguretat possible\u00bb, afirmen des de Protecci\u00f3 Civil adrianenca.   <\/p>\n\n\n\n<p>La implementaci\u00f3 es far\u00e0 en dues fases. La primera formativa amb personal qualificat especialista en la materia per a l&#8217;explicaci\u00f3 i la sensibilitzaci\u00f3 de com actuar en cas d&#8217;emerg\u00e8ncia i una segona fase a totes les persones interessades la de repartir i\/o planificar la col\u00b7locaci\u00f3 de les pr\u00f2pies alarmes. Per arrivar a les m\u00e0ximes persones vulnerables possibles, farem coordinaci\u00f3 amb els Serveis Socials dels Ajuntaments, centres de dies i llars del jubilat.<\/p>\n\n\n\n<p>El projecte es posar\u00e0 en funcionament el proper mes de setembre d\u2019aquest any.<\/p>\n","protected":false},"excerpt":{"rendered":"<p>Divendres passat, el president de Protecci\u00f3 Civil de Sant Adri\u00e0 de Bes\u00f2s va signar una ajuda de l&#8217;Obra Social La Caixa per tirar endavant el projecte \u00abCuidem a la nostra gent gran\u00bb. L&#8217;objectiu \u00e9s instal\u00b7lar detectors de fum a domicilis de gent gran de m\u00e9s de 65 anys i persones amb discapacitat i\/o mobilitat redu\u00efda. [&hellip;]<\/p>\n","protected":false},"author":2,"featured_media":6587,"comment_status":"closed","ping_status":"open","sticky":false,"template":"","format":"standard","meta":{"footnotes":""},"categories":[134,135],"tags":[],"class_list":{"0":"post-6586","1":"post","2":"type-post","3":"status-publish","4":"format-standard","5":"has-post-thumbnail","7":"category-actualitat","8":"category-societat"},"_links":{"self":[{"href":"https:\/\/www.areabesos.com\/diario\/wp-json\/wp\/v2\/posts\/6586","targetHints":{"allow":["GET"]}}],"collection":[{"href":"https:\/\/www.areabesos.com\/diario\/wp-json\/wp\/v2\/posts"}],"about":[{"href":"https:\/\/www.areabesos.com\/diario\/wp-json\/wp\/v2\/types\/post"}],"author":[{"embeddable":true,"href":"https:\/\/www.areabesos.com\/diario\/wp-json\/wp\/v2\/users\/2"}],"replies":[{"embeddable":true,"href":"https:\/\/www.areabesos.com\/diario\/wp-json\/wp\/v2\/comments?post=6586"}],"version-history":[{"count":1,"href":"https:\/\/www.areabesos.com\/diario\/wp-json\/wp\/v2\/posts\/6586\/revisions"}],"predecessor-version":[{"id":6588,"href":"https:\/\/www.areabesos.com\/diario\/wp-json\/wp\/v2\/posts\/6586\/revisions\/6588"}],"wp:featuredmedia":[{"embeddable":true,"href":"https:\/\/www.areabesos.com\/diario\/wp-json\/wp\/v2\/media\/6587"}],"wp:attachment":[{"href":"https:\/\/www.areabesos.com\/diario\/wp-json\/wp\/v2\/media?parent=6586"}],"wp:term":[{"taxonomy":"category","embeddable":true,"href":"https:\/\/www.areabesos.com\/diario\/wp-json\/wp\/v2\/categories?post=6586"},{"taxonomy":"post_tag","embeddable":true,"href":"https:\/\/www.areabesos.com\/diario\/wp-json\/wp\/v2\/tags?post=6586"}],"curies":[{"name":"wp","href":"https:\/\/api.w.org\/{rel}","templated":true}]}}