{"id":6584,"date":"2023-07-26T16:07:35","date_gmt":"2023-07-26T14:07:35","guid":{"rendered":"https:\/\/www.areabesos.com\/diario\/?p=6584"},"modified":"2023-07-26T16:07:36","modified_gmt":"2023-07-26T14:07:36","slug":"la-lista-mas-votada-no-senor-feijoo-las-listas-con-mas-votos-y-escanos-si","status":"publish","type":"post","link":"https:\/\/www.areabesos.com\/diario\/la-lista-mas-votada-no-senor-feijoo-las-listas-con-mas-votos-y-escanos-si\/","title":{"rendered":"La \u00ablista m\u00e1s votada\u00bb no, se\u00f1or Feij\u00f3o. Las listas con m\u00e1s votos y esca\u00f1os, s\u00ed"},"content":{"rendered":"\n<p>Porque la palabra \u201cdemocracia\u201d se escribe con \u201cs\u201d del plural o, si necesita una versi\u00f3n m\u00e1s simple, le puedo recordar ese texto legal que termina afirmando que \u201c\u2026propugna como valores superiores de su ordenamiento jur\u00eddico la libertad, la justicia, la igualdad y el pluralismo pol\u00edtico\u201d. Y cuando dice \u201cpluralismo\u201d no lo est\u00e1 limitando a dos partidos, que a duras penas consigue usted disimular que su democracia favorita ser\u00eda siempre la m\u00e1s c\u00f3moda posible para quienes, como usted, viven de la pol\u00edtica: mejor solo dos que m\u00e1s, y porque un solo partido pol\u00edtico, con distintas tendencias dentro para hacer teatro, ya no colar\u00eda.<\/p>\n\n\n\n<p>S\u00ed, se trata del art\u00edculo 1 de una Constituci\u00f3n que si la hubieran redactado los secuaces de Arias y Fraga es probable que tambi\u00e9n incluyera la \u201ccalle es m\u00eda\u201d, perd\u00f3n, quer\u00eda decir la \u201cgobernabilidad\u201d, como uno de esos \u201cvalores superiores de su ordenamiento jur\u00eddico\u201d. Pero no la incluye, y puede que tengamos una Constituci\u00f3n que nos conduce a la anarqu\u00eda y no nos hab\u00edamos dado cuenta. Mala suerte.<\/p>\n\n\n\n<p>Abro par\u00e9ntesis hist\u00f3rico para recordar a los trabajadores asesinados por las fuerzas represivas postfranquistas en Vitoria el d\u00eda 3 de marzo de 1976, en tanto que fueron, quiz\u00e1s, las personas que tuvieron que morir para que Juan Carlos I se viera obligado a destituir a aquella pareja de franquistas y nombrar a Adolfo Su\u00e1rez para que el futuro que deb\u00eda seguir \u201catado y bien atado\u201d no resultara casi tan sangriento como lo hab\u00eda sido la dictadura. Y todav\u00eda hay quien dice que fue el de Abu Dabi quien trajo esta democracia a la que yo prefiero llamar monarqu\u00eda con urnas.<\/p>\n\n\n\n<p>Volviendo a lo nuestro de hoy, si no tuviera prohibido creerlo pensar\u00eda que usted, se\u00f1or Feij\u00f3o, es incapaz de imaginar los diferentes escenarios, algunos aberrantes, que podr\u00edan derivarse de su propuesta.<\/p>\n\n\n\n<p>Por ejemplo, el de un gobierno formado por una candidatura que hubiera conseguido solo unos cuantos votos m\u00e1s que otra u otras, y cada una de ellas, por ejemplo, con porcentajes en torno al 20% o 25% de los votos emitidos. Podr\u00eda ocurrir perfectamente. Y que, de esas candidaturas casi empatadas, la \u201cm\u00e1s votada\u201d sacara menos esca\u00f1os que una o varias de las otras. Menudo l\u00edo.<\/p>\n\n\n\n<p>Sin ir m\u00e1s lejos, con los resultados del 23J sobre la mesa, usted pretende gobernar con 8,1 millones de votos y 136 esca\u00f1os en el Congreso, mientras los dos partidos que formaban la coalici\u00f3n de gobierno anterior suman 10,7 millones de votos y 153 esca\u00f1os, y a\u00fan queda el recuento de un CERA que no suele proporcionar grandes satisfacciones a las derechas\u2026, salvo cuando lo utiliza para organizar delitos electorales como la \u201cOperaci\u00f3n Mapau\u201d desde Argentina hasta la isla de Formentera. Tan burdo que se descubri\u00f3 durante un examen, creo recordar que era sobre conocimiento del idioma ruso, para acceder a un puesto de trabajo en la Conseller\u00eda de Industria. Corr\u00eda el \u00faltimo a\u00f1o del siglo pasado.<\/p>\n\n\n\n<p>Porque lo cierto, se\u00f1or Feij\u00f3o, es que su partido es insaciable a la hora de conseguir leyes y posiciones ventajistas a cualquier precio. Por ejemplo, usted sabe perfectamente que la LOREG viene tergiversando la voluntad popular a favor del PP y del PSOE desde junio de 1977.<\/p>\n\n\n\n<p>Es algo que ocurre de manera autom\u00e1tica durante los recuentos que convierten en poder parlamentario los votos recogidos en las urnas. Por ejemplo, sin salir de las elecciones generales celebradas antes de ayer, 23 de julio, cada esca\u00f1o le ha costado al PP 59.499 votos y al PSOE 63.615 (un 6,9% m\u00e1s). Pero SUMAR ha \u201cpagado\u201d 97.226 votos (un 63% m\u00e1s) por cada uno de sus esca\u00f1os.<\/p>\n\n\n\n<p>Terminar\u00e9, por tanto, hablando de sus adversarios para decirles que me acabo de sentar a contemplar c\u00f3mo, una vez m\u00e1s, los de la izquierda del PSOE le van a regalar la presidencia del gobierno al partido que tienen a su inmediata derecha sin exigirle a cambio una reforma electoral que corrija la discriminatoria inferioridad con que sus votantes acuden a las urnas.<\/p>\n\n\n\n<p>Si Pablo Iglesias, que ahora no para de criticar a Yolanda pero que cuando pudo intentarlo no fue capaz ni de plantearlo, y eso que lleg\u00f3 al extremo de votar en 2016 para que Rajoy siguiera en La Moncloa, \u00bfpodemos pensar que la l\u00edder de SUMAR lo conseguir\u00e1?<\/p>\n\n\n\n<p>Me parece poco probable que ni siquiera se atreva a proponerlo.<\/p>\n","protected":false},"excerpt":{"rendered":"<p>Porque la palabra \u201cdemocracia\u201d se escribe con \u201cs\u201d del plural o, si necesita una versi\u00f3n m\u00e1s simple, le puedo recordar ese texto legal que termina afirmando que \u201c\u2026propugna como valores superiores de su ordenamiento jur\u00eddico la libertad, la justicia, la igualdad y el pluralismo pol\u00edtico\u201d. Y cuando dice \u201cpluralismo\u201d no lo est\u00e1 limitando a dos [&hellip;]<\/p>\n","protected":false},"author":2,"featured_media":4638,"comment_status":"closed","ping_status":"open","sticky":false,"template":"","format":"standard","meta":{"footnotes":""},"categories":[139],"tags":[],"class_list":{"0":"post-6584","1":"post","2":"type-post","3":"status-publish","4":"format-standard","5":"has-post-thumbnail","7":"category-opinio"},"_links":{"self":[{"href":"https:\/\/www.areabesos.com\/diario\/wp-json\/wp\/v2\/posts\/6584","targetHints":{"allow":["GET"]}}],"collection":[{"href":"https:\/\/www.areabesos.com\/diario\/wp-json\/wp\/v2\/posts"}],"about":[{"href":"https:\/\/www.areabesos.com\/diario\/wp-json\/wp\/v2\/types\/post"}],"author":[{"embeddable":true,"href":"https:\/\/www.areabesos.com\/diario\/wp-json\/wp\/v2\/users\/2"}],"replies":[{"embeddable":true,"href":"https:\/\/www.areabesos.com\/diario\/wp-json\/wp\/v2\/comments?post=6584"}],"version-history":[{"count":1,"href":"https:\/\/www.areabesos.com\/diario\/wp-json\/wp\/v2\/posts\/6584\/revisions"}],"predecessor-version":[{"id":6585,"href":"https:\/\/www.areabesos.com\/diario\/wp-json\/wp\/v2\/posts\/6584\/revisions\/6585"}],"wp:featuredmedia":[{"embeddable":true,"href":"https:\/\/www.areabesos.com\/diario\/wp-json\/wp\/v2\/media\/4638"}],"wp:attachment":[{"href":"https:\/\/www.areabesos.com\/diario\/wp-json\/wp\/v2\/media?parent=6584"}],"wp:term":[{"taxonomy":"category","embeddable":true,"href":"https:\/\/www.areabesos.com\/diario\/wp-json\/wp\/v2\/categories?post=6584"},{"taxonomy":"post_tag","embeddable":true,"href":"https:\/\/www.areabesos.com\/diario\/wp-json\/wp\/v2\/tags?post=6584"}],"curies":[{"name":"wp","href":"https:\/\/api.w.org\/{rel}","templated":true}]}}