{"id":6580,"date":"2023-07-25T16:41:44","date_gmt":"2023-07-25T14:41:44","guid":{"rendered":"https:\/\/www.areabesos.com\/diario\/?p=6580"},"modified":"2023-07-25T16:44:16","modified_gmt":"2023-07-25T14:44:16","slug":"convocat-el-vi-premi-de-fotografia-isabel-rojas-2023convocat-el","status":"publish","type":"post","link":"https:\/\/www.areabesos.com\/diario\/convocat-el-vi-premi-de-fotografia-isabel-rojas-2023convocat-el\/","title":{"rendered":"Convocat el VI Premi de Fotografia Isabel Rojas 2023"},"content":{"rendered":"\n<p>Amb aquest concurs es vol retre homenatge a Isabel Rojas, que va n\u00e9ixer a Sant Adri\u00e0, ciutat on va viure i treballar fins la seva mort a causa de l\u2019ELA, malaltia que va ajudar a visibilitzar i a la qual hi va dedicar tots els seus esfor\u00e7os en la seva incansable lluita.<\/p>\n\n\n\n<p>Aquest concurs t\u00e9 el reconeixement de la Federaci\u00f3 Catalana de Fotografia i es puntuable per a l\u2019obtenci\u00f3 de les distincions A.F.C.F. i M.F.C.F. amb el n\u00famero de Registre 2023-71, aix\u00ed com e reconeixement de la Confederaci\u00f3n Espa\u00f1ola de Fotografia (C.E.F.) amb el n\u00famero E-2023-15.<\/p>\n\n\n\n<p>La tem\u00e0tica&nbsp;ha d\u2019estar relacionada amb la discapacitat (f\u00edsica, intel\u00b7lectual i\/o sensorial) i reflectir qualsevol aspecte de la vida di\u00e0ria (feina, educaci\u00f3, esport, oci, turisme, cultura, etc.).<\/p>\n\n\n\n<p><a href=\"https:\/\/www.sant-adria.cat\/sant-adria-per-temes\/benestar-i-families\/documents\/pdf-1\/bases-catala-concurs-i-rojas-2023\" target=\"_blank\" rel=\"noreferrer noopener\">Bases del Concurs CAT (pdf)<\/a><\/p>\n\n\n\n<p><a href=\"https:\/\/www.sant-adria.cat\/sant-adria-per-temes\/benestar-i-families\/documents\/pdf-1\/bases-castella-concurs-i-rojas-2023\" target=\"_blank\" rel=\"noreferrer noopener\">Bases del Concurs CAS (pdf)<\/a><\/p>\n","protected":false},"excerpt":{"rendered":"<p>Amb aquest concurs es vol retre homenatge a Isabel Rojas, que va n\u00e9ixer a Sant Adri\u00e0, ciutat on va viure i treballar fins la seva mort a causa de l\u2019ELA, malaltia que va ajudar a visibilitzar i a la qual hi va dedicar tots els seus esfor\u00e7os en la seva incansable lluita. Aquest concurs t\u00e9 [&hellip;]<\/p>\n","protected":false},"author":2,"featured_media":6581,"comment_status":"closed","ping_status":"open","sticky":false,"template":"","format":"standard","meta":{"footnotes":""},"categories":[134,136],"tags":[],"class_list":{"0":"post-6580","1":"post","2":"type-post","3":"status-publish","4":"format-standard","5":"has-post-thumbnail","7":"category-actualitat","8":"category-cultura"},"_links":{"self":[{"href":"https:\/\/www.areabesos.com\/diario\/wp-json\/wp\/v2\/posts\/6580","targetHints":{"allow":["GET"]}}],"collection":[{"href":"https:\/\/www.areabesos.com\/diario\/wp-json\/wp\/v2\/posts"}],"about":[{"href":"https:\/\/www.areabesos.com\/diario\/wp-json\/wp\/v2\/types\/post"}],"author":[{"embeddable":true,"href":"https:\/\/www.areabesos.com\/diario\/wp-json\/wp\/v2\/users\/2"}],"replies":[{"embeddable":true,"href":"https:\/\/www.areabesos.com\/diario\/wp-json\/wp\/v2\/comments?post=6580"}],"version-history":[{"count":2,"href":"https:\/\/www.areabesos.com\/diario\/wp-json\/wp\/v2\/posts\/6580\/revisions"}],"predecessor-version":[{"id":6583,"href":"https:\/\/www.areabesos.com\/diario\/wp-json\/wp\/v2\/posts\/6580\/revisions\/6583"}],"wp:featuredmedia":[{"embeddable":true,"href":"https:\/\/www.areabesos.com\/diario\/wp-json\/wp\/v2\/media\/6581"}],"wp:attachment":[{"href":"https:\/\/www.areabesos.com\/diario\/wp-json\/wp\/v2\/media?parent=6580"}],"wp:term":[{"taxonomy":"category","embeddable":true,"href":"https:\/\/www.areabesos.com\/diario\/wp-json\/wp\/v2\/categories?post=6580"},{"taxonomy":"post_tag","embeddable":true,"href":"https:\/\/www.areabesos.com\/diario\/wp-json\/wp\/v2\/tags?post=6580"}],"curies":[{"name":"wp","href":"https:\/\/api.w.org\/{rel}","templated":true}]}}