{"id":6574,"date":"2023-07-25T16:39:51","date_gmt":"2023-07-25T14:39:51","guid":{"rendered":"https:\/\/www.areabesos.com\/diario\/?p=6574"},"modified":"2023-07-25T16:39:52","modified_gmt":"2023-07-25T14:39:52","slug":"el-consistori-adrianenc-continua-la-seva-col%c2%b7laboracio-amb-entitats-locals-que-treballen-amb-els-mes-vulnerables","status":"publish","type":"post","link":"https:\/\/www.areabesos.com\/diario\/el-consistori-adrianenc-continua-la-seva-col%c2%b7laboracio-amb-entitats-locals-que-treballen-amb-els-mes-vulnerables\/","title":{"rendered":"El consistori adrianenc continua la seva col\u00b7laboraci\u00f3 amb entitats locals que treballen amb els m\u00e9s vulnerables"},"content":{"rendered":"\n<p>L\u2019Ajuntament de Sant Adri\u00e0 ha renovat els convenis amb quatre entitats socials de Sant Adri\u00e0 (l\u2019Associaci\u00f3 de familiars de malalts d\u2019Alzheimer, l\u2019Associaci\u00f3 Plataforma Autonomia Personal, la Fundaci\u00f3 Formaci\u00f3 i Treball i l\u2019Associaci\u00f3 Prodisminu\u00efts Ps\u00edquics Sant Adri\u00e0). Una col\u00b7laboraci\u00f3 que es mant\u00e9 des de fa anys i que t\u00e9 com a objectiu millorar la qualitat de vida de les persones del municipi que m\u00e9s ho necessiten.<\/p>\n\n\n\n<p>Aquest any 2023 el consistori aportar\u00e0:<\/p>\n\n\n\n<p>A l\u2019<strong>Associaci\u00f3 de familiars de malalts d\u2019Alzheimer BSS (AFABSS)\u00a0<\/strong>13.780 \u20ac per finan\u00e7ar els tallers estimulatius per a persones malaltes diagnosticades del municipi i la gesti\u00f3 psicol\u00f2gica i emocional de les fam\u00edlies que es duu a terme a trav\u00e9s del Grup d\u2019Ajuda M\u00fatua (GAM).<\/p>\n\n\n\n<div><a href=\"https:\/\/www.areabesos.com\/diario\/wp-content\/uploads\/2023\/07\/vulnerables02.jpeg\" class=\"td-modal-image\"><figure class=\"wp-block-image size-full\"><img loading=\"lazy\" decoding=\"async\" width=\"800\" height=\"532\" src=\"https:\/\/www.areabesos.com\/diario\/wp-content\/uploads\/2023\/07\/vulnerables02.jpeg\" alt=\"\" class=\"wp-image-6575\" srcset=\"https:\/\/www.areabesos.com\/diario\/wp-content\/uploads\/2023\/07\/vulnerables02.jpeg 800w, https:\/\/www.areabesos.com\/diario\/wp-content\/uploads\/2023\/07\/vulnerables02-300x200.jpeg 300w, https:\/\/www.areabesos.com\/diario\/wp-content\/uploads\/2023\/07\/vulnerables02-768x511.jpeg 768w, https:\/\/www.areabesos.com\/diario\/wp-content\/uploads\/2023\/07\/vulnerables02-150x100.jpeg 150w, https:\/\/www.areabesos.com\/diario\/wp-content\/uploads\/2023\/07\/vulnerables02-696x463.jpeg 696w\" sizes=\"auto, (max-width: 800px) 100vw, 800px\" \/><\/figure><\/a><\/div>\n\n\n\n<p>A l\u2019<strong>Associaci\u00f3 Plataforma Autonomia Personal<\/strong>\u00a040.000 \u20ac per finan\u00e7ar el \u00abPrograma per l\u2019Autonomia Personal i la Vida Independent\u00bb. Aquest programa dona suport a les persones amb diversitat funcional en la selecci\u00f3, formaci\u00f3, gesti\u00f3 i contractaci\u00f3 dels seus assistents personals i en la gesti\u00f3 de les ajudes que els faciliti una vida independent fora de la unitat familiar o de la resid\u00e8ncia.<\/p>\n\n\n\n<div><a href=\"https:\/\/www.areabesos.com\/diario\/wp-content\/uploads\/2023\/07\/vulnerables03.jpeg\" class=\"td-modal-image\"><figure class=\"wp-block-image size-full\"><img loading=\"lazy\" decoding=\"async\" width=\"800\" height=\"532\" src=\"https:\/\/www.areabesos.com\/diario\/wp-content\/uploads\/2023\/07\/vulnerables03.jpeg\" alt=\"\" class=\"wp-image-6576\" srcset=\"https:\/\/www.areabesos.com\/diario\/wp-content\/uploads\/2023\/07\/vulnerables03.jpeg 800w, https:\/\/www.areabesos.com\/diario\/wp-content\/uploads\/2023\/07\/vulnerables03-300x200.jpeg 300w, https:\/\/www.areabesos.com\/diario\/wp-content\/uploads\/2023\/07\/vulnerables03-768x511.jpeg 768w, https:\/\/www.areabesos.com\/diario\/wp-content\/uploads\/2023\/07\/vulnerables03-150x100.jpeg 150w, https:\/\/www.areabesos.com\/diario\/wp-content\/uploads\/2023\/07\/vulnerables03-696x463.jpeg 696w\" sizes=\"auto, (max-width: 800px) 100vw, 800px\" \/><\/figure><\/a><\/div>\n\n\n\n<p>A la\u00a0<strong>Fundaci\u00f3 Formaci\u00f3 i Treball<\/strong>\u00a020.000 \u20ac per al projecte de lliuraments socials d\u2019articles de primera necessitat de la Fundaci\u00f3 i per finan\u00e7ar les despeses de material de petites intervencions de reparaci\u00f3 i millora d\u2019habitatges de persones i fam\u00edlies sense recursos o en risc d\u2019exclusi\u00f3 social. Aquestes actuacions de millora es faran a trav\u00e9s de plans d\u2019ocupaci\u00f3.<\/p>\n\n\n\n<div><a href=\"https:\/\/www.areabesos.com\/diario\/wp-content\/uploads\/2023\/07\/vulnebrales04.jpeg\" class=\"td-modal-image\"><figure class=\"wp-block-image size-full\"><img loading=\"lazy\" decoding=\"async\" width=\"800\" height=\"532\" src=\"https:\/\/www.areabesos.com\/diario\/wp-content\/uploads\/2023\/07\/vulnebrales04.jpeg\" alt=\"\" class=\"wp-image-6577\" srcset=\"https:\/\/www.areabesos.com\/diario\/wp-content\/uploads\/2023\/07\/vulnebrales04.jpeg 800w, https:\/\/www.areabesos.com\/diario\/wp-content\/uploads\/2023\/07\/vulnebrales04-300x200.jpeg 300w, https:\/\/www.areabesos.com\/diario\/wp-content\/uploads\/2023\/07\/vulnebrales04-768x511.jpeg 768w, https:\/\/www.areabesos.com\/diario\/wp-content\/uploads\/2023\/07\/vulnebrales04-150x100.jpeg 150w, https:\/\/www.areabesos.com\/diario\/wp-content\/uploads\/2023\/07\/vulnebrales04-696x463.jpeg 696w\" sizes=\"auto, (max-width: 800px) 100vw, 800px\" \/><\/figure><\/a><\/div>\n\n\n\n<p>A l\u2019<strong>Associaci\u00f3 Prodisminu\u00efts Ps\u00edquics Sant Adri\u00e0<\/strong>\u00a0(ASSA)\u00a015.000\u00a0\u20ac per a la gesti\u00f3 d\u2019activitats de dinamitzaci\u00f3 i lleure de persones amb discapacitat intel\u00b7lectual de la ciutat. L\u2019entitat treballa des de l\u2019any 1969 en el municipi per garantir a aquest col\u00b7lectiu una vida digna i amb els mateixos drets i deures que qualsevol altre ciutad\u00e0.<\/p>\n\n\n\n<p><\/p>\n","protected":false},"excerpt":{"rendered":"<p>L\u2019Ajuntament de Sant Adri\u00e0 ha renovat els convenis amb quatre entitats socials de Sant Adri\u00e0 (l\u2019Associaci\u00f3 de familiars de malalts d\u2019Alzheimer, l\u2019Associaci\u00f3 Plataforma Autonomia Personal, la Fundaci\u00f3 Formaci\u00f3 i Treball i l\u2019Associaci\u00f3 Prodisminu\u00efts Ps\u00edquics Sant Adri\u00e0). Una col\u00b7laboraci\u00f3 que es mant\u00e9 des de fa anys i que t\u00e9 com a objectiu millorar la qualitat de [&hellip;]<\/p>\n","protected":false},"author":2,"featured_media":6578,"comment_status":"closed","ping_status":"open","sticky":false,"template":"","format":"standard","meta":{"footnotes":""},"categories":[134,135],"tags":[],"class_list":{"0":"post-6574","1":"post","2":"type-post","3":"status-publish","4":"format-standard","5":"has-post-thumbnail","7":"category-actualitat","8":"category-societat"},"_links":{"self":[{"href":"https:\/\/www.areabesos.com\/diario\/wp-json\/wp\/v2\/posts\/6574","targetHints":{"allow":["GET"]}}],"collection":[{"href":"https:\/\/www.areabesos.com\/diario\/wp-json\/wp\/v2\/posts"}],"about":[{"href":"https:\/\/www.areabesos.com\/diario\/wp-json\/wp\/v2\/types\/post"}],"author":[{"embeddable":true,"href":"https:\/\/www.areabesos.com\/diario\/wp-json\/wp\/v2\/users\/2"}],"replies":[{"embeddable":true,"href":"https:\/\/www.areabesos.com\/diario\/wp-json\/wp\/v2\/comments?post=6574"}],"version-history":[{"count":1,"href":"https:\/\/www.areabesos.com\/diario\/wp-json\/wp\/v2\/posts\/6574\/revisions"}],"predecessor-version":[{"id":6579,"href":"https:\/\/www.areabesos.com\/diario\/wp-json\/wp\/v2\/posts\/6574\/revisions\/6579"}],"wp:featuredmedia":[{"embeddable":true,"href":"https:\/\/www.areabesos.com\/diario\/wp-json\/wp\/v2\/media\/6578"}],"wp:attachment":[{"href":"https:\/\/www.areabesos.com\/diario\/wp-json\/wp\/v2\/media?parent=6574"}],"wp:term":[{"taxonomy":"category","embeddable":true,"href":"https:\/\/www.areabesos.com\/diario\/wp-json\/wp\/v2\/categories?post=6574"},{"taxonomy":"post_tag","embeddable":true,"href":"https:\/\/www.areabesos.com\/diario\/wp-json\/wp\/v2\/tags?post=6574"}],"curies":[{"name":"wp","href":"https:\/\/api.w.org\/{rel}","templated":true}]}}