{"id":6572,"date":"2023-07-23T16:44:57","date_gmt":"2023-07-23T14:44:57","guid":{"rendered":"https:\/\/www.areabesos.com\/diario\/?p=6572"},"modified":"2023-07-24T16:46:09","modified_gmt":"2023-07-24T14:46:09","slug":"reflexiones-electorales-sin-siglas-ni-nombres","status":"publish","type":"post","link":"https:\/\/www.areabesos.com\/diario\/reflexiones-electorales-sin-siglas-ni-nombres\/","title":{"rendered":"Reflexiones electorales sin siglas ni nombres"},"content":{"rendered":"\n<p>Ayer tuvimos que reflexionar seg\u00fan la ley, y hoy m\u00e1s porque hay que votar, as\u00ed que mucho me librar\u00e9 de mencionar aqu\u00ed siglas ni candidatos, salvo si repito textos de terceros, no vaya a ser que la autoridad competente me castigue para siempre a no vivir de la pol\u00edtica. Como siempre.<\/p>\n\n\n\n<p>No obstante, y mientras me asusta el miedo a la legalidad vigente, sigo esperando que comiencen a castigar a los l\u00edderes que desde 1977 aparecen en las vallas publicitarias durante el d\u00eda de reflexi\u00f3n y el de las elecciones, con lo f\u00e1cil que ser\u00eda dar la orden de borrarlas a tiempo, que siempre hay personas dispuestas a cobrar horas que sean extras y nocturnas, a mejor precio.<\/p>\n\n\n\n<p>Hablando de publicidad electoral est\u00e1tica (las vallas) me han llamado la atenci\u00f3n las \u00faltimas que han aparecido en los m\u00e1rgenes de mis carreteras habituales, solo tres o cuatro d\u00edas antes de la jornada de reflexi\u00f3n. Casi lo \u00fanico que figura es la cara del l\u00edder que m\u00e1s asusta a m\u00e1s personas y mucho me temo que lo ha hecho con la principal mala intenci\u00f3n de destacar, precisamente, los d\u00edas de propaganda electoral prohibida pero consentida.<\/p>\n\n\n\n<p>Quien hace la ley hace la trampa, pero pod\u00edan disimularla<\/p>\n\n\n\n<p>Tambi\u00e9n acabamos de hablar de \u201ctrabajadores\u201d y pienso en el candidato que pidi\u00f3 a \u201clos carteros que, con independencia de sus jefes, repartan todos los votos\u201d. No puedo dejar de pensar que si Silvia Intxaurrondo le hubiera obligado a responder si manten\u00eda o retiraba esa invitaci\u00f3n explicita a violar la disciplina laboral dirigida a miles de empleados p\u00fablicos, la periodista habr\u00eda conseguido que perdiera los papeles en directo y de manera \u201cexplosiva\u201d, y tambi\u00e9n las elecciones.<\/p>\n\n\n\n<p>En cambio, desagradecidos los de su mismo partido pol\u00edtico, respondieron amenazando a una excelente periodista que, en realidad, se compadeci\u00f3 de su l\u00edder a no llevar la hist\u00f3rica entrevista que consigui\u00f3 construir hasta sus \u00faltimas consecuencias. A fin de cuentas, a ella ya la hab\u00edan despedido de Telemadrid por \u201catreverse\u201d a hacer preguntas inc\u00f3modas a \u201cla presidenta\u201d.&nbsp;<\/p>\n\n\n\n<p>Leo los peri\u00f3dicos del viernes, \u00faltimo d\u00eda de campa\u00f1a, y confirmo que los del partido perseguidor de periodistas se han puesto muy nerviosos, pues han pagado una p\u00e1gina completa con una foto de su principal adversario, a quien llaman \u201cUn presidente de mentira\u201d en letra grande, acus\u00e1ndole de diez mentiras diferentes y me dejan sin palabras desde la primera, que dice lo siguiente:<\/p>\n\n\n\n<p>\u201cPROMETI\u00d3 QUE NO PACTAR\u00cdA CON PODEMOS y que no ser\u00eda capaz de dormir por las noches con un ministro de Podemos en el Gobierno y al d\u00eda siguiente hizo a Iglesias vicepresidente\u201d.<\/p>\n\n\n\n<p>Parece mentira que los que mandan en un partido pol\u00edtico que ha gobernado y quiere hacerlo de nuevo sean capaces de mentir y que se les note, incluso cuando tienen tiempo para revisar una y mil veces cualquier texto destinado a propaganda electoral antes de publicarlo.<\/p>\n\n\n\n<p>Pues no. Es probable que, de tanta corrupci\u00f3n practicada durante d\u00e9cadas y de la que se han tenido que defender diciendo lo que sea menos la verdad, no sepan ya la diferencia que existe entre mentir y cualquiera otra de las maneras de decir cosas que tenemos las personas.<\/p>\n\n\n\n<p>Han mentido sin lugar a dudas al escribir que \u201cal d\u00eda siguiente\u201d de declarar que \u201cno ser\u00eda capaz de dormir\u201d nombr\u00f3 a su vicepresidente, cuando lo cierto es que pasaron varios d\u00edas y, sobre todo, entre una fecha y otra se hab\u00edan producido unos resultados electorales que pod\u00edan haber sido otros y que tanto a \u00e9l como a otros l\u00edderes les quitaron el sue\u00f1o, pero por motivos muy distintos.<\/p>\n\n\n\n<p>Ahora es cuando los autores de la mentira escrita y pagada al precio de publicidad nada barata se escandalizar\u00edan a la defensiva y dir\u00edan que lo de \u201cal d\u00eda siguiente\u201d es una manera metaf\u00f3rica de escribir, pero si enfrente tuvieran a un periodista valiente y \u00e1gil de reflejos les preguntar\u00eda: \u201cEntonces, \u00bfno le conceden ustedes al presidente del gobierno la posibilidad de hablar tambi\u00e9n empleando met\u00e1foras?\u201d<\/p>\n\n\n\n<p>Y es que dejar a ciertos pol\u00edticos sin palabras es un placer audiovisual muy dif\u00edcil de superar.<\/p>\n\n\n\n<p>La \u00faltima reflexi\u00f3n que le propongo es muy probable que usted tambi\u00e9n haya tenido ocasi\u00f3n de hacerla. Me refiero a los sobres de propaganda electoral que casi todas las personas han recibido en sus domicilios. Me han tra\u00eddo el recuerdo de la dictadura, cuando quienes intent\u00e1bamos acabar con aquel peligro real nos ve\u00edamos obligados a actuar desde la clandestinidad.<\/p>\n\n\n\n<p>\u00bfHa recibido usted el sobre de alguna candidatura que, para saber a qu\u00e9 partido corresponde, ha necesitado abrirlo porque pod\u00eda ser cualquier propaganda, incluso no electoral, al no aparecer sigla ninguna?<\/p>\n\n\n\n<p>Yo s\u00ed, y he llegado a la conclusi\u00f3n de que las organizaciones que en democracia necesitan disfrazarse con la nada para mover sus propuestas es que son, potencialmente, muy peligrosas. &nbsp;<\/p>\n\n\n\n<p>Da la casualidad que su l\u00edder es el mismo que el de las vallas m\u00e1s tramposas por oportunistas, el de la cara que m\u00e1s representa el regreso al pasado por muchas cosas.<\/p>\n\n\n\n<p>Entre otras, porque un d\u00eda \u00e9l mismo dijo que \u201ceste gobierno era el peor de los \u00faltimos 80 a\u00f1os\u201d, una frase que tra\u00eda calculada de casa.<\/p>\n\n\n\n<p><span style=\"background-color:#0a0000\" class=\"td_text_highlight_marker\">Domingo Sanz<\/span><\/p>\n","protected":false},"excerpt":{"rendered":"<p>Ayer tuvimos que reflexionar seg\u00fan la ley, y hoy m\u00e1s porque hay que votar, as\u00ed que mucho me librar\u00e9 de mencionar aqu\u00ed siglas ni candidatos, salvo si repito textos de terceros, no vaya a ser que la autoridad competente me castigue para siempre a no vivir de la pol\u00edtica. Como siempre. No obstante, y mientras [&hellip;]<\/p>\n","protected":false},"author":2,"featured_media":5070,"comment_status":"closed","ping_status":"open","sticky":false,"template":"","format":"standard","meta":{"footnotes":""},"categories":[139],"tags":[],"class_list":{"0":"post-6572","1":"post","2":"type-post","3":"status-publish","4":"format-standard","5":"has-post-thumbnail","7":"category-opinio"},"_links":{"self":[{"href":"https:\/\/www.areabesos.com\/diario\/wp-json\/wp\/v2\/posts\/6572","targetHints":{"allow":["GET"]}}],"collection":[{"href":"https:\/\/www.areabesos.com\/diario\/wp-json\/wp\/v2\/posts"}],"about":[{"href":"https:\/\/www.areabesos.com\/diario\/wp-json\/wp\/v2\/types\/post"}],"author":[{"embeddable":true,"href":"https:\/\/www.areabesos.com\/diario\/wp-json\/wp\/v2\/users\/2"}],"replies":[{"embeddable":true,"href":"https:\/\/www.areabesos.com\/diario\/wp-json\/wp\/v2\/comments?post=6572"}],"version-history":[{"count":1,"href":"https:\/\/www.areabesos.com\/diario\/wp-json\/wp\/v2\/posts\/6572\/revisions"}],"predecessor-version":[{"id":6573,"href":"https:\/\/www.areabesos.com\/diario\/wp-json\/wp\/v2\/posts\/6572\/revisions\/6573"}],"wp:featuredmedia":[{"embeddable":true,"href":"https:\/\/www.areabesos.com\/diario\/wp-json\/wp\/v2\/media\/5070"}],"wp:attachment":[{"href":"https:\/\/www.areabesos.com\/diario\/wp-json\/wp\/v2\/media?parent=6572"}],"wp:term":[{"taxonomy":"category","embeddable":true,"href":"https:\/\/www.areabesos.com\/diario\/wp-json\/wp\/v2\/categories?post=6572"},{"taxonomy":"post_tag","embeddable":true,"href":"https:\/\/www.areabesos.com\/diario\/wp-json\/wp\/v2\/tags?post=6572"}],"curies":[{"name":"wp","href":"https:\/\/api.w.org\/{rel}","templated":true}]}}