{"id":6562,"date":"2023-07-13T18:51:46","date_gmt":"2023-07-13T16:51:46","guid":{"rendered":"https:\/\/www.areabesos.com\/diario\/?p=6562"},"modified":"2023-07-13T18:51:47","modified_gmt":"2023-07-13T16:51:47","slug":"erc-sant-adria-denuncia-a-vox-per-la-bandera-a-la-facana-de-lajuntament-davant-la-junta-electoral","status":"publish","type":"post","link":"https:\/\/www.areabesos.com\/diario\/erc-sant-adria-denuncia-a-vox-per-la-bandera-a-la-facana-de-lajuntament-davant-la-junta-electoral\/","title":{"rendered":"ERC Sant Adri\u00e0 denuncia a VOX per la bandera a la fa\u00e7ana de l\u2019Ajuntament davant la Junta Electoral"},"content":{"rendered":"\n<p>Des de fa dies el grup municipal de VOX a Sant Adri\u00e0 va penjar en el seu despatx municipal una bandera espanyola que inclou les sigles del partit pol\u00edtic. Tenint en compte els antecedents del mateix ajuntament, on a les formacions independentistes se&#8217;ls hi va fer retirar s\u00edmbols pol\u00edtics, i seguint el mateix criteri de la Junta Electoral, en una campanya electoral les institucions han de mantenir la neutralitat pol\u00edtica, Esquerra Republicana ha decidit presentar aquesta den\u00fancia, esperant que la Junta Electoral obligui la formaci\u00f3 espanyolista a retirar la bandera.<\/p>\n\n\n\n<p>Des d\u2019Esquerra Republicana de Sant Adri\u00e0 s\u2019insisteix en la necessitat de no normalitzar la pres\u00e8ncia, ni les accions, de l\u2019extrema dreta en cap lloc del pa\u00eds.Tenir aquesta bandera exposada va contra la neutralitat en tant que \u00e9s un anunci de la formaci\u00f3 ultradretana a la principal instituci\u00f3 de la ciutat en campanya electoral, asseguren els republicans.<\/p>\n\n\n\n<p><img loading=\"lazy\" decoding=\"async\" width=\"570\" height=\"402\" src=\"\"><br>Per aix\u00f2 declaren que davant d\u2019aquest aven\u00e7 i davant els comicis del proper 23J \u00e9s important\u00edssim que Esquerra Republicana tingui molta for\u00e7a perqu\u00e8 pugui ser defensant Catalunya, la seva cultura, els consensos b\u00e0sics de la societat catalana com s\u00f3n: el catal\u00e0, l\u2019escola catalana i les seves institucions a tot arreu.<\/p>\n","protected":false},"excerpt":{"rendered":"<p>Des de fa dies el grup municipal de VOX a Sant Adri\u00e0 va penjar en el seu despatx municipal una bandera espanyola que inclou les sigles del partit pol\u00edtic. Tenint en compte els antecedents del mateix ajuntament, on a les formacions independentistes se&#8217;ls hi va fer retirar s\u00edmbols pol\u00edtics, i seguint el mateix criteri de [&hellip;]<\/p>\n","protected":false},"author":2,"featured_media":6563,"comment_status":"closed","ping_status":"open","sticky":false,"template":"","format":"standard","meta":{"footnotes":""},"categories":[134],"tags":[],"class_list":{"0":"post-6562","1":"post","2":"type-post","3":"status-publish","4":"format-standard","5":"has-post-thumbnail","7":"category-actualitat"},"_links":{"self":[{"href":"https:\/\/www.areabesos.com\/diario\/wp-json\/wp\/v2\/posts\/6562","targetHints":{"allow":["GET"]}}],"collection":[{"href":"https:\/\/www.areabesos.com\/diario\/wp-json\/wp\/v2\/posts"}],"about":[{"href":"https:\/\/www.areabesos.com\/diario\/wp-json\/wp\/v2\/types\/post"}],"author":[{"embeddable":true,"href":"https:\/\/www.areabesos.com\/diario\/wp-json\/wp\/v2\/users\/2"}],"replies":[{"embeddable":true,"href":"https:\/\/www.areabesos.com\/diario\/wp-json\/wp\/v2\/comments?post=6562"}],"version-history":[{"count":1,"href":"https:\/\/www.areabesos.com\/diario\/wp-json\/wp\/v2\/posts\/6562\/revisions"}],"predecessor-version":[{"id":6564,"href":"https:\/\/www.areabesos.com\/diario\/wp-json\/wp\/v2\/posts\/6562\/revisions\/6564"}],"wp:featuredmedia":[{"embeddable":true,"href":"https:\/\/www.areabesos.com\/diario\/wp-json\/wp\/v2\/media\/6563"}],"wp:attachment":[{"href":"https:\/\/www.areabesos.com\/diario\/wp-json\/wp\/v2\/media?parent=6562"}],"wp:term":[{"taxonomy":"category","embeddable":true,"href":"https:\/\/www.areabesos.com\/diario\/wp-json\/wp\/v2\/categories?post=6562"},{"taxonomy":"post_tag","embeddable":true,"href":"https:\/\/www.areabesos.com\/diario\/wp-json\/wp\/v2\/tags?post=6562"}],"curies":[{"name":"wp","href":"https:\/\/api.w.org\/{rel}","templated":true}]}}