{"id":6547,"date":"2023-07-05T17:57:00","date_gmt":"2023-07-05T15:57:00","guid":{"rendered":"https:\/\/www.areabesos.com\/diario\/?p=6547"},"modified":"2023-07-05T20:02:32","modified_gmt":"2023-07-05T18:02:32","slug":"grup-tersa-sadhereix-al-club-emas","status":"publish","type":"post","link":"https:\/\/www.areabesos.com\/diario\/grup-tersa-sadhereix-al-club-emas\/","title":{"rendered":"Grup TERSA s\u2019adhereix al Club EMAS"},"content":{"rendered":"\n<p>Grup TERSA, l\u2019empresa especialitzada en la gesti\u00f3 de serveis ambientals i que est\u00e0 participada per l\u2019Ajuntament de Barcelona i l\u2019\u00c0rea Metropolitana de Barcelona (AMB), s\u2019ha adherit al Club EMAS, una associaci\u00f3 privada sense \u00e0nim de lucre formada per empreses i organitzacions que tenen per objectiu promoure i vetllar per la millora cont\u00ednua del seu comportament ambiental.<\/p>\n\n\n\n<p>Com a empresa s\u00f2cia del Club EMAS, Grup TERSA podr\u00e0 establir sinergies amb altres membres de l\u2019organitzaci\u00f3, participar en diferents projectes i l\u00ednies de treball, aix\u00ed com nodrir-se dels diferents recursos i formacions de l\u2019associaci\u00f3. Les companyies i entitats del Club EMAS participen en el sistema comunitari de gesti\u00f3 i auditoria ambientals (EMAS, per les sigles en angl\u00e8s d\u2019<em>Eco-Management and Audit Scheme<\/em>) per tal d\u2019avaluar, millorar i fer p\u00fablic el seu comportament ambiental. A m\u00e9s, l\u2019organitzaci\u00f3 dona suport als objectius de desenvolupament sostenibles (ODS) de les Nacions Unides i treballa per a implementar-los en les accions del seu dia a dia.<\/p>\n\n\n\n<p>Aquesta adhesi\u00f3 s\u2019emmarca dins del pla d\u2019acci\u00f3 de responsabilitat social corporativa del Grup TERSA, que refor\u00e7a aix\u00ed la seva voluntat de millora cont\u00ednua de la gesti\u00f3 ambiental.<\/p>\n\n\n\n<p><strong>Renovaci\u00f3 de la certificaci\u00f3 EMAS<\/strong><\/p>\n\n\n\n<p>D\u2019altra banda, Grup TERSA ha renovat, un any m\u00e9s, la certificaci\u00f3 de registre al sistema comunitari de gesti\u00f3 i auditoria ambiental (EMAS). La certificaci\u00f3, que atorga el Departament d\u2019Acci\u00f3 Clim\u00e0tica, Alimentaci\u00f3 i Agenda Rural de la Generalitat de Catalunya, reconeix aquelles organitzacions que han implantat un sistema de gesti\u00f3 mediambiental i que han adquirit un comprom\u00eds de millora cont\u00ednua que ha estat verificat mitjan\u00e7ant auditories independents.<\/p>\n\n\n\n<p>La renovaci\u00f3 de la certificaci\u00f3 EMAS se suma a la renovaci\u00f3 de l\u2019Autoritzaci\u00f3 Ambiental Integrada (AAI) per desenvolupar l\u2019activitat consistent en la valoritzaci\u00f3 energ\u00e8tica de residus municipals i residus industrials assimilables a residus municipals. La renovaci\u00f3 de l\u2019AAI de TERSA va avalar de nou la Planta de Valoritzaci\u00f3 Energ\u00e8tica de Sant Adri\u00e0 de Bes\u00f2s despr\u00e9s de la revisi\u00f3 de la DGQA, l\u2019\u00c0rea Metropolitana de Barcelona, l\u2019Ag\u00e8ncia de Residus de Catalunya i l\u2019Ag\u00e8ncia Catalana de l\u2019Aigua, destacant-ne les 27 millors t\u00e8cniques disponibles i les mesures d\u2019efici\u00e8ncia energ\u00e8tica aplicades per TERSA per a la incineraci\u00f3 de residus.<\/p>\n\n\n\n<p>Es reafirma aix\u00ed el comprom\u00eds de Grup TERSA per assolir els m\u00e0xims est\u00e0ndards d\u2019efici\u00e8ncia i sostenibilitat ambiental at\u00e8s que dona resposta als principals reptes als quals s\u2019enfronten les organitzacions avui dia en aquesta mat\u00e8ria: l\u2019\u00fas eficient dels recursos, l\u2019actuaci\u00f3 contra l\u2019emerg\u00e8ncia clim\u00e0tica i la responsabilitat social corporativa.<\/p>\n\n\n\n<p><strong>Comprom\u00eds amb una gesti\u00f3 transparent<\/strong><\/p>\n\n\n\n<p>Amb l\u2019objectiu de donar a con\u00e8ixer el comportament ambiental de l\u2019empresa i fer valdre el seu comprom\u00eds amb una gesti\u00f3 transparent de l\u2019organitzaci\u00f3, Grup TERSA publica de forma anual les declaracions ambientals relacionades amb l\u2019activitat de totes les empreses que formen part del Grup: TERSA, SEMESA, SIRESA i la Planta d\u2019Aprofitament Energ\u00e8tic de Biog\u00e0s.<\/p>\n\n\n\n<p>Les declaracions ambientals del Grup TERSA es poden consultar en aquest enlla\u00e7:<\/p>\n\n\n\n<p><a href=\"https:\/\/www.tersa.cat\/ca-es\/grup-tersa\/transparencia\/#Medi_Ambient\">https:\/\/www.tersa.cat\/ca-es\/grup-tersa\/transparencia\/#Medi_Ambient<\/a><\/p>\n","protected":false},"excerpt":{"rendered":"<p>Grup TERSA, l\u2019empresa especialitzada en la gesti\u00f3 de serveis ambientals i que est\u00e0 participada per l\u2019Ajuntament de Barcelona i l\u2019\u00c0rea Metropolitana de Barcelona (AMB), s\u2019ha adherit al Club EMAS, una associaci\u00f3 privada sense \u00e0nim de lucre formada per empreses i organitzacions que tenen per objectiu promoure i vetllar per la millora cont\u00ednua del seu comportament [&hellip;]<\/p>\n","protected":false},"author":1,"featured_media":6548,"comment_status":"closed","ping_status":"open","sticky":false,"template":"","format":"standard","meta":{"footnotes":""},"categories":[134,135],"tags":[],"class_list":{"0":"post-6547","1":"post","2":"type-post","3":"status-publish","4":"format-standard","5":"has-post-thumbnail","7":"category-actualitat","8":"category-societat"},"_links":{"self":[{"href":"https:\/\/www.areabesos.com\/diario\/wp-json\/wp\/v2\/posts\/6547","targetHints":{"allow":["GET"]}}],"collection":[{"href":"https:\/\/www.areabesos.com\/diario\/wp-json\/wp\/v2\/posts"}],"about":[{"href":"https:\/\/www.areabesos.com\/diario\/wp-json\/wp\/v2\/types\/post"}],"author":[{"embeddable":true,"href":"https:\/\/www.areabesos.com\/diario\/wp-json\/wp\/v2\/users\/1"}],"replies":[{"embeddable":true,"href":"https:\/\/www.areabesos.com\/diario\/wp-json\/wp\/v2\/comments?post=6547"}],"version-history":[{"count":1,"href":"https:\/\/www.areabesos.com\/diario\/wp-json\/wp\/v2\/posts\/6547\/revisions"}],"predecessor-version":[{"id":6549,"href":"https:\/\/www.areabesos.com\/diario\/wp-json\/wp\/v2\/posts\/6547\/revisions\/6549"}],"wp:featuredmedia":[{"embeddable":true,"href":"https:\/\/www.areabesos.com\/diario\/wp-json\/wp\/v2\/media\/6548"}],"wp:attachment":[{"href":"https:\/\/www.areabesos.com\/diario\/wp-json\/wp\/v2\/media?parent=6547"}],"wp:term":[{"taxonomy":"category","embeddable":true,"href":"https:\/\/www.areabesos.com\/diario\/wp-json\/wp\/v2\/categories?post=6547"},{"taxonomy":"post_tag","embeddable":true,"href":"https:\/\/www.areabesos.com\/diario\/wp-json\/wp\/v2\/tags?post=6547"}],"curies":[{"name":"wp","href":"https:\/\/api.w.org\/{rel}","templated":true}]}}