{"id":6406,"date":"2023-05-23T10:31:31","date_gmt":"2023-05-23T08:31:31","guid":{"rendered":"https:\/\/www.areabesos.com\/diario\/?p=6406"},"modified":"2023-05-25T10:33:38","modified_gmt":"2023-05-25T08:33:38","slug":"sant-adria-commemora-el-28-de-maig-dia-internacional-daccio-per-a-la-salut-de-les-dones","status":"publish","type":"post","link":"https:\/\/www.areabesos.com\/diario\/sant-adria-commemora-el-28-de-maig-dia-internacional-daccio-per-a-la-salut-de-les-dones\/","title":{"rendered":"Sant Adri\u00e0 commemora el 28 de maig, Dia Internacional d&#8217;Acci\u00f3 per a la Salut de les Dones"},"content":{"rendered":"\n<p>L&#8217;origen d&#8217;aquesta commemoraci\u00f3 es remunta a l&#8217;any 1987, quan en una reuni\u00f3 de la Xarxa Mundial de Dones pels Drets Reproductius que va tenir lloc a Costa Rica, la Xarxa de Salut de les Dones Llatinoamericanes i del Carib va proposar la creaci\u00f3 d&#8217;un Dia Internacional d&#8217;Acci\u00f3 per a la Salut de les Dones.<\/p>\n\n\n\n<p>L&#8217;objectiu d&#8217;aquest esdeveniment, que cada any se celebra el 28 de maig, \u00e9s fer difusi\u00f3 de l&#8217;estat de salut de les dones, de les seves necessitats i demandes, i del comprom\u00eds de les administracions per donar-hi resposta. Sant Adri\u00e0 s&#8217;uneix a aquesta commemoraci\u00f3 amb un programa d&#8217;activitats adre\u00e7at i obert a tothom.<\/p>\n\n\n\n<h3 class=\"wp-block-heading\"><strong>Dilluns 29 de maig<\/strong><\/h3>\n\n\n\n<p><strong>De 17.30 a 18.30 h Taller obert de dones i salut,&nbsp;<\/strong>per la RBEC<\/p>\n\n\n\n<p>(Referent de Benestar Emocional i Comunitari) del CAP de la&nbsp;Mina.<\/p>\n\n\n\n<p>Fam\u00edlies podeu venir amb la canalla, espai jocs.<\/p>\n\n\n\n<p>Lloc: Centre Cultural Bes\u00f2s<\/p>\n\n\n\n<h3 class=\"wp-block-heading\"><strong>Dimarts 30 de maig<\/strong><\/h3>\n\n\n\n<p><strong>De 9.30 a 11.30 h Mou-te per la salut. Recorregut per la llera del riu.<\/strong><\/p>\n\n\n\n<p>Amb la participaci\u00f3 del Programa d&#8217;Esports de Gent Gran i CEM Bes\u00f2s<\/p>\n\n\n\n<p>Sortida: a l&#8217;entrada de l&#8217;ajuntament<\/p>\n\n\n\n<p>(En cas de pluja l&#8217;activitat se suspendr\u00e0)<\/p>\n\n\n\n<h3 class=\"wp-block-heading\"><strong>Dijous 1 de juny<\/strong><\/h3>\n\n\n\n<p><strong>10 a 20 h Dones i<\/strong><strong>&nbsp;<\/strong><strong>salut al CEM Bes\u00f2s. Salut i esport.<\/strong><strong>&nbsp;<\/strong>Fem KM per la salut de les dones<\/p>\n\n\n\n<p><strong>D&#8217;11.30 a 12.30 h Taller de s\u00f2l p\u00e8lvic,&nbsp;<\/strong>a c\u00e0rrec de<strong>&nbsp;<\/strong>Judith Lleberia, Cap del Servei de Ginecologia i Obstetr\u00edcia de la Fundaci\u00f3 Hospital de<\/p>\n\n\n\n<p>l&#8217;Esperit Sant, i&nbsp;Martina Vilarrasa, llevadora de la Fundaci\u00f3 Hospital de l&#8217;Esperit Sant<\/p>\n\n\n\n<p>Lloc: CIOD&nbsp;<\/p>\n\n\n\n<p><strong>18 h&nbsp;<\/strong><strong>Masterclass<\/strong><strong>&nbsp;Ballar \u00e9s salut!<\/strong>&nbsp;a c\u00e0rrec de&nbsp;associaci\u00f3 de Mujeres Bienvenidas<\/p>\n\n\n\n<p>Lloc: CEM Bes\u00f2s<\/p>\n\n\n\n<h3 class=\"wp-block-heading\"><strong>Dijous 8 de juny<\/strong><\/h3>\n\n\n\n<p><strong>17.15 a 18.45 h Taller d&#8217;autocura: l&#8217;autoestima i la valoraci\u00f3 personal<\/strong><\/p>\n\n\n\n<p>A c\u00e0rrec de Josefina Ravent\u00f3s (psic\u00f2loga CIOD)<\/p>\n\n\n\n<p>Lloc: CIOD<\/p>\n\n\n\n<p><strong>Exposici\u00f3&nbsp;<\/strong><strong>D<\/strong><strong>ones i salut<\/strong><\/p>\n\n\n\n<p>Del 8 al 19 de maig al CEM Bes\u00f2s.<\/p>\n\n\n\n<p>Del 22 al 30 de maig al Centre Cultural Bes\u00f2s<\/p>\n\n\n\n<p>Del 2 al 16 de juny al CIOD<\/p>\n\n\n\n<p><strong>Assessoria psicol\u00f2gica al CIOD&nbsp;<\/strong><\/p>\n\n\n\n<p>Servei gratu\u00eft amb cita pr\u00e8via. Atenci\u00f3 presencial i telef\u00f2nica<\/p>\n\n\n\n<p><strong>Servei de suport i acollida a dones que pateixen viol\u00e8ncia al CIOD<\/strong><\/p>\n\n\n\n<p>Servei gratu\u00eft amb cita pr\u00e8via. Atenci\u00f3 presencial<\/p>\n\n\n\n<p><strong>IMPORTANT: Tots els tallers s\u00f3n gratu\u00efts i les places s\u00f3n limitades. Inscripci\u00f3 pr\u00e8via<\/strong><\/p>\n\n\n\n<h3 class=\"wp-block-heading\"><strong>Inscripcions als tallers i activitats al CIOD<\/strong><\/h3>\n\n\n\n<p>infodonaciod@sant-adria.net<\/p>\n\n\n\n<p>Tel. 93 462 11 21<\/p>\n\n\n\n<h3 class=\"wp-block-heading\"><strong>Informaci\u00f3:<\/strong><\/h3>\n\n\n\n<p>a la web www.sant-adria.net\/sant-adria-per-temes\/igualtat<\/p>\n\n\n\n<p>www.facebook.com\/CIODdonessab<\/p>\n\n\n\n<p>@cioddonessab<\/p>\n\n\n\n<p>@ciodtequierobien<\/p>\n\n\n\n<h3 class=\"wp-block-heading\"><strong>Inscripcions als tallers i activitats al CCBes\u00f2s<\/strong><\/h3>\n\n\n\n<p><a href=\"mailto:ccbesos@sant-adria.net\">ccbesos@sant-adria.net<\/a><\/p>\n\n\n\n<p>M.618297371<\/p>\n\n\n\n<p>@ccbesossab<\/p>\n\n\n\n<p><strong>Organitza:<\/strong>&nbsp;CEM Bes\u00f2s, Centre Cultural Bes\u00f2s i CIOD&nbsp;(Centre d&#8217;Informaci\u00f3 i Orientaci\u00f3 de la Dona)&nbsp;i Regidoria d&#8217;Esports, Regidoria d&#8217;Igualtat, Regidoria d&#8217;Inf\u00e0ncia i Joventut<\/p>\n","protected":false},"excerpt":{"rendered":"<p>L&#8217;origen d&#8217;aquesta commemoraci\u00f3 es remunta a l&#8217;any 1987, quan en una reuni\u00f3 de la Xarxa Mundial de Dones pels Drets Reproductius que va tenir lloc a Costa Rica, la Xarxa de Salut de les Dones Llatinoamericanes i del Carib va proposar la creaci\u00f3 d&#8217;un Dia Internacional d&#8217;Acci\u00f3 per a la Salut de les Dones. L&#8217;objectiu [&hellip;]<\/p>\n","protected":false},"author":2,"featured_media":6407,"comment_status":"closed","ping_status":"open","sticky":false,"template":"","format":"standard","meta":{"footnotes":""},"categories":[134,135],"tags":[],"class_list":{"0":"post-6406","1":"post","2":"type-post","3":"status-publish","4":"format-standard","5":"has-post-thumbnail","7":"category-actualitat","8":"category-societat"},"_links":{"self":[{"href":"https:\/\/www.areabesos.com\/diario\/wp-json\/wp\/v2\/posts\/6406","targetHints":{"allow":["GET"]}}],"collection":[{"href":"https:\/\/www.areabesos.com\/diario\/wp-json\/wp\/v2\/posts"}],"about":[{"href":"https:\/\/www.areabesos.com\/diario\/wp-json\/wp\/v2\/types\/post"}],"author":[{"embeddable":true,"href":"https:\/\/www.areabesos.com\/diario\/wp-json\/wp\/v2\/users\/2"}],"replies":[{"embeddable":true,"href":"https:\/\/www.areabesos.com\/diario\/wp-json\/wp\/v2\/comments?post=6406"}],"version-history":[{"count":1,"href":"https:\/\/www.areabesos.com\/diario\/wp-json\/wp\/v2\/posts\/6406\/revisions"}],"predecessor-version":[{"id":6408,"href":"https:\/\/www.areabesos.com\/diario\/wp-json\/wp\/v2\/posts\/6406\/revisions\/6408"}],"wp:featuredmedia":[{"embeddable":true,"href":"https:\/\/www.areabesos.com\/diario\/wp-json\/wp\/v2\/media\/6407"}],"wp:attachment":[{"href":"https:\/\/www.areabesos.com\/diario\/wp-json\/wp\/v2\/media?parent=6406"}],"wp:term":[{"taxonomy":"category","embeddable":true,"href":"https:\/\/www.areabesos.com\/diario\/wp-json\/wp\/v2\/categories?post=6406"},{"taxonomy":"post_tag","embeddable":true,"href":"https:\/\/www.areabesos.com\/diario\/wp-json\/wp\/v2\/tags?post=6406"}],"curies":[{"name":"wp","href":"https:\/\/api.w.org\/{rel}","templated":true}]}}