{"id":6362,"date":"2023-05-23T18:00:00","date_gmt":"2023-05-23T16:00:00","guid":{"rendered":"https:\/\/www.areabesos.com\/diario\/?p=6362"},"modified":"2023-05-23T19:15:42","modified_gmt":"2023-05-23T17:15:42","slug":"magrada-el-potencial-de-sant-adria-i-tot-el-proces-de-transformacio-que-ha-viscut","status":"publish","type":"post","link":"https:\/\/www.areabesos.com\/diario\/magrada-el-potencial-de-sant-adria-i-tot-el-proces-de-transformacio-que-ha-viscut\/","title":{"rendered":"\u201cM\u2019agrada el potencial de Sant Adri\u00e0 i tot el proc\u00e9s de transformaci\u00f3 que ha viscut\u201d"},"content":{"rendered":"\n<div><a href=\"https:\/\/www.areabesos.com\/diario\/wp-content\/uploads\/2023\/05\/filocaneteOK-1024x757.jpg\" class=\"td-modal-image\"><figure class=\"wp-block-image size-large\"><img loading=\"lazy\" decoding=\"async\" width=\"1024\" height=\"757\" src=\"https:\/\/www.areabesos.com\/diario\/wp-content\/uploads\/2023\/05\/filocaneteOK-1024x757.jpg\" alt=\"\" class=\"wp-image-6375\" srcset=\"https:\/\/www.areabesos.com\/diario\/wp-content\/uploads\/2023\/05\/filocaneteOK-1024x757.jpg 1024w, https:\/\/www.areabesos.com\/diario\/wp-content\/uploads\/2023\/05\/filocaneteOK-300x222.jpg 300w, https:\/\/www.areabesos.com\/diario\/wp-content\/uploads\/2023\/05\/filocaneteOK-768x568.jpg 768w, https:\/\/www.areabesos.com\/diario\/wp-content\/uploads\/2023\/05\/filocaneteOK-150x111.jpg 150w, https:\/\/www.areabesos.com\/diario\/wp-content\/uploads\/2023\/05\/filocaneteOK-485x360.jpg 485w, https:\/\/www.areabesos.com\/diario\/wp-content\/uploads\/2023\/05\/filocaneteOK-696x514.jpg 696w, https:\/\/www.areabesos.com\/diario\/wp-content\/uploads\/2023\/05\/filocaneteOK-1068x789.jpg 1068w, https:\/\/www.areabesos.com\/diario\/wp-content\/uploads\/2023\/05\/filocaneteOK.jpg 1200w\" sizes=\"auto, (max-width: 1024px) 100vw, 1024px\" \/><\/figure><\/a><\/div>\n\n\n\n<p><strong>Pregunta. Qu\u00e8 \u00e9s per tu Sant Adri\u00e0?&nbsp;&nbsp;&nbsp;&nbsp;&nbsp;&nbsp;&nbsp;&nbsp;&nbsp;&nbsp;<\/strong><\/p>\n\n\n\n<p><strong>Resposta.<\/strong> Sant Adri\u00e0 \u00e9s la ciutat que m\u2019ho ha donat tot. On visc. S\u00ed que \u00e9s veritat que abans de casar-me vivia a la zona lim\u00edtrofa, per\u00f2 era per anar a dormir nom\u00e9s perqu\u00e8 sempre m\u2019he relacionat amb Sant Adri\u00e0. De petita vaig estudiar a l\u2019Amor de D\u00e9u, despr\u00e9s al Sant Gabriel i des dels sis anys he estat vinculada al Club Nataci\u00f3 Sant Adri\u00e0. Per tant, sempre he estat pels carrers de Sant Adri\u00e0, els meus amics, el meu entorn sempre ha estat molt vinculat a Sant Adri\u00e0. Per tant, \u00e9s la meva ciutat. Sempre explico l\u2019an\u00e8cdota que quan vaig casar-me, a l\u2019hora de buscar pis sempre els hi deia als de la immobili\u00e0ria que volia que fos a Sant Adri\u00e0, i que no aniria a veure cap pis que no estigu\u00e9s a Sant Adri\u00e0. Volia estar empadronada a la ciutat. Despr\u00e9s vaig tenir molta il\u00b7lusi\u00f3 quan el meu primer fill es va poder registrar com nascut a Sant Adri\u00e0, va ser un dels primers, ara ja en t\u00e9 22 anys. Estic molt orgullosa que al DNI dels meus fills posi que s\u00f3n nascuts a Sant Adri\u00e0. &nbsp;&nbsp;&nbsp;&nbsp;&nbsp;&nbsp;<\/p>\n\n\n\n<p><strong>P. Ja t\u2019agrada com \u00e9s o t\u2019agradaria que fos d\u2019una altra manera?<\/strong><\/p>\n\n\n\n<p><strong>R.<\/strong> M\u2019agrada el potencial que t\u00e9 i tot el proc\u00e9s de transformaci\u00f3 que ha viscut. Per\u00f2 tamb\u00e9 m\u2019agradarien determinats canvis. Per aix\u00f2 dono el pas per continuar i posicionar-me per continuar sent alcaldessa perqu\u00e8 Sant Adri\u00e0 encara pugui tenir m\u00e9s canvis. Hem fet diferents processos de transformaci\u00f3 i crec que ara estem en el tret de sortida per fer una nova transformaci\u00f3 important. Per tant, m\u2019agrada el potencial i les oportunitats que t\u00e9. Sant Adri\u00e0 est\u00e0 situada d\u2019una manera molt estrat\u00e8gica a l\u2019\u00c0rea Metropolitana.&nbsp;&nbsp;<\/p>\n\n\n\n<p><strong>P. En qu\u00e8 consistiria aquesta nova transformaci\u00f3?<\/strong><\/p>\n\n\n\n<p><strong>R.<\/strong> Penso que l\u2019\u00e0mbit de les tres xemeneies \u00e9s una gran oportunitat de transformaci\u00f3, no nom\u00e9s per aquella zona sin\u00f3 que ha de tenir una repercussi\u00f3 per a tota la ciutat i per tot l\u2019entorn. L\u2019entorn \u00e9s molt important. Per mi \u00e9s molt important la identitat, el sentir-te de la teva ciutat i compartir-ho. Aix\u00f2 vull que es recuperi perqu\u00e8 hem detectat que, potser tamb\u00e9 pel context de la crisi i la pand\u00e8mia, que la gent est\u00e0 crispada i amb un sentiment de desafecci\u00f3. Crec que la ciutadania necessita tenir un sentiment m\u00e9s positiu i d\u2019orgull d\u2019on viu i d\u2019on \u00e9s. I que pugui valorar totes les oportunitats que t\u00e9 al seu voltant. En aquest sentit, Sant Adri\u00e0 \u00e9s un punt estrat\u00e8gic molt important del Barcelon\u00e8s i de l\u2019\u00c0rea Metropolitana. Aquesta oportunitat la podem tenir a l\u2019\u00e0mbit de les tres xemeneies. Tamb\u00e9 un altre \u00e0mbit, que potser no hi parlem tant, com \u00e9s la zona de la Ciutat Esportiva de l\u2019Espanyol, una zona que s\u2019ha d\u2019acabar de desenvolupar i tenir unes connotacions importants de cara a la transformaci\u00f3 de la ciutat.<\/p>\n\n\n\n<p>Tamb\u00e9 \u00e9s important l\u2019eix verd que ha significat la recuperaci\u00f3 del riu. Tenim un projecte en el qual estem treballant per preservar la desembocadura del Bes\u00f2s. Per\u00f2 preservar d\u2019una manera sensible, perqu\u00e8 la gent pugui ser-hi per\u00f2 cuidant la desembocadura.<\/p>\n\n\n\n<blockquote class=\"wp-block-quote is-layout-flow wp-block-quote-is-layout-flow\">\n<p>\u201cPer volum i n\u00famero d\u2019agents de policia local i volum i densitat de poblaci\u00f3 estem per sobre de la mitja\u201d<\/p>\n<\/blockquote>\n\n\n\n<p><strong>P. Com s\u2019est\u00e0 fent a Santa Coloma de Gramenet?<\/strong><\/p>\n\n\n\n<p><strong>R.<\/strong> S\u00ed. Aquest tema \u00e9s un continu, perqu\u00e8 en definitiva som quatre municipis els qui compartim el riu, cadascun en el seu \u00e0mbit. L\u2019\u00e0mbit que ens toca a nosaltres \u00e9s molt interessant perqu\u00e8 \u00e9s la desembocadura, el final del riu, un espai molt natural que estem intentant preservar traballant en un projecte que pot portar la conservaci\u00f3 sense que l\u2019acci\u00f3 humana sigui la priorit\u00e0ria, si no la diversitat del m\u00f3n animal, de la natura. Un espai que les persones puguem gaudir respectant l\u2019espai natural. &nbsp;&nbsp;&nbsp;&nbsp;&nbsp;&nbsp;&nbsp;&nbsp;<\/p>\n\n\n\n<p><strong>P. Fa uns mesos la Diputaci\u00f3 de Barcelona va ser una enquesta per saber la satisfacci\u00f3 dels ciutadans respecte a els seus ajuntaments. Sant Adri\u00e0 va ser una de les pitjors valorades, especialment en el tema de la seguretat i la neteja. Creus que aquests s\u00f3n els punts negres de la ciutat?<\/strong><strong><\/strong><\/p>\n\n\n\n<p><strong>R.<\/strong> Jo no parlaria de punts negres, sin\u00f3 punts en el que s\u2019ha de posar m\u00e9s l\u2019accent. De fet, en el nostre programa s\u00f3n dos dels tres eixos importants. Per una banda, tot el que t\u00e9 a veure amb la seguretat, que est\u00e0 molt vinculada a l\u2019espai p\u00fablic, per aix\u00f2 estic posant molt \u00e8mfasi en la recuperaci\u00f3 de l\u2019espai p\u00fablic. Crec molt en una manera d\u2019actuar que implica fer urbanisme des d\u2019una perspectiva d\u2019espai p\u00fablic obert, que ajudi a tot un \u00e0mbit de seguretat. Sempre dic que quan una persona surt al carrer, no \u00e9s nom\u00e9s un tema de delinq\u00fc\u00e8ncia, sin\u00f3 que quan surt al carrer ha de sentir-se a gust, un benestar d\u2019una manera integral. Hi ha una part de la seguretat que \u00e9s aquesta, les percepcions, les sensacions. Per aix\u00f2 \u00e9s important la q\u00fcesti\u00f3 de la neteja, de l\u2019urbanisme, les actuacions que es puguin fer al carrer, recuperar espais verds, que tu amb els teus ulls puguis veure espais que t\u2019agraden, i per tant et sentis segur. No \u00e9s un tema exclusivament de pres\u00e8ncia policial, que tamb\u00e9. Perqu\u00e8 al final no podem negar que estem en un entorn que ens pot ajudar positivament per\u00f2 que tamb\u00e9 t\u00e9 unes connotacions que poden ser negatives. L\u2019entorn tamb\u00e9 pressiona. Som un municipi de 38.000 habitants que l\u2019envolta grans ciutats a nivell de densitat. Badalona supera els 220.000 habitants. Tamb\u00e9 al voltant de Sant Adri\u00e0 Nord tenim un barri amb un \u00edndex de vulnerabilitat i una estructura de risc social important. Tenim tamb\u00e9 la zona lim\u00edtrofa amb Santa Coloma, que encara no t\u00e9 molta afectaci\u00f3. I despr\u00e9s Barcelona, la gran urbe amb m\u00e9s d\u20191,8 milions d\u2019habitants, amb la que compartim dos barris, Bes\u00f2s i Mina, amb el barri de Maresme. Per tant, estem amb una certa pressi\u00f3 que fa que tant din\u00e0miques positives com negatives ens afectin de ple.<\/p>\n\n\n\n<p>Quan parlava de neteja t\u00e9 molt a veure el civisme o l\u2019incivisme. En aquest sentit, ara fa uns mesos hem posat en marxa un programa d\u2019agents c\u00edvics en el que crec que hi ha hagut molt bona acollida, s\u00f3n molt visibles, estan molt motivats amb la feina que fan i crec que aix\u00f2 \u00e9s positiu per la millora de l\u2019espai p\u00fablic. Estic conven\u00e7uda que tot plegat suma per recuperar tamb\u00e9 aquest posicionament d\u2019una seguretat quan surts al carrer. S\u00f3n aspectes totalment vinculats.<\/p>\n\n\n\n<p><strong>P. En el tema de la seguretat, tenim m\u00e9s Mossos que mai a la comissaria de la Mina per\u00f2 la ciutadania es queixa que no veu policia local pels carrers.<\/strong><\/p>\n\n\n\n<p><strong>R.<\/strong> A vegades el tema del n\u00famero d\u2019agents t\u00e9 a veure amb les actuacions que has de fer. Per volum i n\u00famero d\u2019agents de policia local i volum i densitat de poblaci\u00f3 estem per sobre de la mitja. Ciutats que tenen una poblaci\u00f3 similar i que tampoc tenen unes realitats molt diferents a la nostra en quant a estructura social, estem per sobre d\u2019aquesta mitja. Tamb\u00e9 \u00e9s veritat que la policia local est\u00e0 assumint moltes compet\u00e8ncies que no s\u00f3n pr\u00f2pies en mat\u00e8ria de seguretat. Per aix\u00f2 la insist\u00e8ncia que s\u2019han d\u2019augmentar les dotacions de Mossos. No hem d\u2019oblidar que tenim un barri amb una situaci\u00f3 flagrant relacionada amb tot el que implica el m\u00f3n de la droga. La policia local assumeix gran part de les actuacions que tenen a veure amb seguretat ciutadana que s\u00f3n pr\u00f2pies de Mossos. S\u2019ha de millorar molt la coordinaci\u00f3, perqu\u00e8 determinades actuacions que has de fer que comencen amb un incompliment d\u2019una ordenan\u00e7a pot derivar en q\u00fcesti\u00f3 de minuts en una q\u00fcesti\u00f3 d\u2019ordre p\u00fablic. Per aix\u00f2 la meva insist\u00e8ncia, des del primer dia, en la necessitat de tenir ordre p\u00fablic, especialment al barri de La Mina. Aix\u00f2 \u00e9s el que continuar\u00e9 reivindicant. Felicito l\u2019augment de Mossos, per\u00f2 no \u00e9s suficient perqu\u00e8 encara estem assumint q\u00fcestions que tenen a veure amb seguretat ciutadana. Per tant, encara hem d\u2019anar augmentant, ara entraran sis nous agents de policia local. Aix\u00f2 far\u00e0 que puguem fer m\u00e9s desplegament de policia de proximitat, que ja s\u2019est\u00e0 fent, per\u00f2 est\u00e0 m\u00e9s concentrat en l\u2019eix comercial, sobretot en el centre de la ciutat. Amb aquestes noves incorporacions, no podrem fer un desplegament del 100% de la policia de proximitat per\u00f2 el podrem augmentar. \u00c9s molt important tenir la policia de barri que la gent veu a peu, en moto, que nom\u00e9s el fet de veure\u2019ls, encara que no facin cap actuaci\u00f3, ja crea aquesta sensaci\u00f3 de seguretat.<\/p>\n\n\n\n<p>Tamb\u00e9 parlem d\u2019un sistema de videovigil\u00e0ncia, que ja s\u2019est\u00e0 fent en altres ciutats. Nosaltres ho vam voler posar en marxa, per\u00f2 com que tot s\u2019ha de licitar sempre hi ha la possibilitat que aquella licitaci\u00f3 no tiri endavant perqu\u00e8 ha quedat deserta o no s\u2019han complert els requisits que has demanat. La vam posar en marxa fa un any i no ha pogut tirar endavant perqu\u00e8 no ha complert les nostres expectatives. &nbsp;<\/p>\n\n\n\n<p><\/p>\n\n\n\n<figure class=\"wp-block-embed is-type-video is-provider-youtube wp-block-embed-youtube wp-embed-aspect-16-9 wp-has-aspect-ratio\"><div class=\"wp-block-embed__wrapper\">\n<iframe loading=\"lazy\" title=\"Entrevista Filo Ca\u00f1ete. Partit dels Socialistes de Catalunya\" width=\"696\" height=\"392\" src=\"https:\/\/www.youtube.com\/embed\/413I1SMsFrc?feature=oembed\" frameborder=\"0\" allow=\"accelerometer; autoplay; clipboard-write; encrypted-media; gyroscope; picture-in-picture; web-share\" allowfullscreen><\/iframe>\n<\/div><\/figure>\n\n\n\n<p>&nbsp;&nbsp;&nbsp;&nbsp;&nbsp;&nbsp;&nbsp;&nbsp;&nbsp;&nbsp;&nbsp;&nbsp;&nbsp;&nbsp;<\/p>\n\n\n\n<p><strong>P. Estem parlant de posar c\u00e0meres als carrers.<\/strong><\/p>\n\n\n\n<p><strong>R.<\/strong> S\u00ed, s\u00ed. No pots tenir una pres\u00e8ncia a tot arreu, per\u00f2 s\u00ed que pots vigilar aquells punts que siguin sensibles des d\u2019un punt de vista de seguretat i controlar millor aquests espais. Sobretot per ser dissuasori, amb una connotaci\u00f3 plena amb l\u2019incivisme. Moltes vegades \u00e9s aix\u00f2, actes vand\u00e0lics, incivisme. No estem parlant que les xifres de delinq\u00fc\u00e8ncia a Sant Adri\u00e0 siguin significatives respecte a l\u2019\u00c0rea Metropolitana, no \u00e9s aix\u00ed.<\/p>\n\n\n\n<p><strong>P. En aquesta mateixa enquesta de la qual et parlava abans, la gesti\u00f3 municipal suspenia i era el quart problema que veia la ciutadania per sota de la seguretat, la neteja, i l\u2019incivisme. Tan malament ho feu?<\/strong><\/p>\n\n\n\n<p><strong>R.<\/strong> Jo no crec que sigui una q\u00fcesti\u00f3 que es faci malament o no. El que passa \u00e9s que \u00e9s veritat que cada cop m\u00e9s tot el que \u00e9s la normativa, els procediments, el que fan \u00e9s generar rigideses a l\u2019hora d\u2019actuar i \u00e9s m\u00e9s dif\u00edcil en estructures de poblacions m\u00e9s petites poder adaptar-se a aquest ritme, a aquest compliment, que no pas en ciutats que puguin tenir m\u00e9s musculatura, m\u00e9s estructura i que puguin adaptar-se d\u2019una manera m\u00e9s r\u00e0pida.<\/p>\n\n\n\n<p>Tamb\u00e9 cal preguntar-se qu\u00e8 \u00e9s el que estaven valorant en aquell moment. Perqu\u00e8 la gent valora molt la proximitat, la immediatesa a l\u2019hora de resoldre problemes del dia a dia i en el tu a tu. En aix\u00f2 tenim molt bona nota. La ciutadania el que vol al final \u00e9s que puguis escoltar-la, que quan tingui un problema, encara que sigui una q\u00fcesti\u00f3 molt personal, el puguis atendre. Que sentin que els pol\u00edtics, que els seus governants, estan a prop de les seves inquietuds fent una escola activa. En aquest sentit, la consideraci\u00f3 \u00e9s molt positiva. Com a m\u00ednim, \u00e9s el que em trasllada la ciutadania.<\/p>\n\n\n\n<blockquote class=\"wp-block-quote is-layout-flow wp-block-quote-is-layout-flow\">\n<p>\u201cLa ciutadania el que vol \u00e9s que puguis escoltar-la, que quan tingui un problema el puguis atendre. En aix\u00f2 tenim molt bona nota\u201d &nbsp;&nbsp;&nbsp;&nbsp;&nbsp;&nbsp;&nbsp;&nbsp;<\/p>\n<\/blockquote>\n\n\n\n<p><strong>P. Els candidats de la resta de partits que es presenten a les eleccions demanen un canvi despr\u00e9s de 40 anys de govern socialista. Per qu\u00e8 demanes quatre anys m\u00e9s del PSC al govern?<\/strong><\/p>\n\n\n\n<p><strong>R.<\/strong> Precisament perqu\u00e8 tinc una il\u00b7lusi\u00f3 enorme en continuar transformant la ciutat. No es pot negar. Les candidatures, algunes s\u00f3n totalment noves, fins i tot no s\u00f3n de refer\u00e8ncia a Sant Adri\u00e0, que venen de fora, no coneixen pr\u00e0cticament la ciutat. Per posicionar-te en aquest sentit has de tenir un recorregut en la hist\u00f2ria, i has de saber com estava Sant Adri\u00e0 fa 20, 30, 40 anys i com est\u00e0 ara. No podem negar que hem tingut una etapa, sobretot l\u2019etapa de la crisi, que ens ha tocat molt de ple i l\u2019equip de govern va decidir salvar persones. \u00c9s veritat que durant una d\u00e8cada no hi ha hagut la capacitat, perqu\u00e8 tamb\u00e9 hi ha hagut una rigidesa a nivell de normativa fiscal, de poder fer inversions respecte a l\u2019espai p\u00fablic, equipaments. Hi ha hagut una certa degradaci\u00f3, que precisament \u00e9s l\u2019eix en el qual estic posant m\u00e9s \u00e8mfasi. Perqu\u00e8 soc plenament coneixedora del que es necessita per recuperar aquesta idea de sentir orgull de viure a Sant Adri\u00e0.<\/p>\n\n\n\n<p>\u00c9s normal que la resta de candidats demani un canvi perqu\u00e8 volen ser-hi. Per\u00f2 tamb\u00e9 podrien ser-hi per\u00f2 no volen. Determinats candidats i candidates han demostrat que no \u00e9s una q\u00fcesti\u00f3 de ciutat, sin\u00f3 una q\u00fcesti\u00f3 de sigles. Han deixat que govern\u00e9ssim en minoria quan podia haver la possibilitat de governar amb una majoria que el que dona \u00e9s estabilitat a la ciutat, que \u00e9s el que es necessita. Perqu\u00e8 el no tenir un pressupost, que \u00e9s l\u2019eina fonamental per tirar endavant totes les actuacions i necessitats que t\u00e9 una ciutat, i que sigui exclusivament un no per sistema, no ajuda a la ciutadania. Crec que la ciutadania el que vol s\u00f3n governants que veritablement posin en el centre la ciutat i les seves necessitats. Les sigles, com a l\u00ednia ideol\u00f2gica s\u00ed, per\u00f2 que puguin quedar a una banda. Canvi? Podrien haver-se produ\u00eft canvis, no cal dir ara \u201cvull un canvi\u201d. No es pot negar que els Socialistes hem fet molta transformaci\u00f3 i molts canvis a la ciutat. I jo tinc il\u00b7lusi\u00f3 de ser protagonista d\u2019aquest proc\u00e9s de transformaci\u00f3 que cal donar-li continu\u00eftat.<\/p>\n\n\n\n<p><strong>P. Si es donessin els resultats, estar\u00edeu disposats a pactar amb altres formacions per crear equip de govern? Hi hauria alguna l\u00ednia vermella?<\/strong><\/p>\n\n\n\n<p><strong>R.<\/strong> Nosaltres sempre hem estat disposats a parlar. De fet, hem tingut suport d\u2019algun grup municipal que ha posat en valor les necessitats de la ciutat a banda de les seves sigles. No tenim cap problema. De fet, els governs socialistes, encara tenint la majoria absoluta, ha governat amb altres grups municipals. Per tant, ning\u00fa ens pot negar que nosaltres no estiguem oberts a di\u00e0leg i consens pel b\u00e9 de la ciutat.<\/p>\n\n\n\n<p><strong>P. Hi hauria alguna l\u00ednia vermella?<\/strong><\/p>\n\n\n\n<p><strong>R.<\/strong> La l\u00ednia vermella ens la posa el nostre ADN socialista. Si hi ha alguna l\u00ednia vermella que t\u00e9 a veure amb l\u2019\u00e0mbit social, aix\u00f2 per nosaltres \u00e9s una l\u00ednia vermella. El mantenir les persones, recuperar les persones, no deixar ning\u00fa enrere, aix\u00f2 s\u00ed que \u00e9s una l\u00ednia vermella per nosaltres. &nbsp;&nbsp;<\/p>\n\n\n\n<p class=\"has-text-align-center\"><strong>Programa electoral del PSC<\/strong>&nbsp;&nbsp;<\/p>\n\n\n\n<div class=\"wp-block-columns is-layout-flex wp-container-core-columns-is-layout-9d6595d7 wp-block-columns-is-layout-flex\">\n<div class=\"wp-block-column is-layout-flow wp-block-column-is-layout-flow\" style=\"flex-basis:33.33%\">\n<figure class=\"wp-block-image size-large\"><img loading=\"lazy\" decoding=\"async\" width=\"1024\" height=\"424\" src=\"https:\/\/www.areabesos.com\/diario\/wp-content\/uploads\/2023\/05\/logo-sab-psc-2023-1024x424.jpg\" alt=\"\" class=\"wp-image-6363\" srcset=\"https:\/\/www.areabesos.com\/diario\/wp-content\/uploads\/2023\/05\/logo-sab-psc-2023-1024x424.jpg 1024w, https:\/\/www.areabesos.com\/diario\/wp-content\/uploads\/2023\/05\/logo-sab-psc-2023-300x124.jpg 300w, https:\/\/www.areabesos.com\/diario\/wp-content\/uploads\/2023\/05\/logo-sab-psc-2023-768x318.jpg 768w, https:\/\/www.areabesos.com\/diario\/wp-content\/uploads\/2023\/05\/logo-sab-psc-2023-150x62.jpg 150w, https:\/\/www.areabesos.com\/diario\/wp-content\/uploads\/2023\/05\/logo-sab-psc-2023-696x288.jpg 696w, https:\/\/www.areabesos.com\/diario\/wp-content\/uploads\/2023\/05\/logo-sab-psc-2023-1068x442.jpg 1068w, https:\/\/www.areabesos.com\/diario\/wp-content\/uploads\/2023\/05\/logo-sab-psc-2023.jpg 1170w\" sizes=\"auto, (max-width: 1024px) 100vw, 1024px\" \/><\/figure>\n<\/div>\n\n\n\n<div class=\"wp-block-column is-layout-flow wp-block-column-is-layout-flow\" style=\"flex-basis:66.66%\"><a href=\"https:\/\/www.areabesos.com\/diario\/wp-content\/uploads\/2023\/05\/05-Sant-AdriA-de-BesA\u00b2s-Programa-electoral.pdf\" class=\"pdfemb-viewer\" style=\"\" data-width=\"max\" data-height=\"max\" data-toolbar=\"both\" data-toolbar-fixed=\"on\">05-Sant-AdriA-de-BesA\u00b2s-Programa-electoral<\/a>\n<p class=\"wp-block-pdfemb-pdf-embedder-viewer\"><\/p>\n<\/div>\n<\/div>\n","protected":false},"excerpt":{"rendered":"<p>Pregunta. Qu\u00e8 \u00e9s per tu Sant Adri\u00e0?&nbsp;&nbsp;&nbsp;&nbsp;&nbsp;&nbsp;&nbsp;&nbsp;&nbsp;&nbsp; Resposta. Sant Adri\u00e0 \u00e9s la ciutat que m\u2019ho ha donat tot. On visc. S\u00ed que \u00e9s veritat que abans de casar-me vivia a la zona lim\u00edtrofa, per\u00f2 era per anar a dormir nom\u00e9s perqu\u00e8 sempre m\u2019he relacionat amb Sant Adri\u00e0. De petita vaig estudiar a l\u2019Amor de D\u00e9u, [&hellip;]<\/p>\n","protected":false},"author":1,"featured_media":6375,"comment_status":"closed","ping_status":"open","sticky":false,"template":"","format":"video","meta":{"footnotes":""},"categories":[134,138],"tags":[],"class_list":{"0":"post-6362","1":"post","2":"type-post","3":"status-publish","4":"format-video","5":"has-post-thumbnail","7":"category-actualitat","8":"category-entrevistes","9":"post_format-post-format-video"},"_links":{"self":[{"href":"https:\/\/www.areabesos.com\/diario\/wp-json\/wp\/v2\/posts\/6362","targetHints":{"allow":["GET"]}}],"collection":[{"href":"https:\/\/www.areabesos.com\/diario\/wp-json\/wp\/v2\/posts"}],"about":[{"href":"https:\/\/www.areabesos.com\/diario\/wp-json\/wp\/v2\/types\/post"}],"author":[{"embeddable":true,"href":"https:\/\/www.areabesos.com\/diario\/wp-json\/wp\/v2\/users\/1"}],"replies":[{"embeddable":true,"href":"https:\/\/www.areabesos.com\/diario\/wp-json\/wp\/v2\/comments?post=6362"}],"version-history":[{"count":5,"href":"https:\/\/www.areabesos.com\/diario\/wp-json\/wp\/v2\/posts\/6362\/revisions"}],"predecessor-version":[{"id":6387,"href":"https:\/\/www.areabesos.com\/diario\/wp-json\/wp\/v2\/posts\/6362\/revisions\/6387"}],"wp:featuredmedia":[{"embeddable":true,"href":"https:\/\/www.areabesos.com\/diario\/wp-json\/wp\/v2\/media\/6375"}],"wp:attachment":[{"href":"https:\/\/www.areabesos.com\/diario\/wp-json\/wp\/v2\/media?parent=6362"}],"wp:term":[{"taxonomy":"category","embeddable":true,"href":"https:\/\/www.areabesos.com\/diario\/wp-json\/wp\/v2\/categories?post=6362"},{"taxonomy":"post_tag","embeddable":true,"href":"https:\/\/www.areabesos.com\/diario\/wp-json\/wp\/v2\/tags?post=6362"}],"curies":[{"name":"wp","href":"https:\/\/api.w.org\/{rel}","templated":true}]}}