{"id":6357,"date":"2023-05-23T17:50:00","date_gmt":"2023-05-23T15:50:00","guid":{"rendered":"https:\/\/www.areabesos.com\/diario\/?p=6357"},"modified":"2023-05-23T19:11:48","modified_gmt":"2023-05-23T17:11:48","slug":"despres-de-40-anys-de-govern-dels-mateixos-toca-un-canvi","status":"publish","type":"post","link":"https:\/\/www.areabesos.com\/diario\/despres-de-40-anys-de-govern-dels-mateixos-toca-un-canvi\/","title":{"rendered":"\u201cDespr\u00e9s de 40 anys de govern dels mateixos toca un canvi\u201d"},"content":{"rendered":"\n<div><a href=\"https:\/\/www.areabesos.com\/diario\/wp-content\/uploads\/2023\/05\/rubenarenasOK-1024x822.jpg\" class=\"td-modal-image\"><figure class=\"wp-block-image size-large\"><img loading=\"lazy\" decoding=\"async\" width=\"1024\" height=\"822\" src=\"https:\/\/www.areabesos.com\/diario\/wp-content\/uploads\/2023\/05\/rubenarenasOK-1024x822.jpg\" alt=\"\" class=\"wp-image-6379\" srcset=\"https:\/\/www.areabesos.com\/diario\/wp-content\/uploads\/2023\/05\/rubenarenasOK-1024x822.jpg 1024w, https:\/\/www.areabesos.com\/diario\/wp-content\/uploads\/2023\/05\/rubenarenasOK-300x241.jpg 300w, https:\/\/www.areabesos.com\/diario\/wp-content\/uploads\/2023\/05\/rubenarenasOK-768x616.jpg 768w, https:\/\/www.areabesos.com\/diario\/wp-content\/uploads\/2023\/05\/rubenarenasOK-150x120.jpg 150w, https:\/\/www.areabesos.com\/diario\/wp-content\/uploads\/2023\/05\/rubenarenasOK-696x559.jpg 696w, https:\/\/www.areabesos.com\/diario\/wp-content\/uploads\/2023\/05\/rubenarenasOK-1068x857.jpg 1068w, https:\/\/www.areabesos.com\/diario\/wp-content\/uploads\/2023\/05\/rubenarenasOK.jpg 1200w\" sizes=\"auto, (max-width: 1024px) 100vw, 1024px\" \/><\/figure><\/a><\/div>\n\n\n\n<p><strong>Pregunta. Qu\u00e8 \u00e9s per tu Sant Adri\u00e0?\u00a0\u00a0\u00a0\u00a0\u00a0\u00a0\u00a0\u00a0\u00a0\u00a0<\/strong><\/p>\n\n\n\n<p><strong>Resposta.<\/strong> Sant Adri\u00e0 \u00e9s la meva ciutat, on he nascut, on visc, i ara mateix \u00e9s el meu projecte vital en tant que Esquerra Republicana i jo com a cap de llista volem transformar Sant Adri\u00e0 perqu\u00e8 la ciutat ho necessita i ho demana a crits.&nbsp;&nbsp;&nbsp;&nbsp;&nbsp;<\/p>\n\n\n\n<p><strong>P. Com t\u2019agradaria que fos la ciutat?<\/strong><\/p>\n\n\n\n<p><strong>R.<\/strong> Ho hem repetit moltes vegades. Necessitem una ciutat que sigui segura, amable per a les fam\u00edlies, que sigui digna, que estigui ordenada, i de la qual ens puguem tornar a sentir orgullosos. Que la ciutadania pugui anar pel m\u00f3n i dir que \u00e9s de Sant Adri\u00e0, que se sent orgullosa de viure, que pot viure tranquil\u00b7lament, que pot desenvolupar els seus projectes vitals a la ciutat amb tranquil\u00b7litat i seguretat. Pensem que hem d\u2019anar cap aqu\u00ed. Despr\u00e9s de 40 anys de govern dels mateixos toca un canvi, toca renovar i fer les coses diferents perqu\u00e8 la ciutat canvi\u00ef. Amb un ajuntament que estigui a disposici\u00f3 de la ciutadania i no d\u2019esquenes per intentar ajudar a tothom.&nbsp;&nbsp;<\/p>\n\n\n\n<p><strong>P. Has parlat que es necessita un canvi. Com ho far\u00edeu diferent?<\/strong><\/p>\n\n\n\n<p><strong>R.<\/strong> Nosaltres hem vingut a transformar i no a gestionar. Pensem que l\u2019actual equip de govern ha basat tota la seva acci\u00f3 de govern, si \u00e9s que ho podem dir aix\u00ed, en una in\u00e8rcia que porten de molts anys en la qual no hi ha canvis profunds, transformacions. La ciutadania no sent que s\u2019estan atenent les seves peticions. Aquesta \u00e9s una de les primeres coses que nosaltres volem fer: apostar per no gestionar, sin\u00f3 transformar.<\/p>\n\n\n\n<p>Qu\u00e8 vol dir transformar? Per exemple, canviar el model de seguretat. En l\u2019actualitat el que tenim \u00e9s plenament reactiu. Davant un fet delictiu, hi ha una reacci\u00f3. Nosaltres el que volem \u00e9s un model de seguretat que es basi en la prevenci\u00f3. A la pr\u00e0ctica el que implica \u00e9s cuidar les voreres, la il\u00b7luminaci\u00f3. No pot ser que hi hagi racons foscos a Sant Adri\u00e0 on especialment les dones, per\u00f2 tota la ciutadania en general, no se sent segura.<\/p>\n\n\n\n<p>La seguretat \u00e9s tot aix\u00f2. Tamb\u00e9 \u00e9s dotar de m\u00e9s policies, per\u00f2 no nom\u00e9s quedar-nos amb la policia. Tamb\u00e9 cal que la policia tingui les eines necess\u00e0ries per poder fer la seva feina. Nosaltres estem proposant instal\u00b7lar c\u00e0meres de videovigil\u00e0ncia en tots els punts conflictius que tenim a la ciutat.<\/p>\n\n\n\n<p>Aix\u00f2 per una banda, per\u00f2 tamb\u00e9 cal parlar de la gesti\u00f3 dels diners. En els darrers anys, Sant Adri\u00e0 tenia 30 milions d\u2019euros estalviats, que b\u00e0sicament provenien de la no acci\u00f3, i en aquests \u00faltims dos anys s\u2019han gastat 27. Uns diners invertits en una llita de la compra absolutament t\u00e8cnica i sense cap mena de rumb pol\u00edtic. Aix\u00f2 demostra que no s\u2019inverteix en les necessitats de la ciutadania i no s\u2019aposta per transformar, sin\u00f3 que es posen pegats en algunes coses, que segurament tamb\u00e9 calen, per\u00f2 no fan avan\u00e7ar la ciutat cap a la ciutat del segle XXI que haur\u00edem de ser.<\/p>\n\n\n\n<blockquote class=\"wp-block-quote is-layout-flow wp-block-quote-is-layout-flow\">\n<p>\u201cLa ciutadania veu que la ciutat est\u00e0 en decad\u00e8ncia i cal un canvi inevitable\u201d<\/p>\n<\/blockquote>\n\n\n\n<p>Per exemple, s\u2019haurien pogut invertir diners en el Marina Bes\u00f2s per municipalitzar la instal\u00b7laci\u00f3, fer-la viable, que tots plegats la pogu\u00e9ssim gaudir, i que si sortissin beneficis revertissin directament en la ciutadania i no en una empresa privada.<\/p>\n\n\n\n<p>Tamb\u00e9 vam posar sobre la taula que hi havia uns fons de la Diputaci\u00f3 de Barcelona que es podrien haver invertit per reobrir Ricart, i no s\u2019ha fet. Ara s\u2019ha anunciat a \u00faltima hora un pla, per\u00f2 ja \u00e9s el quart que presenten. Ja s\u2019han gastat un munt de diners en fer plans que mai s\u2019han executat. Per qu\u00e8 ens els hem de creure ara? On s\u00f3n els diners? En qu\u00e8 s\u2019estan invertint? Nosaltres pensem que els diners de tots s\u2019ha de fer un esfor\u00e7 per fer-los servir b\u00e9 i per fer avan\u00e7ar la ciutat.<\/p>\n\n\n\n<p>I tenim molts m\u00e9s exemples, com la peatonitzaci\u00f3 de l\u2019Avinguda Catalunya. S\u2019han gastat 300.000 euros i a dia d\u2019avui encara no funcionen les pilones autom\u00e0tiques. O podem parlar de carrer Sant Oleguer, que despr\u00e9s d\u2019haver acabat les obres s\u2019han hagut d\u2019invertir m\u00e9s diners. Tampoc s\u2019ha fet la resid\u00e8ncia de gent gran del barri de La Mina que fa anys vam aprovar en una moci\u00f3 que es buscaria finan\u00e7ament per recuperar l\u2019antic CAP i fer la resid\u00e8ncia.<\/p>\n\n\n\n<p>No hi ha una aut\u00e8ntica voluntat de dir cap a on portem Sant Adri\u00e0, on volem ser d\u2019aqu\u00ed 15 anys. No hi ha projecte de ciutat. Nosaltres tenim projecte, tenim equip i la il\u00b7lusi\u00f3 i les ganes de transformar Sant Adri\u00e0, de refer-la per tenir una ciutat millor per a tothom.&nbsp;&nbsp;&nbsp;&nbsp;&nbsp;&nbsp;&nbsp;<\/p>\n\n\n\n<p><strong>P. Hem parlat de la seguretat. Creus que aquest \u00e9s el punt negre de la ciutat o hi ha un problema m\u00e9s gros?<\/strong><\/p>\n\n\n\n<p><strong>R.<\/strong> Actualment la seguretat \u00e9s una de les principals preocupacions de la ciutadania i \u00e9s una sensaci\u00f3, una percepci\u00f3 que \u00e9s dif\u00edcil de revertir. Mentre els Mossos d\u2019Esquadra tenen a la seva comissaria de Sant Adri\u00e0 m\u00e9s agents ara que mai, 100 agents, la policia local no para de disminuir. Aquesta manca de pres\u00e8ncia de la policia local afecta a aquesta percepci\u00f3 de la seguretat. Per\u00f2 com et deia abans nosaltres no pensem que la seguretat sigui nom\u00e9s un policia corrent darrere un lladre. Per nosaltres va m\u00e9s enll\u00e0 i cal una visi\u00f3 m\u00e9s integral del que \u00e9s la seguretat. \u00c9s la il\u00b7luminaci\u00f3, cuidar de les voreres. No pot ser que el carrer Bogatell continu\u00ef aixecat a l\u2019al\u00e7ada de la pr\u00f2pia pla\u00e7a de la Vila on la gent gran hi cau de forma constant. Seguretat \u00e9s tenir una ciutat arrengada on puguis caminar de forma tranquil\u00b7la, amb pau, sense por a que et robin, a caure. Crec que aix\u00f2 milloraria molt\u00edssim la sensaci\u00f3 de seguretat.<\/p>\n\n\n\n<p>Tamb\u00e9 podem fer altres coses que com a ciutat no s\u2019est\u00e0 fent, com \u00e9s demanar a les inst\u00e0ncies superiors, ja sigui la Generalitat de Catalunya o el govern de l\u2019estat, la necessitat d\u2019implantar un jutjat a Sant Adri\u00e0, o d\u2019alguna manera agilitzar el sistema de just\u00edcia perqu\u00e8 no hi hagi la percepci\u00f3 que les persones que delinqueixen entren per una porta i surten per l\u2019altra. No podem parlar de seguretat si no parlem de just\u00edcia.<\/p>\n\n\n\n<p>Tampoc ajuda la sensaci\u00f3 de deixadesa en la qual hem estat instal\u00b7lats els darrers anys. La ciutadania s\u2019adona de com est\u00e0 la ciutat, i la correcuita dels \u00faltims quatre mesos per intentar maquillar la situaci\u00f3 no canvia la realitat de Sant Adri\u00e0. La ciutadania veu que la ciutat est\u00e0 en decad\u00e8ncia i cal un canvi inevitable.\u00a0\u00a0\u00a0\u00a0\u00a0\u00a0\u00a0<\/p>\n\n\n\n<p><\/p>\n\n\n\n<figure class=\"wp-block-embed is-type-video is-provider-youtube wp-block-embed-youtube wp-embed-aspect-16-9 wp-has-aspect-ratio\"><div class=\"wp-block-embed__wrapper\">\n<iframe loading=\"lazy\" title=\"Entrevista Rub\u00e8n Arenas. Esquerra Republicana de Catalunya\" width=\"696\" height=\"392\" src=\"https:\/\/www.youtube.com\/embed\/-omWFSe83zI?feature=oembed\" frameborder=\"0\" allow=\"accelerometer; autoplay; clipboard-write; encrypted-media; gyroscope; picture-in-picture; web-share\" allowfullscreen><\/iframe>\n<\/div><\/figure>\n\n\n\n<p><\/p>\n\n\n\n<p><strong>P. Quins s\u00f3n els principals problemes que us trasllada la gent al carrer?<\/strong><strong><\/strong><\/p>\n\n\n\n<p><strong>R.<\/strong> A banda de la seguretat est\u00e0 la q\u00fcesti\u00f3 de la neteja, que forma part de la decad\u00e8ncia en la qual estem instal\u00b7lats. Nosaltres hem proposat fer una auditoria en aquest tema. Es va aprovar la moci\u00f3 en el seu moment per\u00f2 mai s\u2019ha dut a terme. Pensem que \u00e9s una de les primeres coses que s\u2019ha de fer, saber qu\u00e8 \u00e9s el que est\u00e0 fallant, perqu\u00e8 s\u2019estan gastant molts diners.<\/p>\n\n\n\n<p>Altres preocupacions que s\u00f3n latents i que se\u2019n parla molt \u00e9s el del medi ambient en general. Per\u00f2 concretament hi ha temes com \u00e9s Tersa, que preocupa molt la contaminaci\u00f3 i les conseq\u00fc\u00e8ncies sobre la nostra salut. El fet que una persona que viu a Sant Cugat viu de mitjana set anys m\u00e9s que una que viu a Sant Adri\u00e0. Nosaltres ens comprometem a fer una calendaritzaci\u00f3 del tancament de Tersa a trav\u00e9s d\u2019una pol\u00edtica de residus zero. Sabem que no \u00e9s f\u00e0cil, que no ho farem en dos dies, per\u00f2 alg\u00fa ha de comen\u00e7ar a posar fil a l\u2019agulla. Ning\u00fa s\u2019ho ha plantejat encara de manera seriosa. Hi ha alguns plans ja fets per\u00f2 ning\u00fa ha posat data en el calendari pel tancament. La Generalitat ja ho ha dit p\u00fablicament, i nosaltres ho prometem i penso que el farem.&nbsp;&nbsp;<\/p>\n\n\n\n<p>Tamb\u00e9 per altra banda, s\u2019ha de renaturalitzar la desembocadura del riu Bes\u00f2s. Cal donar-li una protecci\u00f3. Nosaltres ja hem proposat coses, perqu\u00e8 no pot ser un abocador a cel obert. Que la gent trepitgi, que faci activitats que no s\u00f3n les apropiades.<\/p>\n\n\n\n<p>Els camins escolars afecten tamb\u00e9 a la gent i els preocupa. Un cam\u00ed escolar \u00e9s seguretat, \u00e9s dignitat, amabilitat per les fam\u00edlies, identitat, sentir-se orgull\u00f3s de la teva ciutat. &nbsp;&nbsp;<\/p>\n\n\n\n<blockquote class=\"wp-block-quote is-layout-flow wp-block-quote-is-layout-flow\">\n<p>\u201cEns comprometem a fer una calendaritzaci\u00f3 del tancament de Tersa\u201d<\/p>\n<\/blockquote>\n\n\n\n<p>&nbsp;<strong>P. Has comentat que la ciutat necessita un canvi. Per qu\u00e8 creus que la ciutadania continua donant suport al PSC durant tants anys. T\u00e9 por al canvi o ja li est\u00e0 b\u00e9?<\/strong><\/p>\n\n\n\n<p><strong>R.<\/strong> Aix\u00f2 a hores d\u2019ara no ho sabem. Nosaltres ens presentem per guanyar. Respectem els resultats perqu\u00e8 la ciutadania \u00e9s sobirana I pot decidir el que consideri. El que nosaltres expliquem \u00e9s que despr\u00e9s de 40 anys dels mateixos, per higiene democr\u00e0tica, cal un canvi. Sant Adri\u00e0 necessita una altra manera de fer, necessita il\u00b7lusi\u00f3, que la ciutadania pugui somriure tamb\u00e9 de tant en tant. Penso que en els darrers anys, no nom\u00e9s la gent no somriu, \u00e9s que no nota que la ciutat estigui avan\u00e7ant, sin\u00f3 tot el contrari, tenim la sensaci\u00f3 que retrocedim. Tenim la sensaci\u00f3 que el govern municipal durant aquesta legislatura i tamb\u00e9 l\u2019anterior no va acabar d\u2019arrencar, i tamb\u00e9 es carrega una responsabilitat sobre l\u2019oposici\u00f3 que entenem que no t\u00e9 cabuda perqu\u00e8 al final ells s\u00f3n els responsables de la situaci\u00f3 de la ciutat. La responsabilitat de l\u2019oposici\u00f3 \u00e9s fiscalitzar-los, i ho hem fet, hem estat molt a sobre denunciant totes les coses que no es feien b\u00e9 i hem aturat coses quan ha calgut. Per exemple, hem proposat una comissi\u00f3 especial d\u2019investigaci\u00f3 per la platja contaminada del Litoral. I estic segur que sense Esquerra Republicana aix\u00f2 no hagu\u00e9s passat, no s\u2019haguessin depurat responsabilitats, ni sortiria un decret per sancionar una empresa. Hem estat capa\u00e7os d\u2019articular una majoria per aturar el pressupost en un moment determinat, quan hem pensat que no s\u2019adeia a les necessitats que tenia Sant Adri\u00e0.&nbsp;<\/p>\n\n\n\n<p>I aix\u00f2 hem estat capa\u00e7os de fer-ho des de l\u2019oposici\u00f3, sumant consensos. Cal recordar que a la investidura de la Filo (Ca\u00f1ete) vam ser capa\u00e7os de recavar vuit vots, anant molt m\u00e9s enll\u00e0 de les nostres sigles, intentant representar una alternativa possible i viable per governar aquesta ciutat. Penso que som l\u2019\u00fanica alternativa possible. El canvi inevitable ha de passar pel nostre lideratge. Per aix\u00f2 demanem a la ciutadania que ens doni les forces a trav\u00e9s dels vots per intentar revertir aquesta situaci\u00f3 de decad\u00e8ncia.&nbsp;&nbsp; &nbsp;&nbsp;&nbsp;&nbsp;&nbsp;&nbsp;&nbsp;&nbsp;&nbsp;&nbsp;<\/p>\n\n\n\n<p><strong>P. Si es donessin els resultats, estar\u00edeu disposats a pactar amb altres formacions per crear equip de govern? Hi hauria alguna l\u00ednia vermella?<\/strong><\/p>\n\n\n\n<p><strong>R.<\/strong> M\u00e9s enll\u00e0 que Esquerra Republicana \u00e9s un partit comprom\u00e8s i que ha patit el feixisme en les seves pr\u00f2pies carns, nosaltres amb Vox no participarem de cap manera, si \u00e9s que acaben amb representaci\u00f3. No hi comptem amb ells en absolut. Per\u00f2 si ens cal articular una majoria, com ja vam ser capa\u00e7os de fer una vegada tot i que no va donar els n\u00fameros amb els Comuns, estem totalment oberts a pactar amb altres formacions dins l\u2019espectre de l\u2019esquerra. Per\u00f2 no puc fer traveses i dir amb qui governar\u00e9 i amb qui no perqu\u00e8 aix\u00f2 ho diran els n\u00fameros. \u00c9s evident que aquesta feina estrat\u00e8gica que portem fent durant els darrers quatre anys amb Sant Adri\u00e0 en Com\u00fa i M\u00e9s \u00e9s evident que ha de donar fruits i ens constitueix de manera natural com l\u2019alternativa possible al Partit Socialista.&nbsp; <\/p>\n\n\n\n<p class=\"has-text-align-center\"><strong>Programa electoral d&#8217;Esquerra Republicana de Catalunya&nbsp;&nbsp;&nbsp;<\/strong><\/p>\n\n\n\n<div class=\"wp-block-columns is-layout-flex wp-container-core-columns-is-layout-9d6595d7 wp-block-columns-is-layout-flex\">\n<div class=\"wp-block-column is-layout-flow wp-block-column-is-layout-flow\" style=\"flex-basis:33.33%\">\n<figure class=\"wp-block-image size-large\"><img loading=\"lazy\" decoding=\"async\" width=\"1024\" height=\"463\" src=\"https:\/\/www.areabesos.com\/diario\/wp-content\/uploads\/2023\/05\/logo-foncs-groc-1024x463.png\" alt=\"\" class=\"wp-image-6359\" srcset=\"https:\/\/www.areabesos.com\/diario\/wp-content\/uploads\/2023\/05\/logo-foncs-groc-1024x463.png 1024w, https:\/\/www.areabesos.com\/diario\/wp-content\/uploads\/2023\/05\/logo-foncs-groc-300x136.png 300w, https:\/\/www.areabesos.com\/diario\/wp-content\/uploads\/2023\/05\/logo-foncs-groc-768x347.png 768w, https:\/\/www.areabesos.com\/diario\/wp-content\/uploads\/2023\/05\/logo-foncs-groc-1536x695.png 1536w, https:\/\/www.areabesos.com\/diario\/wp-content\/uploads\/2023\/05\/logo-foncs-groc-2048x927.png 2048w, https:\/\/www.areabesos.com\/diario\/wp-content\/uploads\/2023\/05\/logo-foncs-groc-150x68.png 150w, https:\/\/www.areabesos.com\/diario\/wp-content\/uploads\/2023\/05\/logo-foncs-groc-696x315.png 696w, https:\/\/www.areabesos.com\/diario\/wp-content\/uploads\/2023\/05\/logo-foncs-groc-1068x483.png 1068w, https:\/\/www.areabesos.com\/diario\/wp-content\/uploads\/2023\/05\/logo-foncs-groc-1920x869.png 1920w\" sizes=\"auto, (max-width: 1024px) 100vw, 1024px\" \/><\/figure>\n<\/div>\n\n\n\n<div class=\"wp-block-column is-layout-flow wp-block-column-is-layout-flow\" style=\"flex-basis:66.66%\"><a href=\"https:\/\/www.areabesos.com\/diario\/wp-content\/uploads\/2023\/05\/m2023_programa-4_merged.pdf\" class=\"pdfemb-viewer\" style=\"\" data-width=\"max\" data-height=\"max\" data-toolbar=\"both\" data-toolbar-fixed=\"on\">m2023_programa-4_merged<\/a>\n<p class=\"wp-block-pdfemb-pdf-embedder-viewer\"><\/p>\n<\/div>\n<\/div>\n","protected":false},"excerpt":{"rendered":"<p>Pregunta. Qu\u00e8 \u00e9s per tu Sant Adri\u00e0?\u00a0\u00a0\u00a0\u00a0\u00a0\u00a0\u00a0\u00a0\u00a0\u00a0 Resposta. Sant Adri\u00e0 \u00e9s la meva ciutat, on he nascut, on visc, i ara mateix \u00e9s el meu projecte vital en tant que Esquerra Republicana i jo com a cap de llista volem transformar Sant Adri\u00e0 perqu\u00e8 la ciutat ho necessita i ho demana a crits.&nbsp;&nbsp;&nbsp;&nbsp;&nbsp; P. Com [&hellip;]<\/p>\n","protected":false},"author":1,"featured_media":6379,"comment_status":"closed","ping_status":"open","sticky":false,"template":"","format":"video","meta":{"footnotes":""},"categories":[134,138],"tags":[],"class_list":{"0":"post-6357","1":"post","2":"type-post","3":"status-publish","4":"format-video","5":"has-post-thumbnail","7":"category-actualitat","8":"category-entrevistes","9":"post_format-post-format-video"},"_links":{"self":[{"href":"https:\/\/www.areabesos.com\/diario\/wp-json\/wp\/v2\/posts\/6357","targetHints":{"allow":["GET"]}}],"collection":[{"href":"https:\/\/www.areabesos.com\/diario\/wp-json\/wp\/v2\/posts"}],"about":[{"href":"https:\/\/www.areabesos.com\/diario\/wp-json\/wp\/v2\/types\/post"}],"author":[{"embeddable":true,"href":"https:\/\/www.areabesos.com\/diario\/wp-json\/wp\/v2\/users\/1"}],"replies":[{"embeddable":true,"href":"https:\/\/www.areabesos.com\/diario\/wp-json\/wp\/v2\/comments?post=6357"}],"version-history":[{"count":4,"href":"https:\/\/www.areabesos.com\/diario\/wp-json\/wp\/v2\/posts\/6357\/revisions"}],"predecessor-version":[{"id":6381,"href":"https:\/\/www.areabesos.com\/diario\/wp-json\/wp\/v2\/posts\/6357\/revisions\/6381"}],"wp:featuredmedia":[{"embeddable":true,"href":"https:\/\/www.areabesos.com\/diario\/wp-json\/wp\/v2\/media\/6379"}],"wp:attachment":[{"href":"https:\/\/www.areabesos.com\/diario\/wp-json\/wp\/v2\/media?parent=6357"}],"wp:term":[{"taxonomy":"category","embeddable":true,"href":"https:\/\/www.areabesos.com\/diario\/wp-json\/wp\/v2\/categories?post=6357"},{"taxonomy":"post_tag","embeddable":true,"href":"https:\/\/www.areabesos.com\/diario\/wp-json\/wp\/v2\/tags?post=6357"}],"curies":[{"name":"wp","href":"https:\/\/api.w.org\/{rel}","templated":true}]}}