{"id":6351,"date":"2023-05-23T17:40:00","date_gmt":"2023-05-23T15:40:00","guid":{"rendered":"https:\/\/www.areabesos.com\/diario\/?p=6351"},"modified":"2023-05-23T19:15:14","modified_gmt":"2023-05-23T17:15:14","slug":"el-equipo-de-gobierno-tiene-que-tomar-la-iniciativa-en-el-tema-de-la-mina-y-no-pasar-la-pelota-a-la-generalitat","status":"publish","type":"post","link":"https:\/\/www.areabesos.com\/diario\/el-equipo-de-gobierno-tiene-que-tomar-la-iniciativa-en-el-tema-de-la-mina-y-no-pasar-la-pelota-a-la-generalitat\/","title":{"rendered":"\u201cEl equipo de gobierno tiene que tomar la iniciativa en el tema de la Mina y no pasar la pelota a la Generalitat\u201d"},"content":{"rendered":"\n<div><a href=\"https:\/\/www.areabesos.com\/diario\/wp-content\/uploads\/2023\/05\/oscarmarjalizoOK-1024x739.jpg\" class=\"td-modal-image\"><figure class=\"wp-block-image size-large\"><img loading=\"lazy\" decoding=\"async\" width=\"1024\" height=\"739\" src=\"https:\/\/www.areabesos.com\/diario\/wp-content\/uploads\/2023\/05\/oscarmarjalizoOK-1024x739.jpg\" alt=\"\" class=\"wp-image-6384\" srcset=\"https:\/\/www.areabesos.com\/diario\/wp-content\/uploads\/2023\/05\/oscarmarjalizoOK-1024x739.jpg 1024w, https:\/\/www.areabesos.com\/diario\/wp-content\/uploads\/2023\/05\/oscarmarjalizoOK-300x217.jpg 300w, https:\/\/www.areabesos.com\/diario\/wp-content\/uploads\/2023\/05\/oscarmarjalizoOK-768x554.jpg 768w, https:\/\/www.areabesos.com\/diario\/wp-content\/uploads\/2023\/05\/oscarmarjalizoOK-150x108.jpg 150w, https:\/\/www.areabesos.com\/diario\/wp-content\/uploads\/2023\/05\/oscarmarjalizoOK-696x502.jpg 696w, https:\/\/www.areabesos.com\/diario\/wp-content\/uploads\/2023\/05\/oscarmarjalizoOK-1068x771.jpg 1068w, https:\/\/www.areabesos.com\/diario\/wp-content\/uploads\/2023\/05\/oscarmarjalizoOK.jpg 1200w\" sizes=\"auto, (max-width: 1024px) 100vw, 1024px\" \/><\/figure><\/a><\/div>\n\n\n\n<p><strong>Pregunta. \u00bfQu\u00e9 es para ti Sant Adri\u00e0?\u00a0\u00a0\u00a0\u00a0\u00a0\u00a0\u00a0\u00a0<\/strong><\/p>\n\n\n\n<p><strong>Respuesta.<\/strong> Sant Adri\u00e0 para m\u00ed es todo. La ciudad en la que he crecido y vivido pr\u00e1cticamente desde que nac\u00ed. Donde vivo actualmente, donde desarrollo mi trabajo en pol\u00edtica municipal, y por lo tanto, es lo que quiero, seguir estando aqu\u00ed, ver c\u00f3mo crece mi ciudad, c\u00f3mo crece todo a mi alrededor. Lo significa todo. &nbsp;&nbsp;&nbsp;&nbsp;&nbsp;&nbsp;&nbsp;&nbsp;&nbsp;<\/p>\n\n\n\n<p><strong>P. \u00bfC\u00f3mo te gustar\u00eda que fuera?<\/strong><\/p>\n\n\n\n<p><strong>R.<\/strong> Sobre todo con m\u00e1s seguridad, m\u00e1s c\u00edvico, con m\u00e1s limpieza, donde la gente pueda pasear por la calle sin ning\u00fan problema. Supongo que eso es una ilusi\u00f3n que tenemos todas las personas en cualquier ciudad en la que vive. Pero, sin duda, que sea un poco mejor de lo que tenemos ahora mismo. La realidad es muy diferente. &nbsp;&nbsp;&nbsp;&nbsp;&nbsp;&nbsp;&nbsp;<\/p>\n\n\n\n<p><strong>P. \u00bfCu\u00e1les son vuestras propuestas para que sea una ciudad mejor?<\/strong><\/p>\n\n\n\n<p><strong>R.<\/strong> Nuestra campa\u00f1a se basa sobre todo en la seguridad, la limpieza y el civismo. Hemos visto que en estos \u00faltimos a\u00f1os en estos aspectos se ha retrocedido a\u00f1os atr\u00e1s. Antes ten\u00edamos una inseguridad latente en un barrio concreto, pero todo esto se ha ido a\u00f1adiendo a lo largo de toda la ciudad. Obviamente tenemos la ciudad vecina de Badalona que tampoco ayuda instalando ciertas furgonetas en el l\u00edmite de nuestra ciudad para drogodependientes y personas que necesitan ayuda. La sensaci\u00f3n de inseguridad ha crecido.<\/p>\n\n\n\n<p>En el tema de la limpieza, se ha acabado un contrato, hemos renovado otro con unas implantaciones que nos ha costado a todos los adrianenses un mill\u00f3n de euros m\u00e1s, pero a d\u00eda de hoy no vemos esas mejoras. Mejoras que ya se tendr\u00edan que haber implantado en el anterior contrato, que fue por lo que la empresa que tenemos actualmente gan\u00f3 el concurso, porque nos ofrecieron unas mejoras que no se han llevado a cabo, y que hemos tenido que aplicar como normativa para hacer un nuevo contrato. Pero a d\u00eda de hoy, en parte por culpa del incivismo, no solo es culpa de la empresa de limpieza, en ning\u00fan momento decimos que no haga bien su trabajo, pero es cierto que a veces pasan a primera hora de la ma\u00f1ana, hacen su trabajo, pero a las tres horas, est\u00e1 la ciudad como si no hubiesen pasado en semanas.<\/p>\n\n\n\n<blockquote class=\"wp-block-quote is-layout-flow wp-block-quote-is-layout-flow\">\n<p>\u201cCreemos que se est\u00e1 gestionando mal el cuerpo de la polic\u00eda local\u201d<\/p>\n<\/blockquote>\n\n\n\n<p><strong>P. Para vosotros, \u00bfla falta de seguridad es el punto negro de la ciudad?<\/strong><\/p>\n\n\n\n<p><strong>R.<\/strong> S\u00ed, es la falta de seguridad pero por ambos motivos. Siempre hemos defendido que tanto a nivel de polic\u00eda local como de Mossos d\u2019Esquadra necesitar\u00edamos m\u00e1s agentes. Pero no solo es la cantidad de n\u00famero de agentes, sino tambi\u00e9n la organizaci\u00f3n. Nosotros venimos tiempo denunciando a trav\u00e9s de nuestro concejal Francisco Navarro una deficiencia organizativa, creemos que se est\u00e1 gestionando mal el cuerpo de la polic\u00eda local. Nos hemos encontrado casos en fines de semana y d\u00edas puntuales en los que apenas hemos tenido agentes de polic\u00eda pisando la calle, o n\u00famero escaso de agentes en la comisar\u00eda que no han podido salir. Pensamos que es o porque no se ha hecho un buen calendario o porque no est\u00e1 bien organizado. Con los Mossos d\u2019Esquadra tenemos una deficiencia del 50% de agentes en comparaci\u00f3n con el a\u00f1o 2000 cuando asumieron las competencias de seguridad ciudadana. Ahora, el conseller de interior nos ha anunciado que suben el n\u00famero de agentes un 40%, que para nosotros es escaso porque son 15-16 agentes, pero sigue siendo un n\u00famero corto para las necesidades y lo que ha vuelto a ser el barrio de La Mina.<\/p>\n\n\n\n<p><strong>P. \u00bfEn el barrio de La Mina la situaci\u00f3n se ha mejorado, se ha estancado o ha ido a peor?<\/strong><strong><\/strong><\/p>\n\n\n\n<p><strong>R.<\/strong> Obviamente ha ido a peor. T\u00fa hablas con los vecinos y te dicen que est\u00e1n peor que en los a\u00f1os 70 u 80. Afortunadamente, la gran mayor\u00eda de los vecinos que viven en el barrio de La Mina son gente decente, que de verdad quieren su barrio, que trabajan por \u00e9l, pero el mal uso que hacen del barrio, o el da\u00f1o que hacen estos peque\u00f1os grupos, es lo que se ve y lo que es noticia.<\/p>\n\n\n\n<p><strong>P. \u00bfEs todo responsabilidad del gobierno local o el resto de administraciones ha dejado el barrio a su suerte?<\/strong><\/p>\n\n\n\n<p><strong>R.<\/strong> Creo que es un 50%. Nosotros siempre nos hemos puesto del lado del equipo de gobierno y les hemos dicho que estar\u00edamos a su lado en cualquier decisi\u00f3n que tomaran. Ya fuera ir a protestar, como ya se hizo en su momento con el alcalde Callau, que se hizo una comisi\u00f3n parlamentaria y se fue a la direcci\u00f3n de Mossos para quejarnos de la falta de seguridad y de efectivos. Pero obviamente, el equipo de gobierno es el que tiene que tomar la iniciativa y el que tiene que insistir en este asunto, no puede pasar la pelota a la Generalitat y decir que siempre la culpa es de los dem\u00e1s. Tienes que asumir tu propia responsabilidad, pero ser consecuente y seguir protestando como se ha hecho. Nosotros siempre hemos manifestado, tanto al alcalde Callau y ahora a la alcaldesa Filo Ca\u00f1ete, que nuestro grupo siempre estar\u00e1 al lado para buscar soluciones de seguridad para el barrio de La Mina. &nbsp;&nbsp;&nbsp;&nbsp;&nbsp;&nbsp;&nbsp;&nbsp;&nbsp;&nbsp;&nbsp;&nbsp;&nbsp;&nbsp;&nbsp;&nbsp;&nbsp;&nbsp;<\/p>\n\n\n\n<p><strong>P. A parte de la seguridad y del incivismo, \u00bfqu\u00e9 otros problemas os traslada la ciudadan\u00eda?<\/strong><\/p>\n\n\n\n<p><strong>R.<\/strong> B\u00e1sicamente los principales problemas son los que te he destacado. Obviamente, luego existen peque\u00f1os problemas en los que hemos ido trabajando. Como la reforma de la Rambleta, el tema de los parques infantiles, que es una demanda nuestra para que se amoldaran a la normativa europea de seguridad, todo el tema de urbanismo. Es verdad que cada persona tiene sus problemas. Cuando te paras a hablar con un vecino o una asociaci\u00f3n, a cada uno le preocupa lo suyo. Pero generalmente, lo que m\u00e1s ha coincidido todo el mundo son los problemas de inseguridad. Que no puedes ir con el m\u00f3vil en la mano porque en un descuido te lo pueden quitar, o tienes que ir con mil ojos porque las calles est\u00e1n hechas una porquer\u00eda porque los propietarios de perros, algunos, no recogen sus heces. Todo es un corrillo entorno a la seguridad y el civismo porque no se cumplen las ordenanzas ni las sanciones pertinentes.<\/p>\n\n\n\n<p><\/p>\n\n\n\n<figure class=\"wp-block-embed is-type-video is-provider-youtube wp-block-embed-youtube wp-embed-aspect-16-9 wp-has-aspect-ratio\"><div class=\"wp-block-embed__wrapper\">\n<iframe loading=\"lazy\" title=\"Entrevista \u00d3scar Marjalizo. Ciutadans\" width=\"696\" height=\"392\" src=\"https:\/\/www.youtube.com\/embed\/VQ4BmsC9gzk?feature=oembed\" frameborder=\"0\" allow=\"accelerometer; autoplay; clipboard-write; encrypted-media; gyroscope; picture-in-picture; web-share\" allowfullscreen><\/iframe>\n<\/div><\/figure>\n\n\n\n<p><\/p>\n\n\n\n<p><strong>P. \u00bfC\u00f3mo se podr\u00eda mejorar el espacio p\u00fablico?<\/strong><\/p>\n\n\n\n<p><strong>R.<\/strong> Se tiene que hacer una buena campa\u00f1a de informaci\u00f3n, de sensibilizaci\u00f3n. Hacer comprender a la gente que cuidar tu entorno es cuidar lo tuyo, porque al fin y al cabo Sant Adri\u00e0 es la ciudad de todos nosotros. Todos queremos que est\u00e9 bien, que est\u00e9 limpia, que se pueda pasear, que se pueda andar sin ning\u00fan tipo de problema. Obviamente tenemos que incidir en esas campa\u00f1as de informaci\u00f3n para que se usen bien las papeleras, los contenedores, reciclar, que tambi\u00e9n es un tema muy importante. Pero si despu\u00e9s de las campa\u00f1as vemos que no se obtienen resultados, lo que hay que hacer es aplicar las sanciones pertinentes. Cuando a una persona se le toca el bolsillo despu\u00e9s de varios avisos, aprende la lecci\u00f3n.<\/p>\n\n\n\n<p><strong>P. Hemos hablado de los varios problemas que tiene la ciudad, pero el PSC sigue ganando las elecciones. \u00bfPor qu\u00e9 crees que la gente no cambia su voto?<\/strong><\/p>\n\n\n\n<p><strong>R.<\/strong> Esa es la pregunta que nos hacemos todos. Cuando hablas con cualquier persona ves que todo son quejas pero a la hora de ir a las elecciones, siempre gana el mismo partido. No sabemos si es por comodidad, si es porque a la gente ya le va bien como est\u00e1. Nosotros queremos luchar para cambiarlo. Obviamente no decimos que todo lo que hace el equipo de gobierno, ya sea este partido o cualquier otro, est\u00e1 mal. Tambi\u00e9n tienen sus cosas positivas, su trabajo que ha hecho por la ciudad. Pero creemos que llega un momento en el que los ciclos se acaban. Desde 2011, la \u00faltima etapa de Sito en la alcald\u00eda, el ciclo del Partido Socialista en Sant Adri\u00e0 ha acabado. Se han hecho cosas, se han hecho inversiones, pero creemos que es necesario un nuevo partido, esperamos ser nosotros, que entre con nuevos retos, nuevos ilusiones, nuevos proyectos, y que cambie la ciudad. Pero eso est\u00e1 en manos de la gente. Esto es una democracia, y tienes que aceptar los resultados que te den las urnas. Nosotros tenemos un equipo para llevar a cabo un gobierno y un proyecto, pero si no es posible porque los votos no nos dan, siempre seremos un partido al servicio de la ciudad para lo que necesite y sea lo mejor para ella.<\/p>\n\n\n\n<blockquote class=\"wp-block-quote is-layout-flow wp-block-quote-is-layout-flow\">\n<p>\u201cEl ciclo del PSC en Sant Adri\u00e0 acab\u00f3 en 2011, en la \u00faltima etapa de Sito en la alcald\u00eda\u201d<\/p>\n<\/blockquote>\n\n\n\n<p><strong>P. \u00bfSi se dan los resultados estar\u00edais dispuestos a entrar en pol\u00edticas de pactos?<\/strong><\/p>\n\n\n\n<p><strong>R.<\/strong> Primero hay que ver cu\u00e1les son los resultados, y a partir de ah\u00ed si somos nosotros los que ganamos nos tocar\u00e1 a nosotros mover ficha y mirar c\u00f3mo podemos formar gobierno. Y si son otros los que tienen que mover ficha, escucharemos todas las propuestas. Si nos interesa y ellos aceptan lo que nosotros podamos proponer, no descartamos el poder formar un gobierno.<\/p>\n\n\n\n<p><strong>P. \u00bfHabr\u00eda alguna l\u00ednea roja?<\/strong><\/p>\n\n\n\n<p><strong>R.<\/strong> Cualquier partido que sea contrario al nuestro con el tema de la independencia, para nosotros eso son l\u00edneas rojas, que no se van a poder superar. Trabajamos por un ayuntamiento biling\u00fce, que respete las dos lenguas que tenemos en este pa\u00eds, el castellano y el catal\u00e1n. Que respete el marco constitucional. Todo lo que sea respetar este tipo de cuestiones, a partir de ah\u00ed hablaremos de proyectos, hablaremos de lo que ellos proponen, lo que proponemos nosotros para una ciudad mejor. A partir de ah\u00ed negociaremos. Y, ante todo, que no haya ninguna persona investigada o imputada en las listas del equipo que gobierne, como pas\u00f3 hace cuatro a\u00f1os.<\/p>\n\n\n\n<p class=\"has-text-align-center\"><strong>Programa electoral de Ciutadans<\/strong> <\/p>\n\n\n\n<div class=\"wp-block-columns is-layout-flex wp-container-core-columns-is-layout-9d6595d7 wp-block-columns-is-layout-flex\">\n<div class=\"wp-block-column is-layout-flow wp-block-column-is-layout-flow\" style=\"flex-basis:33.33%\">\n<figure class=\"wp-block-image size-full\"><img loading=\"lazy\" decoding=\"async\" width=\"472\" height=\"304\" src=\"https:\/\/www.areabesos.com\/diario\/wp-content\/uploads\/2023\/05\/Logo-CS-SAB.jpg\" alt=\"\" class=\"wp-image-6352\" srcset=\"https:\/\/www.areabesos.com\/diario\/wp-content\/uploads\/2023\/05\/Logo-CS-SAB.jpg 472w, https:\/\/www.areabesos.com\/diario\/wp-content\/uploads\/2023\/05\/Logo-CS-SAB-300x193.jpg 300w, https:\/\/www.areabesos.com\/diario\/wp-content\/uploads\/2023\/05\/Logo-CS-SAB-150x97.jpg 150w\" sizes=\"auto, (max-width: 472px) 100vw, 472px\" \/><\/figure>\n<\/div>\n\n\n\n<div class=\"wp-block-column is-layout-flow wp-block-column-is-layout-flow\" style=\"flex-basis:66.66%\"><a href=\"https:\/\/www.areabesos.com\/diario\/wp-content\/uploads\/2023\/05\/Programa-municipal-general-resumido.pdf\" class=\"pdfemb-viewer\" style=\"\" data-width=\"max\" data-height=\"max\" data-toolbar=\"both\" data-toolbar-fixed=\"on\">Programa-municipal-general-resumido<\/a>\n<p class=\"wp-block-pdfemb-pdf-embedder-viewer\"><\/p>\n<\/div>\n<\/div>\n","protected":false},"excerpt":{"rendered":"<p>Pregunta. \u00bfQu\u00e9 es para ti Sant Adri\u00e0?\u00a0\u00a0\u00a0\u00a0\u00a0\u00a0\u00a0\u00a0 Respuesta. Sant Adri\u00e0 para m\u00ed es todo. La ciudad en la que he crecido y vivido pr\u00e1cticamente desde que nac\u00ed. Donde vivo actualmente, donde desarrollo mi trabajo en pol\u00edtica municipal, y por lo tanto, es lo que quiero, seguir estando aqu\u00ed, ver c\u00f3mo crece mi ciudad, c\u00f3mo crece [&hellip;]<\/p>\n","protected":false},"author":1,"featured_media":6384,"comment_status":"closed","ping_status":"open","sticky":false,"template":"","format":"video","meta":{"footnotes":""},"categories":[134,138],"tags":[],"class_list":{"0":"post-6351","1":"post","2":"type-post","3":"status-publish","4":"format-video","5":"has-post-thumbnail","7":"category-actualitat","8":"category-entrevistes","9":"post_format-post-format-video"},"_links":{"self":[{"href":"https:\/\/www.areabesos.com\/diario\/wp-json\/wp\/v2\/posts\/6351","targetHints":{"allow":["GET"]}}],"collection":[{"href":"https:\/\/www.areabesos.com\/diario\/wp-json\/wp\/v2\/posts"}],"about":[{"href":"https:\/\/www.areabesos.com\/diario\/wp-json\/wp\/v2\/types\/post"}],"author":[{"embeddable":true,"href":"https:\/\/www.areabesos.com\/diario\/wp-json\/wp\/v2\/users\/1"}],"replies":[{"embeddable":true,"href":"https:\/\/www.areabesos.com\/diario\/wp-json\/wp\/v2\/comments?post=6351"}],"version-history":[{"count":3,"href":"https:\/\/www.areabesos.com\/diario\/wp-json\/wp\/v2\/posts\/6351\/revisions"}],"predecessor-version":[{"id":6386,"href":"https:\/\/www.areabesos.com\/diario\/wp-json\/wp\/v2\/posts\/6351\/revisions\/6386"}],"wp:featuredmedia":[{"embeddable":true,"href":"https:\/\/www.areabesos.com\/diario\/wp-json\/wp\/v2\/media\/6384"}],"wp:attachment":[{"href":"https:\/\/www.areabesos.com\/diario\/wp-json\/wp\/v2\/media?parent=6351"}],"wp:term":[{"taxonomy":"category","embeddable":true,"href":"https:\/\/www.areabesos.com\/diario\/wp-json\/wp\/v2\/categories?post=6351"},{"taxonomy":"post_tag","embeddable":true,"href":"https:\/\/www.areabesos.com\/diario\/wp-json\/wp\/v2\/tags?post=6351"}],"curies":[{"name":"wp","href":"https:\/\/api.w.org\/{rel}","templated":true}]}}