{"id":6340,"date":"2023-05-23T17:20:00","date_gmt":"2023-05-23T15:20:00","guid":{"rendered":"https:\/\/www.areabesos.com\/diario\/?p=6340"},"modified":"2023-05-23T19:19:46","modified_gmt":"2023-05-23T17:19:46","slug":"el-partit-socialista-durant-tots-aquests-anys-ha-donat-lesquena-a-molts-veins-i-veines","status":"publish","type":"post","link":"https:\/\/www.areabesos.com\/diario\/el-partit-socialista-durant-tots-aquests-anys-ha-donat-lesquena-a-molts-veins-i-veines\/","title":{"rendered":"\u201cEl Partit Socialista durant tots aquests anys ha donat l\u2019esquena a molts ve\u00efns i ve\u00efnes\u201d"},"content":{"rendered":"\n<div><a href=\"https:\/\/www.areabesos.com\/diario\/wp-content\/uploads\/2023\/05\/irenepardoOK-1024x864.jpg\" class=\"td-modal-image\"><figure class=\"wp-block-image size-large\"><img loading=\"lazy\" decoding=\"async\" width=\"1024\" height=\"864\" src=\"https:\/\/www.areabesos.com\/diario\/wp-content\/uploads\/2023\/05\/irenepardoOK-1024x864.jpg\" alt=\"\" class=\"wp-image-6393\" srcset=\"https:\/\/www.areabesos.com\/diario\/wp-content\/uploads\/2023\/05\/irenepardoOK-1024x864.jpg 1024w, https:\/\/www.areabesos.com\/diario\/wp-content\/uploads\/2023\/05\/irenepardoOK-300x253.jpg 300w, https:\/\/www.areabesos.com\/diario\/wp-content\/uploads\/2023\/05\/irenepardoOK-768x648.jpg 768w, https:\/\/www.areabesos.com\/diario\/wp-content\/uploads\/2023\/05\/irenepardoOK-150x127.jpg 150w, https:\/\/www.areabesos.com\/diario\/wp-content\/uploads\/2023\/05\/irenepardoOK-696x587.jpg 696w, https:\/\/www.areabesos.com\/diario\/wp-content\/uploads\/2023\/05\/irenepardoOK-1068x901.jpg 1068w, https:\/\/www.areabesos.com\/diario\/wp-content\/uploads\/2023\/05\/irenepardoOK.jpg 1200w\" sizes=\"auto, (max-width: 1024px) 100vw, 1024px\" \/><\/figure><\/a><\/div>\n\n\n\n<p><strong>Pregunta. Qu\u00e8 \u00e9s per tu Sant Adri\u00e0?\u00a0\u00a0\u00a0\u00a0\u00a0\u00a0\u00a0\u00a0\u00a0\u00a0<\/strong><\/p>\n\n\n\n<p><strong>Resposta.<\/strong> Per mi \u00e9s un repte personal. Jo soc ciutadana de fora de Sant Adri\u00e0 per\u00f2 amb un lligam molt fort familiar amb aquesta ciutat. Des de fora sempre s\u2019ha vist com una ciutat oblidada en mig de tres grans ciutats, Barcelona, Santa Coloma i Badalona. \u00c9s com el \u201cpatito feo\u201d de l\u2019\u00c0rea Metropolitana del Barcelon\u00e8s Nord. La gran oblidada. Tot el que no volen les ciutats grans que la rodegen, tot ha vingut cap aqu\u00ed. Tamb\u00e9 \u00e9s la gran oblidada en moltes pol\u00edtiques socials i econ\u00f2miques, pol\u00edtiques del dia a dia de la gent. Veiem l\u2019estat de la via p\u00fablica, el tema de seguretat. No hi ha un pla seri\u00f3s per aquesta ciutat, es van posant pegats durant els darrers 40 anys. Per\u00f2 no hi ha un pla de ciutat que aposti per Sant Adri\u00e0, que digui que \u00e9s m\u00e9s que una ciutat dormitori, que apostem per la seva economia, per la seva gent jove i gran, i anem per totes. Per mi \u00e9s el gran repte de situar Sant Adri\u00e0 en el mapa de l\u2019\u00c0rea Metropolitana i que quan es digui \u201csoc de Sant Adri\u00e0\u201d, la gent se senti orgullosa. &nbsp;&nbsp;&nbsp;&nbsp;&nbsp;&nbsp;&nbsp;&nbsp;<\/p>\n\n\n\n<p><strong>P. Ja has comentat que no vius a Sant Adri\u00e0. Alguns dels altres candidats ens han dit que portes molt poc temps a la ciutat i que no la coneixes. Qu\u00e8 els hi diries?<\/strong><\/p>\n\n\n\n<p><strong>R.<\/strong> Jo els hi diria que a vegades no cal dormir a la ciutat per viure a la ciutat. Molta gent pot dir que coneix m\u00e9s el barri en el que treballa que on vas a dormir, perqu\u00e8 \u00e9s on passem el dia a dia. Jo estic a Sant Adri\u00e0 ara mateix mat\u00ed i tarda perqu\u00e8 m\u2019ho prenc seriosament. Faig vida a Sant Adri\u00e0, esmorzo, dino i pr\u00e0cticament sopo a Sant Adri\u00e0. No ho vull fer nom\u00e9s fins al 28 de maig, ho vull continuar fent. No s\u00e9 per on passen els meus projectes de futur, per\u00f2 tamb\u00e9 el meu passat ha estat molt lligat a la ciutat de Sant Adri\u00e0. Les meves tietes, la meva mare, la meva \u00e0via fan vida a Sant Adri\u00e0, i han viscut a la ciutat. A vegades alg\u00fa es pensa que per haver nascut en el lloc t\u00e9 m\u00e9s drets que altres que venen de fora. Jo tamb\u00e9 els hi dic als meus rivals que alguna cosa est\u00e0 passant quan les enquestes de satisfacci\u00f3 de la gent de Sant Adri\u00e0 amb el govern de la ciutat, en aquest cas socialista, el suspenen. Qu\u00e8 m\u00e9s ens dona que una persona estigui tot el dia a Sant Adri\u00e0 si no fa res per Sant Adri\u00e0. Jo aposto per alg\u00fa, m\u2019\u00e9s igual on viu, per\u00f2 que aposti per la ciutat. Jo aposto per Sant Adri\u00e0 i tinc molta il\u00b7lusi\u00f3 i moltes ganes per fer coses per la gent que viu a Sant Adri\u00e0. Perqu\u00e8 aquesta ciutat s\u2019ho mereix d\u2019una vegada per totes.&nbsp;&nbsp; &nbsp;&nbsp;&nbsp;&nbsp;<\/p>\n\n\n\n<p><strong>P. Has parlat del govern socialista, que porta 40 anys. Per qu\u00e8 creus que la gent no vol fer un canvi?<\/strong><\/p>\n\n\n\n<p><strong>R.<\/strong> S\u00ed que \u00e9s veritat que al carrer es nota que la gent est\u00e0 cansada, hi ha reivindicacions hist\u00f2riques, la gent es queixa molt, per\u00f2 tamb\u00e9 hem de ser conscients que aqu\u00ed el Partit Socialista porta molts anys, t\u00e9 una base molt s\u00f2lida de votant fidel, de votant de les sigles, m\u00e9s enll\u00e0 de la gesti\u00f3, i costa molt trencar amb aquesta tradici\u00f3 de vot. Crec que per primera vegada el Partit Socialista est\u00e0 veient les orelles al llop, ha fet coses molt malament, han tingut moltes crisis de govern, un alcalde ha hagut de marxar, han tingut molts problemes interns al PSC, hi ha molt descontent amb moltes coses que han passat a la ciutat. Per exemple, temes de la Rambleta, de seguretat, som la primera ciutat catalana amb l\u2019\u00edndex de criminalitat m\u00e9s alt de tot Catalunya, bastant per sobre de la mitja catalana d\u2019un delicte cada mil, sobrepassem bastant aquesta mitjana de delictes a la ciutat. Veiem que el Partit Socialista durant tots aquests anys ha donat l\u2019esquena a molts ve\u00efns i ve\u00efnes. Per\u00f2 \u00e9s el que coment\u00e0vem, costa molt trencar amb aquesta tradici\u00f3 de vot socialista. Tamb\u00e9 tenim un problema, hi ha molta abstenci\u00f3 a Sant Adri\u00e0. Necessitem que la gent participi a les eleccions, tots. Hi ha una part de descontentament, i una part que pensen que sempre guanyen els mateixos i es queden a casa. Jo faig una crida a qu\u00e8 totes aquelles persones que estan desanimades i descontentes poden canviar les coses a les urnes. Quedant-nos a casa no aconseguirem el canvi, per\u00f2 anant a votar s\u00ed. Per tant, anem a votar tots el pr\u00f2xim 28 de maig perqu\u00e8 \u00e9s molt important. No ens val amb un 53 o 54 per cent de participaci\u00f3 com hi ha normalment a Sant Adri\u00e0. No \u00e9s representatiu. Si volem canviar les coses, la gent ha de sortir i donar opcions a aquelles persones que volem canviar aquestes din\u00e0miques de ciutat.<\/p>\n\n\n\n<blockquote class=\"wp-block-quote is-layout-flow wp-block-quote-is-layout-flow\">\n<p>\u201cEl Partit Socialista est\u00e0 veient per primera vegada les orelles al llop\u201d<\/p>\n<\/blockquote>\n\n\n\n<p><strong>P. Hem parlat de la seguretat. Creus que aquest \u00e9s el punt m\u00e9s negre de la ciutat?<\/strong><\/p>\n\n\n\n<p><strong>R.<\/strong> Hi ha diversos punts negres. Un \u00e9s la seguretat. Tenim un problema de gesti\u00f3 de la policia local, no de les persones que estan dins, per\u00f2 s\u00ed hi ha un problema de gesti\u00f3. Sant Adri\u00e0 no t\u00e9 un pla de seguretat clar i que aposti per combatre la delinq\u00fc\u00e8ncia a la ciutat. Tenim un problema al Casc Antic on els propis ve\u00efns s\u2019han d\u2019organitzar mitjan\u00e7ant grups de WhatsApp per fer front a possibles ocupacions i robatoris. No ha de ser la societat la que faci front a problemes que s\u00f3n de l\u2019administraci\u00f3. Tenim un problema al barri de Sant Joan Baptista, a La Mina, al Bes\u00f2s. Quan parles de Sant Adri\u00e0 fora de Sant Adri\u00e0, la gent ho relaciona amb delinq\u00fc\u00e8ncia, i aix\u00f2 \u00e9s perqu\u00e8 la ciutat t\u00e9 un problema. A m\u00e9s, les dades del ministeri de l\u2019interior que van sortir a finals de l\u2019any 2022 parlaven per si sols.<\/p>\n\n\n\n<p>Despr\u00e9s hi ha altres punts negres, com \u00e9s la neteja. Tothom et parla de la deixadesa que hi ha a Sant Adri\u00e0. Carrers bruts, brossa, els grafitis a les parets que estan de forma perenne. La neteja al barri de La Mina, que ara s\u00ed que estan netejant perqu\u00e8 venen eleccions, per\u00f2 es deixen estar. Problemes de plagues de cuques, de rates. Una deixadesa que la gent ho palpa i que demanen m\u00e9s neteja. A la vegada, \u00e9s veritat que hi ha incivisme, per\u00f2 tornem al mateix. L\u2019incivisme es combat amb policia a peu de carrer o instal\u00b7lant c\u00e0meres de videovigil\u00e0ncia. No por ser que els ve\u00efns del passatge de la Pollancreda s\u2019estiguin queixant cada dia dels vidres trencats als seus cotxes i que l\u2019ajuntament no els hi faci cas.<\/p>\n\n\n\n<p>Tamb\u00e9 tenim un tema molt important que \u00e9s el tema de la contaminaci\u00f3, i el tema de la platja. Tercer any consecutiu que tenim una platja tancada. Si aix\u00f2 fos Barcelona, la platja hagu\u00e9s estat oberta als dos dies. Per\u00f2 com que \u00e9s Sant Adri\u00e0, tornem al mateix, el \u201cpatito feo\u201d de l\u2019\u00c0rea Metropolitana, la tanquem i \u201ca otra cosa mariposa\u201d. Doncs, no. Hi ha temes que s\u00f3n de ciutat, que s\u2019han d\u2019abordar, que s\u2019han de fer amb serietat, i que no es fan. Aquests temes de seguretat, neteja, contaminaci\u00f3, estat de la via p\u00fablica, s\u2019han d\u2019afrontar. Cal un pla de ciutat i nosaltres des del Partit Popular ho volem fer. \u00a0\u00a0\u00a0\u00a0<\/p>\n\n\n\n<p><\/p>\n\n\n\n<figure class=\"wp-block-embed is-type-video is-provider-youtube wp-block-embed-youtube wp-embed-aspect-16-9 wp-has-aspect-ratio\"><div class=\"wp-block-embed__wrapper\">\n<iframe loading=\"lazy\" title=\"Entrevista Irene Pardo. Partit Popular\" width=\"696\" height=\"392\" src=\"https:\/\/www.youtube.com\/embed\/oKGczUMm7Kg?feature=oembed\" frameborder=\"0\" allow=\"accelerometer; autoplay; clipboard-write; encrypted-media; gyroscope; picture-in-picture; web-share\" allowfullscreen><\/iframe>\n<\/div><\/figure>\n\n\n\n<p>\u00a0\u00a0\u00a0\u00a0\u00a0\u00a0<\/p>\n\n\n\n<p><strong>P. I quin \u00e9s el vostre pla de ciutat?<\/strong><strong><\/strong><\/p>\n\n\n\n<p><strong>R.<\/strong> El nostre gran eix \u00e9s el tema de la seguretat. Volem crear, com es va crear a la ciutat ve\u00efna de Badalona amb el Xavier Garc\u00eda Albiol una unitat d\u2019intervenci\u00f3 immediata, la Unitat Omega, amb uns agents preparats per intervenir en els punts m\u00e9s calents de la ciutat i de forma immediata en situacions m\u00e9s greus que el t\u00edpic robatori de carrer. Sant Adri\u00e0 ho necessita, t\u00e9 problemes de criminalitat molt importants. Volem incrementar la r\u00e0tio de policies locals per cada 1.000 habitants. I volem policia al carrer, patrullant, tant en cotxe com a peu. No pot ser que hi hagi barris com el Bes\u00f2s en el qu\u00e8 durant tot un dia, si et quedes assegut en un banc no veus ni un sol cotxe de policia.<\/p>\n\n\n\n<p>Volem crear una oficina d\u2019antiocupaci\u00f3 perqu\u00e8 Sant Adri\u00e0 tamb\u00e9 t\u00e9 problemes d\u2019ocupaci\u00f3. I tamb\u00e9 com a Partit Popular de Sant Adri\u00e0 exigirem una llei nacional per desallotjar els ocupes en menys de 24 hores. Tamb\u00e9 volem implantar la videovigil\u00e0ncia connectada amb la policia local en els punts m\u00e9s calents on hi ha hagut m\u00e9s robatoris, com els aparcaments p\u00fablics com el de la Pollancreda, o altres punts de la ciutat.<\/p>\n\n\n\n<p>Temes d\u2019il\u00b7luminaci\u00f3. No pot ser que perqu\u00e8 no s\u2019hagi renovat una contrata d\u2019il\u00b7luminaci\u00f3 a Sant Adri\u00e0 tinguem bombetes foses per tota la ciutat, fanals oxidats, i hi hagi punts molt foscos. Sant Adri\u00e0 necessita llum, sobretot al barri de La Catalana, que \u00e9s un barri molt residencial.<\/p>\n\n\n\n<p>Temes de neteja. S\u2019ha d\u2019incrementar la neteja de mat\u00ed i tarda. Volem posar un tel\u00e8fon d\u2019atenci\u00f3 al ciutad\u00e0 on es passin les incid\u00e8ncies. Si tu, sota de casa teva, alguna persona ha deixat els mobles el dia que no li toca, que es pugui donar av\u00eds a l\u2019ajuntament, que reculli la demanda perqu\u00e8 aquella brut\u00edcia no estigui quatre dies sota de casa teva i que s\u2019acumuli la brossa. Que el ciutad\u00e0 pugui donar av\u00eds sobre pintades, punts de la ciutat que estan m\u00e9s bruts del normal.<\/p>\n\n\n\n<p>Despr\u00e9s, el tema de la platja, volem saber qu\u00e8 ha passat. El discurs ha canviat molt d\u2019un any a un altre. L\u2019any passat estava tota la platja contaminada i es necessitaven vuit mesos per descontaminar-la. Ara, com toquen eleccions, la platja nom\u00e9s est\u00e0 contaminada un trosset i nom\u00e9s es trigaran quatre mesos. Volem saber d\u2019on ve aquesta contaminaci\u00f3, i posar remei, perqu\u00e8 \u00e9s un problema. Volem abordar-lo perqu\u00e8 la platja mai m\u00e9s torni a estar tancada. Si s\u2019ha de trigar una mica m\u00e9s es trigar\u00e0 a obrir-la, per\u00f2 volem fer les coses b\u00e9 de cara al futur.<\/p>\n\n\n\n<p>I sobretot, i molt important, si arribem al govern demanarem una auditoria externa dels comptes de l\u2019ajuntament. Perqu\u00e8 hi ha coses que no ens agraden, no \u00e9s transparent aquest ajuntament. Ser\u00e0 de les primeres coses que farem quan arribem a l\u2019ajuntament, com altres plans com un servei d\u2019acompanyament de les persones grans, que estan molt oblidades. I tamb\u00e9 un pla sobre salut mental en els joves, que \u00e9s una xacra que patim des de la pand\u00e8mia, i a m\u00e9s volem apostar pels serveis socials. Hi ha persones que ho estan passant molt malament, barris marginals on la renta \u00e9s molt baixa.&nbsp; &nbsp;&nbsp;&nbsp;&nbsp;<\/p>\n\n\n\n<blockquote class=\"wp-block-quote is-layout-flow wp-block-quote-is-layout-flow\">\n<p>\u201cSi arribem al govern demanarem una auditoria externa dels comptes de l\u2019ajuntament\u201d<\/p>\n<\/blockquote>\n\n\n\n<p><strong>P. Penseu que la gesti\u00f3 municipal \u00e9s molt herm\u00e8tica i poc transparent?<\/strong><\/p>\n\n\n\n<p><strong>R.<\/strong> T\u2019ho dir\u00e9 quan estigui dins de l\u2019ajuntament, presenti mocions en un ple i vegi quan triguen en contestar-me. Ara ho estic vivint com a ciutadana a l\u2019hora de fer gestions. No \u00e9s normal que quan truques a un ajuntament no t\u2019agafin el tel\u00e8fon. No \u00e9s normal que quan vols fer una gesti\u00f3 com a ciutad\u00e0 truquis a l\u2019Oficina d\u2019Atenci\u00f3 al Ciutad\u00e0, a l\u2019OAC, et donin cita pr\u00e8via per 20 dies despr\u00e9s i qualsevol tr\u00e0mit que hagis de presentar sigui mitjan\u00e7ant una burocr\u00e0cia incre\u00efble. Un ajuntament ha de ser \u00e0gil, accessible i transparent. La OAC \u00e9s una barrera pel ciutad\u00e0, i quan tu poses barreres davant el ciutad\u00e0, no est\u00e0s sent transparent. Un ajuntament que \u00e9s transparent dona accessibilitat a qualsevol ciutad\u00e0. Ja us explicar\u00e9, si aconsegueixo ser regidora, tan de bo sigui alcaldessa, per\u00f2 si soc regidora i estic a l\u2019oposici\u00f3, quan demani un tr\u00e0mit a veure com em contesten i quin termini triguen. &nbsp;&nbsp;&nbsp;&nbsp;&nbsp;&nbsp;&nbsp;&nbsp;&nbsp;&nbsp;&nbsp;&nbsp;&nbsp;&nbsp;&nbsp;&nbsp;&nbsp;&nbsp;<\/p>\n\n\n\n<p><strong>P. Si es donen els resultats entrarieu en el terreny dels pactes per governar? Hi hauria alguna l\u00ednia vermella?<\/strong><\/p>\n\n\n\n<p><strong>R.<\/strong> Ara mateix estem a la carrera de les eleccions. Jo sempre dic, i potser \u00e9s la resposta que donem tots, que ara no penso en pactes, sin\u00f3 en guanyar eleccions. Aquest \u00e9s el meu objectiu, jo surto a guanyar. Si vaig amb mentalitat de pactes abans de les eleccions crec que \u00e9s un error per part meva. Jo surto a guanyar. Vull veure tamb\u00e9 qu\u00e8 ofereixen els altres partits. El que jo ofereixo \u00e9s un programa cent per cent de ciutat, on no pregunto a la gent si \u00e9s d\u2019esquerres o de dretes, o si \u00e9s independentista o no. Crec que parlar de seguretat, neteja, serveis socials, salut mental, persones grans, gent jove, contaminaci\u00f3, no \u00e9s un tema ideol\u00f2gic, sin\u00f3 \u00e9s un programa de ciutat. Per tant, crec que tinc moltes possibilitats, que la gent t\u00e9 ganes de canvi, i quan siguin les eleccions, jo soc una persona molt dialogant, em puc seure a parlar amb tots els partits. Per\u00f2 surto a guanyar, i ja veurem qu\u00e8 passa. &nbsp;<\/p>\n\n\n\n<p class=\"has-text-align-center\"><strong>Programa electoral del Partit Popular<\/strong><\/p>\n\n\n\n<div class=\"wp-block-columns is-layout-flex wp-container-core-columns-is-layout-9d6595d7 wp-block-columns-is-layout-flex\">\n<div class=\"wp-block-column is-layout-flow wp-block-column-is-layout-flow\" style=\"flex-basis:33.33%\">\n<figure class=\"wp-block-image size-large\"><img loading=\"lazy\" decoding=\"async\" width=\"1024\" height=\"195\" src=\"https:\/\/www.areabesos.com\/diario\/wp-content\/uploads\/2023\/05\/logoPP-1024x195.jpg\" alt=\"\" class=\"wp-image-6341\" srcset=\"https:\/\/www.areabesos.com\/diario\/wp-content\/uploads\/2023\/05\/logoPP-1024x195.jpg 1024w, https:\/\/www.areabesos.com\/diario\/wp-content\/uploads\/2023\/05\/logoPP-300x57.jpg 300w, https:\/\/www.areabesos.com\/diario\/wp-content\/uploads\/2023\/05\/logoPP-768x146.jpg 768w, https:\/\/www.areabesos.com\/diario\/wp-content\/uploads\/2023\/05\/logoPP-150x29.jpg 150w, https:\/\/www.areabesos.com\/diario\/wp-content\/uploads\/2023\/05\/logoPP-696x133.jpg 696w, https:\/\/www.areabesos.com\/diario\/wp-content\/uploads\/2023\/05\/logoPP-1068x203.jpg 1068w, https:\/\/www.areabesos.com\/diario\/wp-content\/uploads\/2023\/05\/logoPP.jpg 1155w\" sizes=\"auto, (max-width: 1024px) 100vw, 1024px\" \/><\/figure>\n<\/div>\n\n\n\n<div class=\"wp-block-column is-layout-flow wp-block-column-is-layout-flow\" style=\"flex-basis:66.66%\"><a href=\"https:\/\/www.areabesos.com\/diario\/wp-content\/uploads\/2023\/05\/PROGRAMA-ELECTORAL-ELECCIONES-MUNICIPALES-2023.pdf\" class=\"pdfemb-viewer\" style=\"\" data-width=\"max\" data-height=\"max\" data-toolbar=\"both\" data-toolbar-fixed=\"on\">PROGRAMA-ELECTORAL-ELECCIONES-MUNICIPALES-2023<\/a>\n<p class=\"wp-block-pdfemb-pdf-embedder-viewer\"><\/p>\n<\/div>\n<\/div>\n","protected":false},"excerpt":{"rendered":"<p>Pregunta. Qu\u00e8 \u00e9s per tu Sant Adri\u00e0?\u00a0\u00a0\u00a0\u00a0\u00a0\u00a0\u00a0\u00a0\u00a0\u00a0 Resposta. Per mi \u00e9s un repte personal. Jo soc ciutadana de fora de Sant Adri\u00e0 per\u00f2 amb un lligam molt fort familiar amb aquesta ciutat. Des de fora sempre s\u2019ha vist com una ciutat oblidada en mig de tres grans ciutats, Barcelona, Santa Coloma i Badalona. \u00c9s com [&hellip;]<\/p>\n","protected":false},"author":1,"featured_media":6393,"comment_status":"closed","ping_status":"open","sticky":false,"template":"","format":"video","meta":{"footnotes":""},"categories":[134,138],"tags":[],"class_list":{"0":"post-6340","1":"post","2":"type-post","3":"status-publish","4":"format-video","5":"has-post-thumbnail","7":"category-actualitat","8":"category-entrevistes","9":"post_format-post-format-video"},"_links":{"self":[{"href":"https:\/\/www.areabesos.com\/diario\/wp-json\/wp\/v2\/posts\/6340","targetHints":{"allow":["GET"]}}],"collection":[{"href":"https:\/\/www.areabesos.com\/diario\/wp-json\/wp\/v2\/posts"}],"about":[{"href":"https:\/\/www.areabesos.com\/diario\/wp-json\/wp\/v2\/types\/post"}],"author":[{"embeddable":true,"href":"https:\/\/www.areabesos.com\/diario\/wp-json\/wp\/v2\/users\/1"}],"replies":[{"embeddable":true,"href":"https:\/\/www.areabesos.com\/diario\/wp-json\/wp\/v2\/comments?post=6340"}],"version-history":[{"count":3,"href":"https:\/\/www.areabesos.com\/diario\/wp-json\/wp\/v2\/posts\/6340\/revisions"}],"predecessor-version":[{"id":6394,"href":"https:\/\/www.areabesos.com\/diario\/wp-json\/wp\/v2\/posts\/6340\/revisions\/6394"}],"wp:featuredmedia":[{"embeddable":true,"href":"https:\/\/www.areabesos.com\/diario\/wp-json\/wp\/v2\/media\/6393"}],"wp:attachment":[{"href":"https:\/\/www.areabesos.com\/diario\/wp-json\/wp\/v2\/media?parent=6340"}],"wp:term":[{"taxonomy":"category","embeddable":true,"href":"https:\/\/www.areabesos.com\/diario\/wp-json\/wp\/v2\/categories?post=6340"},{"taxonomy":"post_tag","embeddable":true,"href":"https:\/\/www.areabesos.com\/diario\/wp-json\/wp\/v2\/tags?post=6340"}],"curies":[{"name":"wp","href":"https:\/\/api.w.org\/{rel}","templated":true}]}}