{"id":6334,"date":"2023-05-23T17:25:00","date_gmt":"2023-05-23T15:25:00","guid":{"rendered":"https:\/\/www.areabesos.com\/diario\/?p=6334"},"modified":"2023-05-23T19:18:39","modified_gmt":"2023-05-23T17:18:39","slug":"tenim-una-ciutat-bruta-perque-tenim-un-govern-que-viu-en-la-inercia-i-en-la-deixadesa","status":"publish","type":"post","link":"https:\/\/www.areabesos.com\/diario\/tenim-una-ciutat-bruta-perque-tenim-un-govern-que-viu-en-la-inercia-i-en-la-deixadesa\/","title":{"rendered":"\u201cTenim una ciutat bruta perqu\u00e8 tenim un govern que viu en la in\u00e8rcia i en la deixadesa\u201d"},"content":{"rendered":"\n<div><a href=\"https:\/\/www.areabesos.com\/diario\/wp-content\/uploads\/2023\/05\/angelgolOK-1024x905.jpg\" class=\"td-modal-image\"><figure class=\"wp-block-image size-large\"><img loading=\"lazy\" decoding=\"async\" width=\"1024\" height=\"905\" src=\"https:\/\/www.areabesos.com\/diario\/wp-content\/uploads\/2023\/05\/angelgolOK-1024x905.jpg\" alt=\"\" class=\"wp-image-6391\" srcset=\"https:\/\/www.areabesos.com\/diario\/wp-content\/uploads\/2023\/05\/angelgolOK-1024x905.jpg 1024w, https:\/\/www.areabesos.com\/diario\/wp-content\/uploads\/2023\/05\/angelgolOK-300x265.jpg 300w, https:\/\/www.areabesos.com\/diario\/wp-content\/uploads\/2023\/05\/angelgolOK-768x678.jpg 768w, https:\/\/www.areabesos.com\/diario\/wp-content\/uploads\/2023\/05\/angelgolOK-150x133.jpg 150w, https:\/\/www.areabesos.com\/diario\/wp-content\/uploads\/2023\/05\/angelgolOK-696x615.jpg 696w, https:\/\/www.areabesos.com\/diario\/wp-content\/uploads\/2023\/05\/angelgolOK-1068x943.jpg 1068w, https:\/\/www.areabesos.com\/diario\/wp-content\/uploads\/2023\/05\/angelgolOK.jpg 1200w\" sizes=\"auto, (max-width: 1024px) 100vw, 1024px\" \/><\/figure><\/a><\/div>\n\n\n\n<p><strong>Pregunta. Qu\u00e8 \u00e9s per tu Sant Adri\u00e0?\u00a0\u00a0\u00a0\u00a0\u00a0\u00a0\u00a0\u00a0\u00a0\u00a0<\/strong><\/p>\n\n\n\n<p><strong>Resposta.<\/strong> Per mi com a \u00c0ngel \u00e9s la meva ciutat. \u00c9s el meu rac\u00f3 del m\u00f3n, aquell lloc del m\u00f3n al qual jo li dic casa. &nbsp;&nbsp;&nbsp;&nbsp;&nbsp;&nbsp;&nbsp;<\/p>\n\n\n\n<p><strong>P. Com t\u2019agradaria que fos?<\/strong><\/p>\n\n\n\n<p><strong>R.<\/strong> M\u2019agradaria que les adrianenques i els adrianencs quan ens pens\u00e9ssim ens deixem de pensar en negatiu. Tot sovint, quan parles amb la gent al carrer, jo que he estat tamb\u00e9 molt en entitats, i que encara hi soc i hi continuar\u00e9 passi el que passi el dia 28, tinc la sensaci\u00f3 que ens menystenim. A Sant Adri\u00e0 hi ha molta decepci\u00f3, sobretot en les adrianenques i els adrianencs que porten molt temps a la ciutat. A m\u00e9s, hi ha una sensaci\u00f3 que res canviar\u00e0. Quan tu vas psic\u00f2leg, jo hi he hagut d\u2019anar, perqu\u00e8 tens un proc\u00e9s depressiu, el que intenta el o la terapeuta \u00e9s que canvi\u00efs la teva mentalitat. Per aix\u00f2 ens presentem nosaltres, per canviar aquesta mentalitat. Deixar-nos de pensar en negatiu i pensar en positiu. No \u00e9s una utopia. Hi ha fonaments per pensar-ho. Tenim gent amb molt de talent a Sant Adri\u00e0. Moltes vegades pensem que a Sant Adri\u00e0 no tenim gent que aporti valor afegit, que sigui potent en el m\u00f3n de la cultura, i de sobte te\u2019ns vas a una fira a Barcelona o a una altra part i et trobes alg\u00fa de Sant Adri\u00e0 i ni tan sols el coneixes. No ens sobra talent, per\u00f2 el tenim i l\u2019hem de posar a jugar. Per aix\u00f2 hem de confiar que podem pensar en Sant Adri\u00e0 en positiu, perqu\u00e8 tenim moltes potencialitats. Si alg\u00fa dibuix\u00e9s un lloc on posar-se avui a l\u2019\u00c0rea Metropolitana de Barcelona dibuixaria Sant Adri\u00e0. Tenim les tres xemeneies, tenim el port digital, tenim la gran aposta que s\u2019ha fet des de fora per Sant Adri\u00e0. Tenim el talent, ho tenim tot. El que ara hem de fer \u00e9s nosaltres mateixos repensar-nos. Canviar la nostra mirada. I sortirem d\u2019aix\u00f2 perqu\u00e8 tenim fonaments per poder-ho fer. &nbsp;&nbsp;&nbsp;<\/p>\n\n\n\n<p><strong>P. Cal un canvi de mentalitat i tamb\u00e9 un canvi pol\u00edtic en el govern de la ciutat?<\/strong><\/p>\n\n\n\n<p><strong>R.<\/strong> Cal un canvi pol\u00edtic, no nom\u00e9s en el govern, tamb\u00e9 a l\u2019oposici\u00f3. Evidentment, el Partit Socialista porta molts anys governant, i quan un porta molts anys governant el primer problema \u00e9s que es pensa que la casa \u00e9s seva, i com que es pensa que la casa \u00e9s seva pot fer el que vol. Informar del que vol. I quan no s\u00f3n capa\u00e7os d\u2019aprovar els pressupostos tiren el retret a l\u2019oposici\u00f3 que els han deixat sense pressupostos. No \u00e9s veritat, ets tu qui no ha tingut la capacitat d\u2019aprovar els pressupostos. No l\u2019has tinguda tenint 8 de 21, que no \u00e9s una majoria absoluta per\u00f2 \u00e9s una minoria \u00e0mplia com per poder tirar-ho endavant i no has sigut capa\u00e7. Per\u00f2 \u00e9s que a l\u2019oposici\u00f3 tamb\u00e9 li hem de dir que aix\u00f2 no va de canviar sigles, aix\u00f2 va de transformar la ciutat, va de canviar pol\u00edtiques de veritat. A la gent no l\u2019importa si l\u2019alcalde es diu d\u2019una manera o d\u2019una altra, aix\u00f2 no t\u00e9 cap import\u00e0ncia per la gent. El que t\u00e9 import\u00e0ncia per la gent \u00e9s que Sant Adri\u00e0 deixi de ser, com moltes vegades ens han dit i que malauradament encara \u00e9s veritat, l\u2019abocador de Barcelona. Que Sant Adri\u00e0 deixi de tenir un govern que deixi de dir \u201cs\u00ed bwana\u201d a tot el que li arriba. Per sort amb les tres xemeneies encara hem tingut un bon criteri per part d\u2019altres administracions perqu\u00e8 tampoc hi ha hagut una veu adrianenca, un poder pol\u00edtic real adrianenc que es fes efectiu en el PDU de les tres xemeneies.<\/p>\n\n\n\n<p>Per aix\u00f2, a aquestes eleccions hem de canviar el PSC, per\u00f2 tamb\u00e9 hem de canviar l\u2019oposici\u00f3. Aqu\u00ed \u00e9s on nosaltres ens reivindiquem. Malauradament, no hem sigut aquests quatre anys a l\u2019Ajuntament. Ara venim amb tota l\u2019energia d\u2019haver estat fora, d\u2019haver-nos airejat, d\u2019haver vist les coses d\u2019una altra manera, i amb tota l\u2019empenta per, no nom\u00e9s voler canviar el PSC, \u00f2bviament, sin\u00f3 tamb\u00e9 canviar l\u2019oposici\u00f3 i espavilar-los. I si es pensen que nosaltres som una crosa, no ho som. Qui pensi que perqu\u00e8 volem canviar el PSC donarem recolzament, aix\u00f2 va de pol\u00edtiques.<\/p>\n\n\n\n<blockquote class=\"wp-block-quote is-layout-flow wp-block-quote-is-layout-flow\">\n<p>\u201cQuan un porta molts anys governant es pensa que la casa \u00e9s seva\u201d<\/p>\n<\/blockquote>\n\n\n\n<p><strong>P. Heu estat quatre anys fora del consistori. Quins arguments li doneu a la ciutadania perqu\u00e8 us voti i poder tornar a entrar?<\/strong><\/p>\n\n\n\n<p><strong>R.<\/strong> Perqu\u00e8 nosaltres tractem temes que la resta no tracten. &nbsp;&nbsp;&nbsp;&nbsp;&nbsp;&nbsp;&nbsp;&nbsp;&nbsp;<\/p>\n\n\n\n<p><strong>P. Com per exemple?<\/strong><strong><\/strong><\/p>\n\n\n\n<p><strong>R.<\/strong> Per exemple, soterra l\u2019autopista. D\u2019acord, no \u00e9s una cosa que es pugui fer en un dia, no ser\u00e0 aix\u00ed. Per\u00f2 posar sobre la taula soterrar l\u2019autopista, \u00e9s quelcom que s\u2019ha de fer. A Badalona ho fan. Per on es pensen que passar\u00e0 l\u2019autopista fins a Badalona? Passa per Sant Adri\u00e0. Nosaltres hem de saber qu\u00e8 volem per soterrar l\u2019autopista i hem d\u2019anar a l\u2019administraci\u00f3 auton\u00f2mica en aquest cas o al govern del pa\u00eds i haver pactat pr\u00e8viament el que nosaltres volem fer i vendre-lo. Per\u00f2 ho hem de posar sobre la taula, i sembla que per a la resta de partits l\u2019autopista sigui magn\u00edfica. Hi ha molta gent que pateix les repercussions d\u2019aquesta autopista. Portem una ferida de m\u00e9s de 50 anys, i \u00e9s quelcom que ens divideix, ens parteix les infraestructures. Jo treballo en el m\u00f3n de la infraestructura, i no estan per separar-nos, estan per unir-nos. Doncs aqu\u00ed tenim un m\u00e0ster en infraestructures que ens separen. Per aix\u00f2 ho hem de soterrar. Evidentment no ho farem en dos dies, \u00e9s un proc\u00e9s llarg i la gent ho ha de saber, per\u00f2 nosaltres som els \u00fanics que diem de posar el fil a l\u2019agulla.<\/p>\n\n\n\n<p>Aquest \u00e9s un exemple, per\u00f2 tamb\u00e9, i sense matisos, nosaltres no demonitzem l\u2019ocupaci\u00f3. \u00c9s evident que hem de lluitar contra l\u2019ocupaci\u00f3 il\u00b7legal. Hi ha qui passa de puntetes. Nosaltres no, nosaltres diem que hem de lluitar, hem de donar les eines per estar al costat de la gent per evitar les ocupacions. Evidentment la nostra compet\u00e8ncia s\u00f3n els Mossos d\u2019Esquadra, per\u00f2 almenys acompanyar la gent s\u00ed que \u00e9s la nostra compet\u00e8ncia. Nosaltres hem d\u2019estar acompanyant la gent, ajudant a qui est\u00e0 afectat per aquesta ocupaci\u00f3 il\u00b7legal i fer la feina que ens toca fer. \u00a0<\/p>\n\n\n\n<p><\/p>\n\n\n\n<figure class=\"wp-block-embed is-type-video is-provider-youtube wp-block-embed-youtube wp-embed-aspect-16-9 wp-has-aspect-ratio\"><div class=\"wp-block-embed__wrapper\">\n<iframe loading=\"lazy\" title=\"Entrevista Angel Gil. Junts\" width=\"696\" height=\"392\" src=\"https:\/\/www.youtube.com\/embed\/3WRpB5L0kt8?feature=oembed\" frameborder=\"0\" allow=\"accelerometer; autoplay; clipboard-write; encrypted-media; gyroscope; picture-in-picture; web-share\" allowfullscreen><\/iframe>\n<\/div><\/figure>\n\n\n\n<p><\/p>\n\n\n\n<p><strong>P. Quina puntuaci\u00f3 li doneu a la seguretat a la ciutat?<\/strong><\/p>\n\n\n\n<p><strong>R.<\/strong> Un 4.&nbsp; &nbsp;&nbsp;&nbsp;&nbsp;&nbsp;&nbsp;&nbsp;&nbsp;&nbsp;&nbsp;&nbsp;&nbsp;&nbsp;&nbsp;&nbsp;<\/p>\n\n\n\n<p><strong>P. I com es millora?<\/strong><\/p>\n\n\n\n<p><strong>R.<\/strong> Ens falten recursos de policia local. Et posar\u00e9 un exemple. Per una entitat, fa un any i mig vam muntar un concert. Encara hi havia les restriccions derivades de la pand\u00e8mia, i havies de complir uns requisits. Nosaltres els hav\u00edem complert tots, per\u00f2 va venir al final del concert la policia local per veure que tot estigu\u00e9s b\u00e9. Vam venir dos cotxes de la policia local. Doncs eren els dos \u00fanics cotxes de policia local que hi havia aquella nit a la ciutat, una nit de juliol. A m\u00e9s anava sentint per la comunicaci\u00f3 interna que hi havia altres serveis a fer a la ciutat en aquell moment. Crec que ens falten recursos, per\u00f2 tamb\u00e9 gestionar millor. La gent ha de veure la policia al carrer. La gent se sent desemparada. Pensa que si et donen un cop al carrer, qui et vindr\u00e0 a ajudar? Quan tens 20, 30, 40 anys encara sents una certa fortalesa, per\u00f2 i la gent gran? La gent necessita veure la policia, no nom\u00e9s tenir-la. Podria haver-hi agents de barri, crec que tenim la mida i el volum poblacional perqu\u00e8 hi hagi agents de barri, el teu policia de refer\u00e8ncia. I despr\u00e9s, i aix\u00f2 \u00e9s molt important, al barri de La Mina necessitem les patrulles mixtes de Mossos i policia local. Esquerra Republicana diu que \u00e9s el govern de la Generalitat que m\u00e9s aposta per Sant Adri\u00e0, cosa que no \u00e9s veritat. Jo li dir\u00e9 al Rub\u00e8n quan arribi el dia 29 de maig que anem al departament d\u2019interior i no ens movem d\u2019all\u00e0 fins que tinguem el comprom\u00eds de tenir aquestes patrulles mixtes de Mossos d\u2019Esquadra i policia local que les vam tenir. Vam venir, es van fer una foto, van estar una setmana i mitja i ja no han tornat. &nbsp;<\/p>\n\n\n\n<p><strong>P. Per qu\u00e8 s\u00f3n importants aquestes patrulles mixtes?<\/strong><\/p>\n\n\n\n<p><strong>R.<\/strong> Perqu\u00e8 tindrem molta m\u00e9s efic\u00e0cia per lluitar contra tot el que passa a La Mina, contra les m\u00e0fies, les drogues, i alguna cosa m\u00e9s que passa all\u00e0. Tindrem molt m\u00e9s ordre a La Mina, necessitem ordre, a tota la ciutat, per\u00f2 La Mina \u00e9s un cas en el qual necessitem ordre i tamb\u00e9, i en aix\u00f2 la policia local pot ajudar tamb\u00e9, actituds c\u00edviques. Perqu\u00e8&nbsp; aquests agents c\u00edvics, que tamb\u00e9 necessitem a La Mina, i a tota la ciutat, no s\u00f3n autoritat. Moltes vegades, en barris conflictius es troben que moltes vegades necessiten una protecci\u00f3 per poder fer la seva feina. Doncs aix\u00f2 ho fa la policia local. Clar, si tenim els recursos limitats que tenim, necessitem l\u2019ajuda d\u2019un altre cos policial, en aquest cas Mossos d\u2019Esquadra.<\/p>\n\n\n\n<blockquote class=\"wp-block-quote is-layout-flow wp-block-quote-is-layout-flow\">\n<p>\u201cVolem canviar el PSC per\u00f2 tamb\u00e9 l\u2019oposici\u00f3 per espavilar-los\u201d<\/p>\n<\/blockquote>\n\n\n\n<p><strong>P. A banda de la seguretat, quins altres problemes us trasllada la ciutadania?<\/strong><\/p>\n\n\n\n<p><strong>R.<\/strong> Sobretot un, que \u00e9s que la ciutat est\u00e0 bruta. Hi ha comerciants, i del centre, de la pla\u00e7a de la Vila mateix, que tenen una fusta al clavegueram perqu\u00e8 no surtin les rates. Avui, tenim una ciutat molt bruta i un punt insalubre. Tenim una plaga de rates des de fa temps que no s\u2019ha solucionat, i tamb\u00e9 d\u2019altres com l\u2019escarabat vermell al barri del Bes\u00f2s. Aix\u00f2 no pot passar. La gent est\u00e0 molt preocupada. Qualsevol persona que et trobes et parla de neteja i de seguretat. I tenen ra\u00f3. Tenim una ciutat bruta perqu\u00e8 tenim un govern que viu en la in\u00e8rcia i en la deixadesa. All\u00f2 que diem en catal\u00e0 de qui dia passa any empeny. No t\u00e9 il\u00b7lusi\u00f3 per la ciutat. Quan tu tens il\u00b7lusi\u00f3, quan tens afecte per una cosa, la cuides. I tenim una ciutat bruta, al centre, a Sant Joan Baptista. Vam tenir un problema molt greu i que va trigar molt a resoldre la senyora Raquel S\u00e1nchez, la ministra de transport, amb les deixalles a les vies d\u2019Adif. Que no dir del barri de La Mina. Per\u00f2 fins i tot a barris nous com La Catalana o el Front Litoral, avui tenen problemes de neteja. Qu\u00e8 hem de fer? Doncs revisar el contracte que tenim amb la subcontracta de la neteja i sobretot hem de canviar com pensem la neteja en aquesta ciutat perqu\u00e8 \u00e9s totalment insatisfact\u00f2ria.<\/p>\n\n\n\n<p><strong>P. I perqu\u00e8 creus que la ciutadania encara continua donant suport al PSC? T\u00e9 por del canvi?<\/strong><\/p>\n\n\n\n<p><strong>R.<\/strong> B\u00e9, si mires les dades hist\u00f2riques, el suport ha baixat bastant. Van arribar als sis regidors el 2015, el 2019 vuit regidors. Doncs, aqu\u00ed, autocr\u00edtica, perqu\u00e8 la gent de l\u2019oposici\u00f3 no hem sapigut, en temes importants, anar a la una o almenys tenir una coordinaci\u00f3, i perqu\u00e8 estem m\u00e9s preocupats de quina quota tenim que de les pol\u00edtiques reals. Tamb\u00e9 \u00e9s veritat que el que va passar el 95, es va fer una amalgama tan gran per fer fora a l\u2019alcalde que hi havia en aquell moment, el Messeguer del PSC, que era un poti-poti dif\u00edcil de conjuntar. Potser aquesta mala experi\u00e8ncia tamb\u00e9 \u00e9s heredit\u00e0ria. B\u00e0sicament \u00e9s perqu\u00e8 no sabem comunicar-li a la ciutadania que \u00e9s possible una alternativa, i perqu\u00e8 tot sovint l\u2019oposici\u00f3 no ha sapigut buscar els punts d\u2019uni\u00f3 entre s\u00ed per poder dur a terme aquestes pol\u00edtiques. Reitero el que he dit al principi, aix\u00f2 no va de canviar sigles, aix\u00f2 va de transformar la ciutat, i per transformar la ciutat hem de fer les coses molt diferent de com ho hem fet fins ara. Hem de trencar la mentalitat imposada pel PSC i crear una de nova. Canviar la del \u201cno es pot\u201d per la del \u201cs\u00ed es pot\u201d. Quan vas pels pobles i veus algunes coses i les intentes portar a Sant Adri\u00e0 hi ha uns t\u00e8cnics que et diuen que no es pot fer, que \u00e9s impossible, i no \u00e9s veritat, el que no hi ha \u00e9s voluntat de fer-ho. Som nosaltres, la gent de l\u2019oposici\u00f3 que hem de comunicar millor i trencar el marc mental que ens imposa el PSC. &nbsp;<\/p>\n\n\n\n<p><strong>P. Si el 28 de maig es donen els resultats, estar\u00edeu disposats a fer pactes per canviar el PSC donant suport a un altre partit o fins i tot entrar en el govern?<\/strong><\/p>\n\n\n\n<p><strong>R.<\/strong> Nosaltres tenim vocaci\u00f3 transformadora, per\u00f2 el nostre partit tamb\u00e9 t\u00e9 vocaci\u00f3 de govern. A m\u00e9s, si tu vols transformar la ciutat, \u00e9s molt m\u00e9s \u00fatil des del govern que des de l\u2019oposici\u00f3. \u00c9s evident. Per\u00f2 nosaltres el dia 29 de maig parlarem de pol\u00edtica. Evidentment hi ha partits pol\u00edtics que esperem que no tinguin representaci\u00f3, per\u00f2 si la tenen s\u00f3n l\u00ednies vermelles. Nosaltres amb la ultradreta no hi casem, no tenim res a fer. A partir d\u2019aqu\u00ed, podem parlar amb tothom. Ara b\u00e9, qui vulgui el nostre recolzament, qui vulgui entendre\u2019s amb nosaltres, haur\u00e0 de parlar de pol\u00edtiques que transformin la ciutat. Dubtem molt que el PSC ho faci, perqu\u00e8 si en 40 anys no hi han fet, crec que les il\u00b7luminacions divines probablement no existeixen. Qui vulgui formar un bloc alternatiu amb nosaltres, estem oberts a parlar, i evidentment serem motor d\u2019aquest canvi, per\u00f2 qui es pensi que som una crossa, aix\u00f2 no va aix\u00ed. Qui pensi que tindr\u00e0 el nostre suport gratis, s\u2019equivoca bastant. Hem de treballar molt d\u2019aqu\u00ed el 28 de maig perqu\u00e8 es pugui donar una suma que potser ara, malauradament, no s\u2019hi dona. Nosaltres hi treballarem, estem segur que ells, parlo d\u2019Esquerra Republicana de Catalunya, i Sant Adri\u00e0 en Com\u00fa, tamb\u00e9 hi treballaran, i si el 29 de maig donen les sumes, parlarem de pol\u00edtica. Si hi ha voluntat, i estic segur que hi haur\u00e0, nosaltres posarem tot perqu\u00e8 hi hagi voluntat, s\u00ed que podrem canviar les coses.<\/p>\n\n\n\n<p class=\"has-text-align-center\"><strong>Programa electoral de Junts Sant Adri\u00e0<\/strong><\/p>\n\n\n\n<div class=\"wp-block-columns is-layout-flex wp-container-core-columns-is-layout-9d6595d7 wp-block-columns-is-layout-flex\">\n<div class=\"wp-block-column is-layout-flow wp-block-column-is-layout-flow\" style=\"flex-basis:33.33%\">\n<figure class=\"wp-block-image size-full\"><img loading=\"lazy\" decoding=\"async\" width=\"854\" height=\"568\" src=\"https:\/\/www.areabesos.com\/diario\/wp-content\/uploads\/2023\/05\/Logo-JUNTS.jpg\" alt=\"\" class=\"wp-image-6335\" srcset=\"https:\/\/www.areabesos.com\/diario\/wp-content\/uploads\/2023\/05\/Logo-JUNTS.jpg 854w, https:\/\/www.areabesos.com\/diario\/wp-content\/uploads\/2023\/05\/Logo-JUNTS-300x200.jpg 300w, https:\/\/www.areabesos.com\/diario\/wp-content\/uploads\/2023\/05\/Logo-JUNTS-768x511.jpg 768w, https:\/\/www.areabesos.com\/diario\/wp-content\/uploads\/2023\/05\/Logo-JUNTS-150x100.jpg 150w, https:\/\/www.areabesos.com\/diario\/wp-content\/uploads\/2023\/05\/Logo-JUNTS-696x463.jpg 696w\" sizes=\"auto, (max-width: 854px) 100vw, 854px\" \/><\/figure>\n<\/div>\n\n\n\n<div class=\"wp-block-column is-layout-flow wp-block-column-is-layout-flow\" style=\"flex-basis:66.66%\"><a href=\"https:\/\/www.areabesos.com\/diario\/wp-content\/uploads\/2023\/05\/Junts_StAdria_Flyer_3.pdf\" class=\"pdfemb-viewer\" style=\"\" data-width=\"max\" data-height=\"max\" data-toolbar=\"both\" data-toolbar-fixed=\"on\">Junts_StAdria_Flyer_3<\/a>\n<p class=\"wp-block-pdfemb-pdf-embedder-viewer\"><\/p>\n<\/div>\n<\/div>\n","protected":false},"excerpt":{"rendered":"<p>Pregunta. Qu\u00e8 \u00e9s per tu Sant Adri\u00e0?\u00a0\u00a0\u00a0\u00a0\u00a0\u00a0\u00a0\u00a0\u00a0\u00a0 Resposta. Per mi com a \u00c0ngel \u00e9s la meva ciutat. \u00c9s el meu rac\u00f3 del m\u00f3n, aquell lloc del m\u00f3n al qual jo li dic casa. &nbsp;&nbsp;&nbsp;&nbsp;&nbsp;&nbsp;&nbsp; P. Com t\u2019agradaria que fos? R. M\u2019agradaria que les adrianenques i els adrianencs quan ens pens\u00e9ssim ens deixem de pensar en [&hellip;]<\/p>\n","protected":false},"author":1,"featured_media":6391,"comment_status":"closed","ping_status":"open","sticky":false,"template":"","format":"video","meta":{"footnotes":""},"categories":[134,138],"tags":[],"class_list":{"0":"post-6334","1":"post","2":"type-post","3":"status-publish","4":"format-video","5":"has-post-thumbnail","7":"category-actualitat","8":"category-entrevistes","9":"post_format-post-format-video"},"_links":{"self":[{"href":"https:\/\/www.areabesos.com\/diario\/wp-json\/wp\/v2\/posts\/6334","targetHints":{"allow":["GET"]}}],"collection":[{"href":"https:\/\/www.areabesos.com\/diario\/wp-json\/wp\/v2\/posts"}],"about":[{"href":"https:\/\/www.areabesos.com\/diario\/wp-json\/wp\/v2\/types\/post"}],"author":[{"embeddable":true,"href":"https:\/\/www.areabesos.com\/diario\/wp-json\/wp\/v2\/users\/1"}],"replies":[{"embeddable":true,"href":"https:\/\/www.areabesos.com\/diario\/wp-json\/wp\/v2\/comments?post=6334"}],"version-history":[{"count":3,"href":"https:\/\/www.areabesos.com\/diario\/wp-json\/wp\/v2\/posts\/6334\/revisions"}],"predecessor-version":[{"id":6392,"href":"https:\/\/www.areabesos.com\/diario\/wp-json\/wp\/v2\/posts\/6334\/revisions\/6392"}],"wp:featuredmedia":[{"embeddable":true,"href":"https:\/\/www.areabesos.com\/diario\/wp-json\/wp\/v2\/media\/6391"}],"wp:attachment":[{"href":"https:\/\/www.areabesos.com\/diario\/wp-json\/wp\/v2\/media?parent=6334"}],"wp:term":[{"taxonomy":"category","embeddable":true,"href":"https:\/\/www.areabesos.com\/diario\/wp-json\/wp\/v2\/categories?post=6334"},{"taxonomy":"post_tag","embeddable":true,"href":"https:\/\/www.areabesos.com\/diario\/wp-json\/wp\/v2\/tags?post=6334"}],"curies":[{"name":"wp","href":"https:\/\/api.w.org\/{rel}","templated":true}]}}