{"id":6312,"date":"2023-05-23T17:10:00","date_gmt":"2023-05-23T15:10:00","guid":{"rendered":"https:\/\/www.areabesos.com\/diario\/?p=6312"},"modified":"2023-05-23T19:20:55","modified_gmt":"2023-05-23T17:20:55","slug":"veig-molt-be-la-ciutat-del-futur-si-fem-aquest-canvi-i-treballem-entre-tots","status":"publish","type":"post","link":"https:\/\/www.areabesos.com\/diario\/veig-molt-be-la-ciutat-del-futur-si-fem-aquest-canvi-i-treballem-entre-tots\/","title":{"rendered":"\u201cVeig molt b\u00e9 la ciutat del futur si fem aquest canvi i treballem entre tots\u201d"},"content":{"rendered":"\n<div><a href=\"https:\/\/www.areabesos.com\/diario\/wp-content\/uploads\/2023\/05\/guillerminaalonsoOK-1024x681.jpg\" class=\"td-modal-image\"><figure class=\"wp-block-image size-large\"><img loading=\"lazy\" decoding=\"async\" width=\"1024\" height=\"681\" src=\"https:\/\/www.areabesos.com\/diario\/wp-content\/uploads\/2023\/05\/guillerminaalonsoOK-1024x681.jpg\" alt=\"\" class=\"wp-image-6395\" srcset=\"https:\/\/www.areabesos.com\/diario\/wp-content\/uploads\/2023\/05\/guillerminaalonsoOK-1024x681.jpg 1024w, https:\/\/www.areabesos.com\/diario\/wp-content\/uploads\/2023\/05\/guillerminaalonsoOK-300x200.jpg 300w, https:\/\/www.areabesos.com\/diario\/wp-content\/uploads\/2023\/05\/guillerminaalonsoOK-768x511.jpg 768w, https:\/\/www.areabesos.com\/diario\/wp-content\/uploads\/2023\/05\/guillerminaalonsoOK-150x100.jpg 150w, https:\/\/www.areabesos.com\/diario\/wp-content\/uploads\/2023\/05\/guillerminaalonsoOK-696x463.jpg 696w, https:\/\/www.areabesos.com\/diario\/wp-content\/uploads\/2023\/05\/guillerminaalonsoOK-1068x710.jpg 1068w, https:\/\/www.areabesos.com\/diario\/wp-content\/uploads\/2023\/05\/guillerminaalonsoOK.jpg 1200w\" sizes=\"auto, (max-width: 1024px) 100vw, 1024px\" \/><\/figure><\/a><\/div>\n\n\n\n<p><strong>Pregunta. Un presenteu com ARA-Pacte Local per Sant Adri\u00e0. Qui sou?<\/strong><\/p>\n\n\n\n<p><strong>Resposta.<\/strong> El nostre partit \u00e9s un partit municipalista fet amb persones t\u00e8cniques, portem uns quants t\u00e8cnics, tres metges, un advocat, un economista, un arquitecte, a m\u00e9s de persones d\u2019aqu\u00ed, de Sant Adri\u00e0. Pacte Local \u00e9s un acord entre ARA Catalunya i PDCat. En resum, \u00e9s un partit municipalista. &nbsp;&nbsp;&nbsp;&nbsp;&nbsp;&nbsp;&nbsp;<\/p>\n\n\n\n<p><strong>P. Qu\u00e8 \u00e9s per tu Sant Adri\u00e0?<\/strong><\/p>\n\n\n\n<p><strong>R.<\/strong> Una ciutat que pot tenir molt\u00edssima pot\u00e8ncia, per mi encantadora, maca, amb una platja que pot ser d\u2019all\u00f2 millor. Molt a prop de Barcelona, amb un potencial impressionant. A 3 minuts de Barcelona, a 25 de l\u2019Aeroport. Amb un potencial tur\u00edstic, pels ve\u00efns tamb\u00e9, pel comer\u00e7. Amb molta pot\u00e8ncia, per\u00f2 hem de treballar molt. &nbsp;&nbsp;&nbsp;&nbsp;<\/p>\n\n\n\n<p><strong>P. Creus que aquesta possibilitat no est\u00e0 ben desenvolupada?<\/strong><\/p>\n\n\n\n<p><strong>R.<\/strong> Ara mateix no. Em sap greu, per\u00f2 la veig molt abandonada. Un lloc tan maco com tenim i el que es pot arribar a potenciar. Sobretot el comer\u00e7, els nens, els parcs,.. Hem de tornar a comen\u00e7ar de zero, no restituir o arreglar, sin\u00f3 comen\u00e7ar de zero, fer una ciutat moderna, amb tots els serveis que cal, amb taxis, amb m\u00e9s serveis. Ara mateix s\u00f3n moltes coses les que fan falta. &nbsp;<\/p>\n\n\n\n<blockquote class=\"wp-block-quote is-layout-flow wp-block-quote-is-layout-flow\">\n<p>\u201cVeig la ciutat molt abandonada\u201d<\/p>\n<\/blockquote>\n\n\n\n<p><strong>P. Una de les q\u00fcestions que m\u00e9s ens comenta la ciutadania \u00e9s la seguretat. Com la puntuaries?<\/strong><\/p>\n\n\n\n<p><strong>R.<\/strong> \u00c9s el tema m\u00e9s puntual que estem portant nosaltres en el nostre partit. Cont\u00ednuament estem fent reunions amb experts que ens han aportat la seva experi\u00e8ncia. Precisament el proper dijous, dia 25 de maig, fem un seminari de seguretat. Tots els ve\u00efns estan molt preocupats, i no \u00e9s per menys. &nbsp;&nbsp;&nbsp;&nbsp;&nbsp;&nbsp;&nbsp;&nbsp;&nbsp;<\/p>\n\n\n\n<p><strong>P. Com es pot millorar?<\/strong><\/p>\n\n\n\n<p><strong>R.<\/strong> Donant molt m\u00e9s servei al ciutad\u00e0, al comer\u00e7 sobretot, que est\u00e0 molt afectat. A m\u00e9s de millorar la organitzaci\u00f3 i la previsi\u00f3. Nosaltres proposem establir una l\u00ednia telef\u00f2nica perqu\u00e8 els comerciants puguin estar en contacte directe amb l\u2019ajuntament per qualsevol emerg\u00e8ncia. Hi ha moltes m\u00e9s coses a fer, per\u00f2 sobretot la gesti\u00f3 i la previsi\u00f3.<\/p>\n\n\n\n<p><strong>P. No \u00e9s nom\u00e9s un nombre d\u2019agents de la policia local sin\u00f3 de coordinaci\u00f3?<\/strong><\/p>\n\n\n\n<p><strong>R.<\/strong> S\u00ed, exacte, \u00e9s un tema des de la base, des de la direcci\u00f3 s\u2019ha de fer feina perqu\u00e8 sigui m\u00e9s efectiva. Que els agents s\u00e0piguen qu\u00e8 \u00e9s el que han de fer, no se\u2019ls hi pot carregar tota la culpa ni a l\u2019ajuntament ni tampoc als policies. \u00c9s tot un conjunt de coses, d\u2019organitzaci\u00f3, crec que no \u00e9s tan complicat. Penso que en poc temps poden tenir una ciutat com cal en el terreny de la seguretat. &nbsp;&nbsp;&nbsp;&nbsp;&nbsp;&nbsp;&nbsp;&nbsp;&nbsp;&nbsp;&nbsp;&nbsp;&nbsp;&nbsp;&nbsp;&nbsp;&nbsp;&nbsp;<\/p>\n\n\n\n<p><strong>P. Apart de la seguretat, quins s\u00f3n els altres temes que us trasllada la ciutadania aquests dies?<\/strong><\/p>\n\n\n\n<p><strong>R.<\/strong> Doncs ens han dit que estan molt espantats perqu\u00e8 hi ha unes rates enormes a les places, amb els nens jugant all\u00e0. Aix\u00f2 no es pot tolerar, s\u2019han de fer tractaments, desratitzacions. \u00c9s molt simple la soluci\u00f3. Sempre acabem anant al mateix tema: la gesti\u00f3. Nosaltres pensem que ho podem fer b\u00e9 perqu\u00e8 portem gent del barri que est\u00e0 molt interessada en aquest tema. &nbsp;<\/p>\n\n\n\n<p><strong>P. Penseu que la gesti\u00f3 municipal no t\u00e9 cura de la ciutadania?<\/strong><\/p>\n\n\n\n<p><strong>R.<\/strong> Indudablement. \u00c9s un abandonament per part de totes aquelles persones responsables d\u2019aquests serveis que s\u2019han de fer i no s\u2019estan fent o no s\u2019estan fent b\u00e9. El primer \u00e9s la higiene en una ciutat. Tamb\u00e9 \u00e9s veritat que la ciutadania ha d\u2019ajudar en aquest tema, per\u00f2 en primera inst\u00e0ncia l\u2019ajuntament \u00e9s el responsable. \u00a0<\/p>\n\n\n\n<p><\/p>\n\n\n\n<figure class=\"wp-block-embed is-type-video is-provider-youtube wp-block-embed-youtube wp-embed-aspect-16-9 wp-has-aspect-ratio\"><div class=\"wp-block-embed__wrapper\">\n<iframe loading=\"lazy\" title=\"Entrevista a Guillermina Alonso. Ara-Pacte Local Sant Adri\u00e0\" width=\"696\" height=\"392\" src=\"https:\/\/www.youtube.com\/embed\/u2aOO7DSqfY?feature=oembed\" frameborder=\"0\" allow=\"accelerometer; autoplay; clipboard-write; encrypted-media; gyroscope; picture-in-picture; web-share\" allowfullscreen><\/iframe>\n<\/div><\/figure>\n\n\n\n<p><\/p>\n\n\n\n<p><strong>P. Manca civisme a la ciutat per part de la ciutadania?<\/strong><\/p>\n\n\n\n<p><strong>R.<\/strong> S\u00ed, perqu\u00e8 penso que potser aquests animals hi ha m\u00e9s perqu\u00e8 la gent no t\u00e9 cura de llan\u00e7ar les restes de menjar a les papereres. En definitiva, \u00e9s important l\u2019educaci\u00f3 i el civisme, que \u00e9s positiva per a tota la ciutadania. Si conv\u00e9 tamb\u00e9 s\u2019haurien de posar cartells perqu\u00e8 la gent llanci les escombraries a la paperera. I si calen m\u00e9s papereres, doncs es posen. &nbsp;<\/p>\n\n\n\n<p><strong>P. Hem parlat de la gesti\u00f3 municipal. Cal un canvi pol\u00edtic per millorar?<\/strong><\/p>\n\n\n\n<p><strong>R.<\/strong> S\u00ed, cal un canvi pol\u00edtic, radical, i estaria b\u00e9 que ho f\u00e9ssim entre tots. Soc partid\u00e0ria de ser una gran fam\u00edlia, que ens entenguem i b\u00e9. Estic cansada que Sant Adri\u00e0 sempre tingui la mateixa publicitat. Vull que, en poc temps, ens posem d\u2019acord tots els pol\u00edtics i tirem endavant Sant Adri\u00e0. Que la fem una ciutat moderna, amb moltes possibilitats, amb m\u00e9s zones verdes, m\u00e9s parcs, que els nens puguin fer esports.<\/p>\n\n\n\n<p>No m\u2019imagino que \u00e9s com una empresa. Quan entres, tens molta il\u00b7lusi\u00f3, per\u00f2 despr\u00e9s ens acomodem massa amb el personal. Crec que falta il\u00b7lusi\u00f3 i penso que el 28 de maig \u00e9s una gran oportunitat per fer un canvi. &nbsp;&nbsp;&nbsp;<\/p>\n\n\n\n<blockquote class=\"wp-block-quote is-layout-flow wp-block-quote-is-layout-flow\">\n<p>\u201cVolem una formaci\u00f3 \u00e0mplia, no nom\u00e9s nosaltres, amb la resta de partits\u201d<\/p>\n<\/blockquote>\n\n\n\n<p><strong>P. Si la ciutat est\u00e0 bruta i \u00e9s insegura, per qu\u00e8 penses que el PSC continua guanyant les eleccions? La gent t\u00e9 por al canvi o ja li est\u00e0 b\u00e9?<\/strong><\/p>\n\n\n\n<p><strong>R.<\/strong> No ho sabem, puc suposar que \u00e9s com un matrimoni en el que dius \u201caquest ja s\u00e9 com \u00e9s\u201d, per qu\u00e8 l\u2019haig de canviar.<\/p>\n\n\n\n<p><strong>P. \u201cM\u00e1s vale malo conocido\u201d\u2026<\/strong><\/p>\n\n\n\n<p><strong>R.<\/strong> \u201c\u2026que bueno por conocer\u201d, s\u00ed. Pot ser que tinguin por al canvi, per\u00f2 no han de tenir por. Avui en dia les coses van molt de pessa, i el mateix pol\u00edtic pot estar avui a l\u2019ajuntament i dem\u00e0 marxar a treballar a Madrid de diputat o a Brussel\u00b7les a fer d\u2019eurodiputat. No us confieu, pot ser que aquests pol\u00edtics dem\u00e0 no hi siguin. Clar, tamb\u00e9 entenc que pot ser un costum. Per\u00f2 insisteixo, nosaltres tenim moltes ganes. A la meva for\u00e7a pol\u00edtica hi ha gent del barri i un equip t\u00e8cnic que ens pot assessorar en el tema de la sanitat, del medi ambient. Sobretot gent resolutiva, i agrairia que ens donessin una oportunitat. Crec que aniria b\u00e9. Per\u00f2 no nom\u00e9s sols, insisteixo, amb tots els pol\u00edtics.&nbsp;<\/p>\n\n\n\n<p>&nbsp;<strong>P. Si el 28 de maig es donen els resultats, estar\u00edeu disposats a fer pactes per canviar el PSC donant suport a un altre partit o fins i tot entrar en el govern?<\/strong><\/p>\n\n\n\n<p><strong>R.<\/strong> Segurament s\u00ed, volem fer una formaci\u00f3 \u00e0mplia, no nom\u00e9s anar sols. Que participin quasi tots.<\/p>\n\n\n\n<p><strong>P. Hi ha alguna l\u00ednia vermella?<\/strong><\/p>\n\n\n\n<p><strong>R.<\/strong> S\u00ed, hi ha una l\u00ednia que no la podem traspassar.<\/p>\n\n\n\n<p><strong>P. Quina seria?<\/strong><\/p>\n\n\n\n<p><strong>R.<\/strong> Ara mateix no ho puc dir. Per mi tots s\u00f3n persones, per\u00f2 entenc que el nostre m\u00e8tode de treball, sobretot en el terreny de les dones, hi ha l\u00ednies vermelles que no es poden creuar.<\/p>\n\n\n\n<p><strong>P. I com veus la ciutat d\u2019aqu\u00ed a cinc anys?<\/strong><\/p>\n\n\n\n<p><strong>R.<\/strong> Molt b\u00e9 si fem aquest canvi i treballem entre tots. Cal millorar entre tots molts aspectes relacionats amb les dones, el comer\u00e7, la gent gran,\u2026 Hi ha molta feina a fer, per exemple, en el terreny de les dones ens agradaria ajudar-les amb microcr\u00e8dits. Ajudar els emprenedors amb un cr\u00e8dit de 18.000 euros perqu\u00e8 puguin obrir una persiana fins als 40 anys. Tamb\u00e9 ajudes al comer\u00e7 en quant els r\u00e8tols i fa\u00e7anes. Beques menjador i per activitats extraescolars, sobretot esportives, pels nens. Per\u00f2 per tot Sant Adri\u00e0, no nom\u00e9s per una zona de la ciutat. <\/p>\n\n\n\n<p><\/p>\n\n\n\n<p class=\"has-text-align-center\"><strong>Programa electoral d&#8217;Ara-Pacte Local Sant Adri\u00e0<\/strong><\/p>\n\n\n\n<div class=\"wp-block-columns is-layout-flex wp-container-core-columns-is-layout-9d6595d7 wp-block-columns-is-layout-flex\">\n<div class=\"wp-block-column is-layout-flow wp-block-column-is-layout-flow\" style=\"flex-basis:33.33%\">\n<figure class=\"wp-block-image size-full\"><img loading=\"lazy\" decoding=\"async\" width=\"425\" height=\"426\" src=\"https:\/\/www.areabesos.com\/diario\/wp-content\/uploads\/2023\/05\/logoARAweb.jpg\" alt=\"\" class=\"wp-image-6316\" srcset=\"https:\/\/www.areabesos.com\/diario\/wp-content\/uploads\/2023\/05\/logoARAweb.jpg 425w, https:\/\/www.areabesos.com\/diario\/wp-content\/uploads\/2023\/05\/logoARAweb-300x301.jpg 300w, https:\/\/www.areabesos.com\/diario\/wp-content\/uploads\/2023\/05\/logoARAweb-150x150.jpg 150w\" sizes=\"auto, (max-width: 425px) 100vw, 425px\" \/><\/figure>\n<\/div>\n\n\n\n<div class=\"wp-block-column is-layout-flow wp-block-column-is-layout-flow\" style=\"flex-basis:66.66%\">\n<p><\/p>\n\n\n<a href=\"https:\/\/www.areabesos.com\/diario\/wp-content\/uploads\/2023\/05\/PROGRAMA-SANT-ADRIA-CIUTAT-AMB-FUTUR.pdf\" class=\"pdfemb-viewer\" style=\"\" data-width=\"max\" data-height=\"max\" data-toolbar=\"both\" data-toolbar-fixed=\"on\">PROGRAMA-SANT-ADRIA-CIUTAT-AMB-FUTUR<\/a>\n<p class=\"wp-block-pdfemb-pdf-embedder-viewer\"><\/p>\n<\/div>\n<\/div>\n","protected":false},"excerpt":{"rendered":"<p>Pregunta. Un presenteu com ARA-Pacte Local per Sant Adri\u00e0. Qui sou? Resposta. El nostre partit \u00e9s un partit municipalista fet amb persones t\u00e8cniques, portem uns quants t\u00e8cnics, tres metges, un advocat, un economista, un arquitecte, a m\u00e9s de persones d\u2019aqu\u00ed, de Sant Adri\u00e0. Pacte Local \u00e9s un acord entre ARA Catalunya i PDCat. En resum, [&hellip;]<\/p>\n","protected":false},"author":1,"featured_media":6395,"comment_status":"closed","ping_status":"open","sticky":false,"template":"","format":"video","meta":{"footnotes":""},"categories":[134,138],"tags":[],"class_list":{"0":"post-6312","1":"post","2":"type-post","3":"status-publish","4":"format-video","5":"has-post-thumbnail","7":"category-actualitat","8":"category-entrevistes","9":"post_format-post-format-video"},"_links":{"self":[{"href":"https:\/\/www.areabesos.com\/diario\/wp-json\/wp\/v2\/posts\/6312","targetHints":{"allow":["GET"]}}],"collection":[{"href":"https:\/\/www.areabesos.com\/diario\/wp-json\/wp\/v2\/posts"}],"about":[{"href":"https:\/\/www.areabesos.com\/diario\/wp-json\/wp\/v2\/types\/post"}],"author":[{"embeddable":true,"href":"https:\/\/www.areabesos.com\/diario\/wp-json\/wp\/v2\/users\/1"}],"replies":[{"embeddable":true,"href":"https:\/\/www.areabesos.com\/diario\/wp-json\/wp\/v2\/comments?post=6312"}],"version-history":[{"count":7,"href":"https:\/\/www.areabesos.com\/diario\/wp-json\/wp\/v2\/posts\/6312\/revisions"}],"predecessor-version":[{"id":6396,"href":"https:\/\/www.areabesos.com\/diario\/wp-json\/wp\/v2\/posts\/6312\/revisions\/6396"}],"wp:featuredmedia":[{"embeddable":true,"href":"https:\/\/www.areabesos.com\/diario\/wp-json\/wp\/v2\/media\/6395"}],"wp:attachment":[{"href":"https:\/\/www.areabesos.com\/diario\/wp-json\/wp\/v2\/media?parent=6312"}],"wp:term":[{"taxonomy":"category","embeddable":true,"href":"https:\/\/www.areabesos.com\/diario\/wp-json\/wp\/v2\/categories?post=6312"},{"taxonomy":"post_tag","embeddable":true,"href":"https:\/\/www.areabesos.com\/diario\/wp-json\/wp\/v2\/tags?post=6312"}],"curies":[{"name":"wp","href":"https:\/\/api.w.org\/{rel}","templated":true}]}}