{"id":6308,"date":"2023-05-23T17:00:00","date_gmt":"2023-05-23T15:00:00","guid":{"rendered":"https:\/\/www.areabesos.com\/diario\/?p=6308"},"modified":"2023-05-23T19:22:07","modified_gmt":"2023-05-23T17:22:07","slug":"hay-que-hacer-una-ciudad-atractiva-tanto-para-el-que-vive-como-para-el-que-viene","status":"publish","type":"post","link":"https:\/\/www.areabesos.com\/diario\/hay-que-hacer-una-ciudad-atractiva-tanto-para-el-que-vive-como-para-el-que-viene\/","title":{"rendered":"\u201cHay que hacer una ciudad atractiva, tanto para el que vive como para el que viene\u201d"},"content":{"rendered":"\n<div><a href=\"https:\/\/www.areabesos.com\/diario\/wp-content\/uploads\/2023\/05\/mariaruizOK-1024x936.jpg\" class=\"td-modal-image\"><figure class=\"wp-block-image size-large\"><img loading=\"lazy\" decoding=\"async\" width=\"1024\" height=\"936\" src=\"https:\/\/www.areabesos.com\/diario\/wp-content\/uploads\/2023\/05\/mariaruizOK-1024x936.jpg\" alt=\"\" class=\"wp-image-6397\" srcset=\"https:\/\/www.areabesos.com\/diario\/wp-content\/uploads\/2023\/05\/mariaruizOK-1024x936.jpg 1024w, https:\/\/www.areabesos.com\/diario\/wp-content\/uploads\/2023\/05\/mariaruizOK-300x274.jpg 300w, https:\/\/www.areabesos.com\/diario\/wp-content\/uploads\/2023\/05\/mariaruizOK-768x702.jpg 768w, https:\/\/www.areabesos.com\/diario\/wp-content\/uploads\/2023\/05\/mariaruizOK-150x137.jpg 150w, https:\/\/www.areabesos.com\/diario\/wp-content\/uploads\/2023\/05\/mariaruizOK-696x636.jpg 696w, https:\/\/www.areabesos.com\/diario\/wp-content\/uploads\/2023\/05\/mariaruizOK-1068x976.jpg 1068w, https:\/\/www.areabesos.com\/diario\/wp-content\/uploads\/2023\/05\/mariaruizOK.jpg 1208w\" sizes=\"auto, (max-width: 1024px) 100vw, 1024px\" \/><\/figure><\/a><\/div>\n\n\n\n<p><strong>Pregunta. H\u00e1blanos de Valents, una propuesta nueva en el panorama pol\u00edtico.<\/strong><\/p>\n\n\n\n<p><strong>Respuesta<span style=\"background-color:#d6e8fa\" class=\"td_text_highlight_marker\">.<\/span><\/strong> Como dice nuestro nombre, Valents es un partido de valientes que hemos venido a cambiar un poco esta pol\u00edtica que se est\u00e1 haciendo a nivel general en Catalunya y a nivel local. En nuestro partido hay personas de mucha experiencia, que vienen de otros partidos, que han visto c\u00f3mo funcionan las cosas y est\u00e1n hartos, estamos hartos. Nadie hace lo que promete, no est\u00e1n en la vida real. Nosotros somos un partido constitucionalista y queremos apoyar a las ciudades para que crezcan, no para que se pague dinero para cosas personales de cada ayuntamiento. Somos un partido de centro liberal, y es lo que venimos a hacer.<\/p>\n\n\n\n<p><strong>P. \u00bfQu\u00e9 es para ti Sant Adri\u00e0?&nbsp;&nbsp;&nbsp;&nbsp;&nbsp;&nbsp;&nbsp;&nbsp;<\/strong><\/p>\n\n\n\n<p><strong>R.<\/strong> Sant Adri\u00e0 para m\u00ed es un amor. Yo no estoy empadronada aqu\u00ed, pero he vivido varias temporadas aqu\u00ed, tengo bastantes amigos y me encanta. Sant Adri\u00e0 es la gran desconocida, todo el mundo piensa que es La Mina. No es La Mina solo, adem\u00e1s La Mina con mala prensa. Sant Adri\u00e0 es una ciudad llena de oportunidades, con una playa que lleva m\u00e1s de dos a\u00f1os cerrada, eso s\u00ed. Su gente es maravillosa, y a m\u00ed me ha enamorado. Est\u00e1 al lado de Barcelona, de una gran ciudad. Cuando vine aqu\u00ed y pude patear las calles me dije \u201cesto es maravilloso\u201d, no solo es La Mina, es La Catalana, es el Bes\u00f2s, es el Litoral. Lo que pasa es que est\u00e1 dejado, est\u00e1 descuidado.<\/p>\n\n\n\n<p><strong>P. \u00bfYa te gusta tal y como est\u00e1 o te gustar\u00eda cambiarla?<\/strong><\/p>\n\n\n\n<p><strong>R.<\/strong> No, no me gusta como est\u00e1, me apena. El presupuesto no s\u00e9 d\u00f3nde lo llevan, pero no es a la ciudad. He hablado con vecinos del barrio de Sant Joan Baptista y todos piensan igual. Las calles levantadas, un paseo que podr\u00eda ser precioso, que va al mar, podr\u00eda tener mucha vida, y est\u00e1 dejado, olvidado. La Mina, est\u00e1 la comunidad gitana, que lleva mucho tiempo aqu\u00ed, y no tenemos nada en contra, pero hay otra parte que es nueva, que est\u00e1 viniendo gente de todas partes, y es una zona que hay que reactivar. Solo est\u00e1 arreglada plaza de la Vila, como si el resto no existiera, como si el resto no pagara impuestos. Esto no es justo, y menos para los ciudadanos de Sant Adri\u00e0. &nbsp;&nbsp;&nbsp;&nbsp;&nbsp;&nbsp;&nbsp;<\/p>\n\n\n\n<p><strong>P. \u00bfC\u00f3mo puntuar\u00edas la seguridad de Sant Adri\u00e0?<\/strong><\/p>\n\n\n\n<p><strong>R.<\/strong> Mira, el otro d\u00eda estaba cenando en una terraza, y dado el estado de las aceras, un se\u00f1or se cay\u00f3. Estaba la polic\u00eda, vino en seguida, tambi\u00e9n la ambulancia. La seguridad, se puede mejorar, pero la polic\u00eda est\u00e1 haciendo su trabajo. Como todo, es mejorable. Pero a la seguridad tendr\u00edamos que darle una vuelta tambi\u00e9n.&nbsp;<\/p>\n\n\n\n<p><strong>P. Cuando has pateado la calle, \u00bfqu\u00e9 problemas te ha trasladado la ciudadan\u00eda?<\/strong><\/p>\n\n\n\n<p><strong>R.<\/strong> La gente est\u00e1 cansada de que no se hace nada, que todo est\u00e1 abandonado. Las fiestas populares no se promocionan. La ciudad ha perdido la vida. Nuestro partido, como te dec\u00eda al principio, hemos vivido otra pel\u00edcula, hemos visto que las cosas pueden ser mucho mejor. La gente ve que no hay vida, que el comercio est\u00e1 abandonado, no est\u00e1 promocionado. Es un sitio con mucha vida comercial pero no est\u00e1 promocionado y no hay ayudas. La v\u00eda p\u00fablica es penosa.<\/p>\n\n\n\n<p>Si hablamos de la sanidad, tenemos dos CAP y uno de ellos se est\u00e1 quedando peque\u00f1o.<\/p>\n\n\n\n<blockquote class=\"wp-block-quote is-layout-flow wp-block-quote-is-layout-flow\">\n<p>\u201cEl ayuntamiento tiene que dar un empuj\u00f3n al emprendedor y al comercio local\u201d<\/p>\n<\/blockquote>\n\n\n\n<p><strong>P. \u00bfEl del centro?<\/strong><\/p>\n\n\n\n<p><strong>R.<\/strong> S\u00ed, el de Doctor Barraquer.<\/p>\n\n\n\n<p>Y lo que vemos es que como est\u00e1n defraudados, no les interesa hablar mucho. Pero claro, perm\u00edtame que diga que se equivocan porque necesitamos su voz. Tambi\u00e9n la gente joven est\u00e1 descontenta. Quieren ver un poco de vida. &nbsp;<\/p>\n\n\n\n<p><strong>P. \u00bfPor qu\u00e9 crees que cuesta tanto hacer ese cambio del PSC en la alcald\u00eda despu\u00e9s de 40 a\u00f1os?<\/strong><\/p>\n\n\n\n<p><strong>R.<\/strong> Ser\u00eda muy f\u00e1cil si todo el mundo votara Valents. No lo s\u00e9, supongo que parece que socialismo es todo para todos, pero se est\u00e1 viendo que no, al final los que m\u00e1s tienen son los de arriba y los dem\u00e1s seguimos trabajando. El socialismo no reactiva la econom\u00eda, no le interesa. Es un falso concepto. Pienso que la pol\u00edtica es una herramienta que est\u00e1 al servicio del ciudadano, no va de ideolog\u00edas. Yo tengo una ideolog\u00eda, pero si ese se\u00f1or no tiene una pensi\u00f3n digna, hay que ayudarle. Yo puedo tener una ideolog\u00eda, pero si una persona va por la calle y se tropieza porque la v\u00eda est\u00e1 destrozada, eso hay que arreglarlo.<\/p>\n\n\n\n<p>Est\u00e1n los de siempre, y puede que la ciudadan\u00eda est\u00e9 cansada y no votan. Y si no votas, va a los socialistas de siempre. Creo que es falta de cultura pol\u00edtica, y me gustar\u00eda que la gente tuviera mucha m\u00e1s cultura pol\u00edtica para saber qu\u00e9 es lo que m\u00e1s le conviene. &nbsp;&nbsp;&nbsp;&nbsp;&nbsp;&nbsp;&nbsp;&nbsp;&nbsp;&nbsp;&nbsp;&nbsp;&nbsp;&nbsp;<\/p>\n\n\n\n<p><strong>P. Antes has comentado que la ciudad tiene mucho potencial. \u00bfQu\u00e9 es lo m\u00e1s destacado de ese potencial? \u00bfHacia d\u00f3nde tiene que ir la ciudad en el futuro?<\/strong><\/p>\n\n\n\n<p><strong>R.<\/strong> La ciudad en el futuro tiene que ir hacia el sector tur\u00edstico y al comercio local. Tur\u00edstico porque tenemos una playa, tenemos parte del F\u00f2rum, y esto hay que potenciarlo m\u00e1s, pero bien. Pero potenciarlo no con un concierto de vez en cuando, sino de otras maneras. Haciendo actividades, exposiciones, promocionando el deporte. Y en cuanto al comercio local, hay que ayudar al comercio de proximidad. El otro d\u00eda estaba en la zona nueva de La Mina, y no hay mucho comercio. El inversor no viene, o le cuesta mucho venir. Hay que promocionar esto. Para hacerlo, hay que promocionar una ciudad limpia, segura, arreglada.<\/p>\n\n\n\n<p><strong>P. \u00bfC\u00f3mo se podr\u00eda mejorar el espacio p\u00fablico?<\/strong><\/p>\n\n\n\n<p><strong>R.<\/strong> S\u00ed quieres te puedo decir cu\u00e1les son nuestras cuatro propuestas generales. En cuanto a la sanidad, nosotros proponemos el cierre de la narcosala, que est\u00e1 a escasos 30 metros de un colegio. Est\u00e1 en La Mina, que parece que sea el basurero de todo. No, La Mina es un barrio que puede mejorarse como cualquier otro.<\/p>\n\n\n\n<p>En cuanto a la sanidad, que te comentaba antes, tenemos dos CAPs y uno se est\u00e1 quedando peque\u00f1o, el de Doctor Barraquer, y en el otro faltan m\u00e9dicos de familia. Esto lo exigiremos a la Generalitat.<\/p>\n\n\n\n<p>En el terreno del trabajo, hay que ayudar a los aut\u00f3nomos. Nuestra propuesta estrella es una apertura de negocio con una declaraci\u00f3n responsable simplemente, y que puedas facturar desde el minuto uno. Despu\u00e9s ya habr\u00eda una inspecci\u00f3n para mirar las deficiencias del local, y despu\u00e9s se entregar\u00eda la licencia. \u00a0<\/p>\n\n\n\n<p><\/p>\n\n\n\n<figure class=\"wp-block-embed is-type-video is-provider-youtube wp-block-embed-youtube wp-embed-aspect-16-9 wp-has-aspect-ratio\"><div class=\"wp-block-embed__wrapper\">\n<iframe loading=\"lazy\" title=\"Entrevista Mar\u00eda Ruiz. Valents\" width=\"696\" height=\"392\" src=\"https:\/\/www.youtube.com\/embed\/Cjv_HWWy6mY?feature=oembed\" frameborder=\"0\" allow=\"accelerometer; autoplay; clipboard-write; encrypted-media; gyroscope; picture-in-picture; web-share\" allowfullscreen><\/iframe>\n<\/div><\/figure>\n\n\n\n<p><\/p>\n\n\n\n<p><strong>P. Para impulsar\u2026<\/strong><\/p>\n\n\n\n<p><strong>R.<\/strong> S\u00ed, claro, es lo que dec\u00edamos. Espa\u00f1a es muy creativa, muy emprendedora y no sabemos por qu\u00e9 al aut\u00f3nomo se le tiene olvidado, y el aut\u00f3nomo es el que puede generar empleo. Se est\u00e1n exigiendo unas cuotas abusivas, que cuando empiezas a ganar dinero est\u00e1s endeudado o no llegas.<\/p>\n\n\n\n<p>Y tambi\u00e9n es b\u00e1sico promocionar el comercio local, de proximidad, de buena alimentaci\u00f3n, que esto ayuda a mejorar todo, la salud, la econom\u00eda. El ayuntamiento tiene que dar un empuj\u00f3n al emprendedor. Un influencer, un youtuber, es un emprendedor, y hay que ayudarlo.<\/p>\n\n\n\n<p>En cuanto a equipamientos y espacios p\u00fablicos, tenemos una propuesta que es instalar pantallas ac\u00fasticas con plantas en la Ronda para reducir el CO2. Es totalmente viable y hay empresas alemanas que lo hacen a muy buen precio. Y da un aspecto que no tiene nada que ver a la ciudad. Esto se tiene que hacer ya. &nbsp;<\/p>\n\n\n\n<p><strong>P. \u00bfEn la Ronda o la C-31?<\/strong><\/p>\n\n\n\n<p><strong>R.<\/strong> En principio en la Ronda. Y tambi\u00e9n se tienen que arreglar todos los baches. Es muy sencillo, podemos hacer una auditor\u00eda para ver cu\u00e1ntos baches hay, cu\u00e1ntas calles levantadas, ver cu\u00e1nto cuesta y hacerlo. Y hay dinero, he visto los presupuestos y hay dinero.<\/p>\n\n\n\n<p>Los \u00e1rboles tambi\u00e9n. A\u00fan est\u00e1n los \u00e1rboles que nos crean alergia. \u00bfEn 40 a\u00f1os no se les ha ocurrida cambiar? En Barcelona ya se est\u00e1 haciendo desde hace tiempo. Esto es un problema de salud. Hay que pensar un poco, no solo en lo que hay sino tambi\u00e9n en las consecuencias de los que est\u00e1 mal.<\/p>\n\n\n\n<p>Tambi\u00e9n es necesario ya un plan de descontaminaci\u00f3n de la playa norte, no s\u00e9 qu\u00e9 bandazos est\u00e1n dando, que si Tersa, que si la Generalitat, el concejal\u2026 Hay que hacer algo, llevan as\u00ed mucho tiempo.<\/p>\n\n\n\n<p>Hay que hacer una ciudad atractiva, tanto para el que vive como para el que viene.<\/p>\n\n\n\n<blockquote class=\"wp-block-quote is-layout-flow wp-block-quote-is-layout-flow\">\n<p>\u201cLa ciudadan\u00eda est\u00e1 cansada, pero necesitamos su voz\u201d<\/p>\n<\/blockquote>\n\n\n\n<p><strong>P. \u00bfNo tiene una imagen muy positiva la ciudad fuera de sus fronteras?<\/strong><\/p>\n\n\n\n<p><strong>R.<\/strong> No, me sabe mal, pero no. El adrianense de toda la vida est\u00e1 acostumbrado, pero est\u00e1 viendo que no se est\u00e1 haciendo nada. \u00bfLa imagen al exterior? Si preguntas qu\u00e9 es Sant Adri\u00e0 te dicen que es La Mina. Son las tres torres. Hay que cambiar eso, adecentarlo, y promocionar las cosas que tiene. Pensar con un poco de proyecci\u00f3n y con una mentalidad ganadora. No hay que quedarse en la mediocridad.<\/p>\n\n\n\n<p><strong>P. \u00bfSe ha ido muy de victimista en la ciudad respecto a las dos grandes urbes que tenemos al lado?<\/strong><\/p>\n\n\n\n<p><strong>R.<\/strong> S\u00ed, pero es que el ayuntamiento no ha hecho nada. Ahora est\u00e1n los tres o cuatro amiguitos socialistas. Esto no es un juego de ni\u00f1os, esto es una responsabilidad muy grande, es dirigir una ciudad. A parte de tus ideales. Mira lo que est\u00e1 mal y soluci\u00f3nalo. Valents lo que quiere es dar soluciones reales a problemas reales.<\/p>\n\n\n\n<p><strong>P. \u00bfSi el 28 de mayo se dieran los resultados estar\u00edais dispuestos a hablar con otras fuerzas para conseguir el cambio en la alcald\u00eda?<\/strong><\/p>\n\n\n\n<p><strong>R.<\/strong> Esto se ver\u00eda a partir del 29. Nosotros tenemos unas bases claras, infranqueables, una l\u00ednea roja. Todo lo que sea mejorar la ciudad y atender al ciudadano es nuestro objetivo. Si alguien comparte este objetivo y vamos a por ello, \u00bfpor qu\u00e9 no? Pero ha de ser as\u00ed, no solo teor\u00eda. He visto el lema de la se\u00f1ora Ca\u00f1ete, \u201cYa es hora\u201d. \u00bfYa es hora? Llev\u00e1is 40 a\u00f1os, perdona, creo que ven\u00eds un poco tarde. Venimos de alcaldes corruptos, el se\u00f1or Callau, y el anterior. No queremos que Sant Adri\u00e0 sea una ciudad dormitorio, ha de ser una ciudad como lo que es, como lo que tiene. \u00bfQue est\u00e1 entre dos grandes urbes? Mejor, es todo beneficio, pero no sabemos por qu\u00e9 est\u00e1 mejorada, est\u00e1 promocionada. Bueno, s\u00ed lo sabemos, supongo que se deben llenar los bolsillos, porque gesti\u00f3n\u2026<\/p>\n\n\n\n<p class=\"has-text-align-center\"><strong>Programa electoral de Valents<\/strong><\/p>\n\n\n\n<div class=\"wp-block-columns is-layout-flex wp-container-core-columns-is-layout-9d6595d7 wp-block-columns-is-layout-flex\">\n<div class=\"wp-block-column is-layout-flow wp-block-column-is-layout-flow\" style=\"flex-basis:33.33%\">\n<figure class=\"wp-block-image size-full\"><img loading=\"lazy\" decoding=\"async\" width=\"827\" height=\"243\" src=\"https:\/\/www.areabesos.com\/diario\/wp-content\/uploads\/2023\/05\/Logo-Valents.jpg\" alt=\"\" class=\"wp-image-6329\" srcset=\"https:\/\/www.areabesos.com\/diario\/wp-content\/uploads\/2023\/05\/Logo-Valents.jpg 827w, https:\/\/www.areabesos.com\/diario\/wp-content\/uploads\/2023\/05\/Logo-Valents-300x88.jpg 300w, https:\/\/www.areabesos.com\/diario\/wp-content\/uploads\/2023\/05\/Logo-Valents-768x226.jpg 768w, https:\/\/www.areabesos.com\/diario\/wp-content\/uploads\/2023\/05\/Logo-Valents-150x44.jpg 150w, https:\/\/www.areabesos.com\/diario\/wp-content\/uploads\/2023\/05\/Logo-Valents-696x205.jpg 696w\" sizes=\"auto, (max-width: 827px) 100vw, 827px\" \/><\/figure>\n<\/div>\n\n\n\n<div class=\"wp-block-column is-layout-flow wp-block-column-is-layout-flow\" style=\"flex-basis:66.66%\"><a href=\"https:\/\/www.areabesos.com\/diario\/wp-content\/uploads\/2023\/05\/Programa-electoral-Valents.pdf\" class=\"pdfemb-viewer\" style=\"\" data-width=\"max\" data-height=\"max\" data-toolbar=\"both\" data-toolbar-fixed=\"on\">Programa-electoral-Valents<\/a>\n<p class=\"wp-block-pdfemb-pdf-embedder-viewer\"><\/p>\n<\/div>\n<\/div>\n","protected":false},"excerpt":{"rendered":"<p>Pregunta. H\u00e1blanos de Valents, una propuesta nueva en el panorama pol\u00edtico. Respuesta. Como dice nuestro nombre, Valents es un partido de valientes que hemos venido a cambiar un poco esta pol\u00edtica que se est\u00e1 haciendo a nivel general en Catalunya y a nivel local. En nuestro partido hay personas de mucha experiencia, que vienen de [&hellip;]<\/p>\n","protected":false},"author":1,"featured_media":6397,"comment_status":"closed","ping_status":"open","sticky":false,"template":"","format":"video","meta":{"footnotes":""},"categories":[134,138],"tags":[],"class_list":{"0":"post-6308","1":"post","2":"type-post","3":"status-publish","4":"format-video","5":"has-post-thumbnail","7":"category-actualitat","8":"category-entrevistes","9":"post_format-post-format-video"},"_links":{"self":[{"href":"https:\/\/www.areabesos.com\/diario\/wp-json\/wp\/v2\/posts\/6308","targetHints":{"allow":["GET"]}}],"collection":[{"href":"https:\/\/www.areabesos.com\/diario\/wp-json\/wp\/v2\/posts"}],"about":[{"href":"https:\/\/www.areabesos.com\/diario\/wp-json\/wp\/v2\/types\/post"}],"author":[{"embeddable":true,"href":"https:\/\/www.areabesos.com\/diario\/wp-json\/wp\/v2\/users\/1"}],"replies":[{"embeddable":true,"href":"https:\/\/www.areabesos.com\/diario\/wp-json\/wp\/v2\/comments?post=6308"}],"version-history":[{"count":5,"href":"https:\/\/www.areabesos.com\/diario\/wp-json\/wp\/v2\/posts\/6308\/revisions"}],"predecessor-version":[{"id":6399,"href":"https:\/\/www.areabesos.com\/diario\/wp-json\/wp\/v2\/posts\/6308\/revisions\/6399"}],"wp:featuredmedia":[{"embeddable":true,"href":"https:\/\/www.areabesos.com\/diario\/wp-json\/wp\/v2\/media\/6397"}],"wp:attachment":[{"href":"https:\/\/www.areabesos.com\/diario\/wp-json\/wp\/v2\/media?parent=6308"}],"wp:term":[{"taxonomy":"category","embeddable":true,"href":"https:\/\/www.areabesos.com\/diario\/wp-json\/wp\/v2\/categories?post=6308"},{"taxonomy":"post_tag","embeddable":true,"href":"https:\/\/www.areabesos.com\/diario\/wp-json\/wp\/v2\/tags?post=6308"}],"curies":[{"name":"wp","href":"https:\/\/api.w.org\/{rel}","templated":true}]}}