{"id":6282,"date":"2023-05-15T13:30:15","date_gmt":"2023-05-15T11:30:15","guid":{"rendered":"https:\/\/www.areabesos.com\/diario\/?p=6282"},"modified":"2023-05-15T13:30:48","modified_gmt":"2023-05-15T11:30:48","slug":"mes-de-1-000-inscrits-a-la-cursa-por-la-ela","status":"publish","type":"post","link":"https:\/\/www.areabesos.com\/diario\/mes-de-1-000-inscrits-a-la-cursa-por-la-ela\/","title":{"rendered":"M\u00e1s de 1.000 inscritos en la Cursa por la ELA"},"content":{"rendered":"\n<p>Ayer se disput\u00f3 en las calles de Sant Adri\u00e0 la sexta edici\u00f3n de la Cursa por la ELA, una prueba solidaria para recaudar fondos para la investigaci\u00f3n y la mejora de la vida de los afectador por esta terrible enfermedad. La carrera est\u00e1 organizada por el Ayuntamiento y La Sansi, en colaboraci\u00f3n con la Diputaci\u00f3n de Barcelona. <\/p>\n\n\n\n<p>1.005 inscritos finalmente se han dado cita en Sant Adri\u00e0 para participar de las diferentes pruebas de la ma\u00f1ana, entre la carrera de los 5 km, la caminata, y por 2\u00aa edici\u00f3n la novedad de las carreras infantiles, todas las distancias han hecho r\u00e9cord de inscritos en esta 6\u00aa edici\u00f3n. En los proleg\u00f3menos, la alcaldesa, Filo Ca\u00f1ete, conjuntamente con regidores, ha dado un discurso sobre la importancia de dar difusi\u00f3n y luchar contra esta terrible enfermedad.<\/p>\n\n\n\n<figure class=\"wp-block-gallery has-nested-images columns-default is-cropped wp-block-gallery-1 is-layout-flex wp-block-gallery-is-layout-flex\">\n<div><a href=\"https:\/\/www.areabesos.com\/diario\/wp-content\/uploads\/2023\/05\/guanyadora-5-km-1024x683.jpg\" class=\"td-modal-image\"><figure class=\"wp-block-image size-large\"><img loading=\"lazy\" decoding=\"async\" width=\"1024\" height=\"683\" data-id=\"6283\" src=\"https:\/\/www.areabesos.com\/diario\/wp-content\/uploads\/2023\/05\/guanyadora-5-km-1024x683.jpg\" alt=\"\" class=\"wp-image-6283\" srcset=\"https:\/\/www.areabesos.com\/diario\/wp-content\/uploads\/2023\/05\/guanyadora-5-km-1024x683.jpg 1024w, https:\/\/www.areabesos.com\/diario\/wp-content\/uploads\/2023\/05\/guanyadora-5-km-300x200.jpg 300w, https:\/\/www.areabesos.com\/diario\/wp-content\/uploads\/2023\/05\/guanyadora-5-km-768x512.jpg 768w, https:\/\/www.areabesos.com\/diario\/wp-content\/uploads\/2023\/05\/guanyadora-5-km-150x100.jpg 150w, https:\/\/www.areabesos.com\/diario\/wp-content\/uploads\/2023\/05\/guanyadora-5-km-696x464.jpg 696w, https:\/\/www.areabesos.com\/diario\/wp-content\/uploads\/2023\/05\/guanyadora-5-km-1068x712.jpg 1068w, https:\/\/www.areabesos.com\/diario\/wp-content\/uploads\/2023\/05\/guanyadora-5-km.jpg 1200w\" sizes=\"auto, (max-width: 1024px) 100vw, 1024px\" \/><\/figure><\/a><\/div>\n\n\n\n<div><a href=\"https:\/\/www.areabesos.com\/diario\/wp-content\/uploads\/2023\/05\/guanyador-dels-5-km-1024x683.jpg\" class=\"td-modal-image\"><figure class=\"wp-block-image size-large\"><img loading=\"lazy\" decoding=\"async\" width=\"1024\" height=\"683\" data-id=\"6284\" src=\"https:\/\/www.areabesos.com\/diario\/wp-content\/uploads\/2023\/05\/guanyador-dels-5-km-1024x683.jpg\" alt=\"\" class=\"wp-image-6284\" srcset=\"https:\/\/www.areabesos.com\/diario\/wp-content\/uploads\/2023\/05\/guanyador-dels-5-km-1024x683.jpg 1024w, https:\/\/www.areabesos.com\/diario\/wp-content\/uploads\/2023\/05\/guanyador-dels-5-km-300x200.jpg 300w, https:\/\/www.areabesos.com\/diario\/wp-content\/uploads\/2023\/05\/guanyador-dels-5-km-768x512.jpg 768w, https:\/\/www.areabesos.com\/diario\/wp-content\/uploads\/2023\/05\/guanyador-dels-5-km-150x100.jpg 150w, https:\/\/www.areabesos.com\/diario\/wp-content\/uploads\/2023\/05\/guanyador-dels-5-km-696x464.jpg 696w, https:\/\/www.areabesos.com\/diario\/wp-content\/uploads\/2023\/05\/guanyador-dels-5-km-1068x712.jpg 1068w, https:\/\/www.areabesos.com\/diario\/wp-content\/uploads\/2023\/05\/guanyador-dels-5-km.jpg 1200w\" sizes=\"auto, (max-width: 1024px) 100vw, 1024px\" \/><\/figure><\/a><\/div>\n<\/figure>\n\n\n\n<p>En los 5 km el ganador ha sido el atleta Marc Bartol\u00ed con 16&#8217;04 que entra en el palmar\u00e9s con ilustres ganadores como Janis Viskers de Letonia, el et\u00edope Safidi, o el marroqu\u00ed Radoune Nour.<\/p>\n\n\n\n<p>En categor\u00eda femenina la ganadora de 5 km ha sido Montse Carazo con 18&#8217;53 que sucede en el palmar\u00e9s a la valenciana Roser Ma\u00f1osa, a la italiana Giulia Rigodanza, la Inglesa Katherine Chaplin, Sonia Gallego y el Inna Lebedeva (Ucrania) ganadoras de las anteriores ediciones.<\/p>\n\n\n\n<p>Parte de la recaudaci\u00f3n final ir\u00e1 destinada a Fundaci\u00f3 Miquel Valls y RedELA.<\/p>\n","protected":false},"excerpt":{"rendered":"<p>Ayer se disput\u00f3 en las calles de Sant Adri\u00e0 la sexta edici\u00f3n de la Cursa por la ELA, una prueba solidaria para recaudar fondos para la investigaci\u00f3n y la mejora de la vida de los afectador por esta terrible enfermedad. La carrera est\u00e1 organizada por el Ayuntamiento y La Sansi, en colaboraci\u00f3n con la Diputaci\u00f3n [&hellip;]<\/p>\n","protected":false},"author":2,"featured_media":6285,"comment_status":"closed","ping_status":"open","sticky":false,"template":"","format":"standard","meta":{"footnotes":""},"categories":[134,137],"tags":[],"class_list":{"0":"post-6282","1":"post","2":"type-post","3":"status-publish","4":"format-standard","5":"has-post-thumbnail","7":"category-actualitat","8":"category-esports"},"_links":{"self":[{"href":"https:\/\/www.areabesos.com\/diario\/wp-json\/wp\/v2\/posts\/6282","targetHints":{"allow":["GET"]}}],"collection":[{"href":"https:\/\/www.areabesos.com\/diario\/wp-json\/wp\/v2\/posts"}],"about":[{"href":"https:\/\/www.areabesos.com\/diario\/wp-json\/wp\/v2\/types\/post"}],"author":[{"embeddable":true,"href":"https:\/\/www.areabesos.com\/diario\/wp-json\/wp\/v2\/users\/2"}],"replies":[{"embeddable":true,"href":"https:\/\/www.areabesos.com\/diario\/wp-json\/wp\/v2\/comments?post=6282"}],"version-history":[{"count":2,"href":"https:\/\/www.areabesos.com\/diario\/wp-json\/wp\/v2\/posts\/6282\/revisions"}],"predecessor-version":[{"id":6287,"href":"https:\/\/www.areabesos.com\/diario\/wp-json\/wp\/v2\/posts\/6282\/revisions\/6287"}],"wp:featuredmedia":[{"embeddable":true,"href":"https:\/\/www.areabesos.com\/diario\/wp-json\/wp\/v2\/media\/6285"}],"wp:attachment":[{"href":"https:\/\/www.areabesos.com\/diario\/wp-json\/wp\/v2\/media?parent=6282"}],"wp:term":[{"taxonomy":"category","embeddable":true,"href":"https:\/\/www.areabesos.com\/diario\/wp-json\/wp\/v2\/categories?post=6282"},{"taxonomy":"post_tag","embeddable":true,"href":"https:\/\/www.areabesos.com\/diario\/wp-json\/wp\/v2\/tags?post=6282"}],"curies":[{"name":"wp","href":"https:\/\/api.w.org\/{rel}","templated":true}]}}