{"id":6213,"date":"2023-04-24T10:55:21","date_gmt":"2023-04-24T08:55:21","guid":{"rendered":"https:\/\/www.areabesos.com\/diario\/?p=6213"},"modified":"2023-04-24T10:55:22","modified_gmt":"2023-04-24T08:55:22","slug":"linstitut-la-pineda-de-badalona-ha-sigut-seleccionat-per-lagencia-espacial-europea-per-realitzar-el-llancament-dun-minisatel%c2%b7lit","status":"publish","type":"post","link":"https:\/\/www.areabesos.com\/diario\/linstitut-la-pineda-de-badalona-ha-sigut-seleccionat-per-lagencia-espacial-europea-per-realitzar-el-llancament-dun-minisatel%c2%b7lit\/","title":{"rendered":"L\u2019Institut La Pineda de Badalona ha sigut seleccionat per l\u2019Ag\u00e8ncia Espacial Europea per realitzar el llan\u00e7ament d\u2019un minisat\u00e8l\u00b7lit"},"content":{"rendered":"\n<p>El proper dissabte 29 d\u2019abril de 2023 l\u2019alumnat del cicle mitj\u00e0 de telecomunicacions llan\u00e7aran el seu sat\u00e8l\u00b7lit a Lleida, juntament els altres 17 centres seleccionats de Catalunya.<\/p>\n\n\n\n<p>Es tracta d\u2019un repte proposat per l&#8217;Ag\u00e8ncia Espacial Europea que desafia els estudiants de tota Europa a construir i llan\u00e7ar un mini sat\u00e8l\u00b7lit de la mida d\u2019una llauna de refresc. El CanSat, doncs aix\u00ed s\u2019anomena la simulaci\u00f3 de sat\u00e8l\u00b7lit real, s\u2019introdueix en un coet i es llen\u00e7a des d\u2019una altitud d\u2019un quil\u00f2metre.<\/p>\n\n\n\n<p>Des d\u2019aquell moment, cal que mesuri algunes magnituds com pressi\u00f3, temperatura i llum ultraviolada, cal que envii les dades via radio, que sigui aut\u00f2nom energ\u00e8ticament i tingui una caiguda controlada amb un paracaigudes.<\/p>\n\n\n\n<p>L\u2019alumnat del cicle formatiu de grau mig d\u2019Instal\u00b7lacions de Telecomunicacions ha dissenyat la carcassa del dispositiu mitjan\u00e7ant una impressora 3D, ha programat la totalitat de sensors i actuadors que formen el cansat, ha soldat els components i muntat el minisat\u00e8l\u00b7lit i ha dissenyat el paracaigudes que utilitzaran, aix\u00ed com realitzat totes les proves pertinents per tenir \u00e8xit en la missi\u00f3.<\/p>\n\n\n\n<p>El creixement de demanda de professionals relacionats amb el Internet de les Coses (IoT) ha motivat que l\u2019institut La Pineda reorienti els seus cicles formatius de Telecomunicacions i Electr\u00f2nica cap a aquest sector. En els darrers cursos, l\u2019alumnat del cicle formatiu de grau superior havia participat en diferents projectes i aquest any, \u00e9s l\u2019alumnat del grau mig (16-18 anys) el que s\u2019ha sumat a participant en el projecte CanSat.<\/p>\n\n\n\n<p>El curs 2023-24 s\u2019iniciar\u00e0 al centre un nou curs d\u2019especialitzaci\u00f3 destinat a titulats de grau mitj\u00e0 i professionals del sector que es vulguin reciclar o introduir en el camp de l\u2019IoT, Instal\u00b7lacions i manteniment de dispositius connectats a internet (IoT).<\/p>\n\n\n\n<p>Segons <strong>Marina Blanco<\/strong>, responsable del m\u00f2dul on es realitza el projecte: \u201cAprendre els continguts del curs amb projectes tan engrescadors \u00e9s un \u00e8xit. Els alumnes estan motivats i tenen moltes ganes de realitzar el llan\u00e7ament del seu CanSat\u201d.<\/p>\n\n\n\n<p>Segons <strong>Jordi Moreno<\/strong>, cap de departament d\u2019electr\u00f2nica de l\u2019Institut i responsable dels cicles de telecomunicacions: \u201c\u00c9s important formar alumnes en el camp d\u2019IoT, doncs es preveu una pujada important en la demanda d\u2019aquest perfil professional i cal estar preparat en aquestes noves tecnologies\u201d.<\/p>\n","protected":false},"excerpt":{"rendered":"<p>El proper dissabte 29 d\u2019abril de 2023 l\u2019alumnat del cicle mitj\u00e0 de telecomunicacions llan\u00e7aran el seu sat\u00e8l\u00b7lit a Lleida, juntament els altres 17 centres seleccionats de Catalunya. Es tracta d\u2019un repte proposat per l&#8217;Ag\u00e8ncia Espacial Europea que desafia els estudiants de tota Europa a construir i llan\u00e7ar un mini sat\u00e8l\u00b7lit de la mida d\u2019una llauna [&hellip;]<\/p>\n","protected":false},"author":2,"featured_media":6214,"comment_status":"closed","ping_status":"open","sticky":false,"template":"","format":"standard","meta":{"footnotes":""},"categories":[134,142],"tags":[],"class_list":{"0":"post-6213","1":"post","2":"type-post","3":"status-publish","4":"format-standard","5":"has-post-thumbnail","7":"category-actualitat","8":"category-comarca"},"_links":{"self":[{"href":"https:\/\/www.areabesos.com\/diario\/wp-json\/wp\/v2\/posts\/6213","targetHints":{"allow":["GET"]}}],"collection":[{"href":"https:\/\/www.areabesos.com\/diario\/wp-json\/wp\/v2\/posts"}],"about":[{"href":"https:\/\/www.areabesos.com\/diario\/wp-json\/wp\/v2\/types\/post"}],"author":[{"embeddable":true,"href":"https:\/\/www.areabesos.com\/diario\/wp-json\/wp\/v2\/users\/2"}],"replies":[{"embeddable":true,"href":"https:\/\/www.areabesos.com\/diario\/wp-json\/wp\/v2\/comments?post=6213"}],"version-history":[{"count":1,"href":"https:\/\/www.areabesos.com\/diario\/wp-json\/wp\/v2\/posts\/6213\/revisions"}],"predecessor-version":[{"id":6215,"href":"https:\/\/www.areabesos.com\/diario\/wp-json\/wp\/v2\/posts\/6213\/revisions\/6215"}],"wp:featuredmedia":[{"embeddable":true,"href":"https:\/\/www.areabesos.com\/diario\/wp-json\/wp\/v2\/media\/6214"}],"wp:attachment":[{"href":"https:\/\/www.areabesos.com\/diario\/wp-json\/wp\/v2\/media?parent=6213"}],"wp:term":[{"taxonomy":"category","embeddable":true,"href":"https:\/\/www.areabesos.com\/diario\/wp-json\/wp\/v2\/categories?post=6213"},{"taxonomy":"post_tag","embeddable":true,"href":"https:\/\/www.areabesos.com\/diario\/wp-json\/wp\/v2\/tags?post=6213"}],"curies":[{"name":"wp","href":"https:\/\/api.w.org\/{rel}","templated":true}]}}