{"id":6211,"date":"2023-04-24T10:50:21","date_gmt":"2023-04-24T08:50:21","guid":{"rendered":"https:\/\/www.areabesos.com\/diario\/?p=6211"},"modified":"2023-04-24T10:50:22","modified_gmt":"2023-04-24T08:50:22","slug":"abrazos-en-la-calle","status":"publish","type":"post","link":"https:\/\/www.areabesos.com\/diario\/abrazos-en-la-calle\/","title":{"rendered":"Abrazos en la calle"},"content":{"rendered":"\n<p>La cohesi\u00f3n se genera tras la buena acogida de proyectos compartidos; a pesar de todo, algunos retos en nuestras sociedades siguen manteni\u00e9ndose en las lindes de la segregaci\u00f3n, en la escasa movilizaci\u00f3n, tal vez por los intentos -m\u00e1s que visibles- de normalizar la desigualdad, y ahora con el drama de la sequ\u00eda.<\/p>\n\n\n\n<p>En el debate p\u00fablico\/privado la balanza continua muy polarizada, porque lo primero sigue siendo primar el negocio; la juventud sufre un d\u00e9ficit de representaci\u00f3n pol\u00edtica m\u00e1s motivada por las nuevas identidades y muy manipulada por las redes de comunicaci\u00f3n y otras viejas y nuevas modas; poco se est\u00e1n teniendo en cuenta las nuevas pobrezas y a pesar del laborioso trabajo voluntario, \u00e9ste sigue sin voz.<\/p>\n\n\n\n<p>Existe un tipo de comunidades que beneficia la tarea de estrechar v\u00ednculos personales entre los individuos; inscritas en el \u00e1mbito p\u00fablico, son las que nos han ayudado a prosperar dando forma a las interacciones, potenciando el llamado capital social a partir de la creaci\u00f3n de servicios y redes gubernativas. Las entidades locales han trabajado para favorecer la defensa de los derechos civiles reclamando a las administraciones e incentivando intercambios para el disfrute com\u00fan entre distintos rangos y&nbsp; estamentos, provocando intercambios y la mejora de las vidas y los entornos.<\/p>\n\n\n\n<p>Hay puntos de reuni\u00f3n como los bares, las barber\u00edas o las peluquer\u00edas, o alg\u00fan que otro negocio de tinte comunal, que no llegan a ser enlaces para el conjunto m\u00e1s all\u00e1 de satisfacer necesidades puntuales. Otros, con fines de lucro, son lugares acomodados que se establecen alrededor de hoteles, restaurantes, clubs y grandes superficies que no dejan de ser sistemas que expresan ideas dominantes.<\/p>\n\n\n\n<p>Una comunidad resiliente, aquella que abre sus brazos con afecto, es la que dispone de una idea para desarrollar nexos, planta cara a las amenazas que nos invaden y que invitan a soportar el dolor de la desconexi\u00f3n en soledad, la que nos induce a refugiarnos en casa (cuando el aislamiento es la consecuencia m\u00e1s peligrosa, porque la pandemia se super\u00f3 mejor en corro). Ahora tocar\u00eda pensar en la salud mental, la droga o las violencias &#8211; grandes desiertos &#8211; gastando el dinero de otras formas, ofreciendo nuevas oportunidades.<\/p>\n\n\n\n<p><em>En su libro Palacios del pueblo, <\/em>el soci\u00f3logo Eric Klinenberg, explica c\u00f3mo mucho de nuestras vidas est\u00e1 determinado por las actividades que realizamos en los espacios p\u00fablicos: en centros educativos, sociales y culturales que no limitan su entrada a nadie; sitios de encuentro que dignifican la convivencia para practicar lo accesible. Las zonas comunes ayudan a superar las divisiones individuales, all\u00ed se puede conservar un sentido de identidad plural entre personas que tienen diferentes opiniones. En una ciudad, el barrio es un pueblo peque\u00f1o con parques y plazas, mercadillos al aire libre, con zonas de juego, escuelas, bibliotecas, que cost\u00f3 mucho conseguir a nuestros padres y madres. Existen hoy infraestructuras que tienden puentes entre las diferencias. Relacionarse sin estar de acuerdo significa aprender a socializarse, revertir la competitividad en formas de cooperaci\u00f3n para producir conocimiento y trabajar hacia metas m\u00e1s grandes. Esta es la cuesti\u00f3n.<\/p>\n\n\n\n<p>Aunque a veces rudos, se mueven los abrazos. En el Congreso espa\u00f1ol de Asociacionismo vecinal celebrado en Badalona, su nuevo presidente pidi\u00f3 a las delegaciones que no olvidasen sus ra\u00edces: la calle. Viene a la memoria aquella canci\u00f3n inspirada en un juego infantil, compuesta por el gran Pablo Guerrero, \u201cA tapar la calle\u201d (versionada, por Labordeta), para que los malos no pasen, pero s\u00ed los que piensan en los dem\u00e1s.<\/p>\n\n\n\n<p><span style=\"background-color:#060000\" class=\"td_text_highlight_marker\">Francesc Reina<\/span><\/p>\n\n\n\n<p><\/p>\n","protected":false},"excerpt":{"rendered":"<p>La cohesi\u00f3n se genera tras la buena acogida de proyectos compartidos; a pesar de todo, algunos retos en nuestras sociedades siguen manteni\u00e9ndose en las lindes de la segregaci\u00f3n, en la escasa movilizaci\u00f3n, tal vez por los intentos -m\u00e1s que visibles- de normalizar la desigualdad, y ahora con el drama de la sequ\u00eda. En el debate [&hellip;]<\/p>\n","protected":false},"author":2,"featured_media":4540,"comment_status":"closed","ping_status":"open","sticky":false,"template":"","format":"standard","meta":{"footnotes":""},"categories":[139],"tags":[],"class_list":{"0":"post-6211","1":"post","2":"type-post","3":"status-publish","4":"format-standard","5":"has-post-thumbnail","7":"category-opinio"},"_links":{"self":[{"href":"https:\/\/www.areabesos.com\/diario\/wp-json\/wp\/v2\/posts\/6211","targetHints":{"allow":["GET"]}}],"collection":[{"href":"https:\/\/www.areabesos.com\/diario\/wp-json\/wp\/v2\/posts"}],"about":[{"href":"https:\/\/www.areabesos.com\/diario\/wp-json\/wp\/v2\/types\/post"}],"author":[{"embeddable":true,"href":"https:\/\/www.areabesos.com\/diario\/wp-json\/wp\/v2\/users\/2"}],"replies":[{"embeddable":true,"href":"https:\/\/www.areabesos.com\/diario\/wp-json\/wp\/v2\/comments?post=6211"}],"version-history":[{"count":1,"href":"https:\/\/www.areabesos.com\/diario\/wp-json\/wp\/v2\/posts\/6211\/revisions"}],"predecessor-version":[{"id":6212,"href":"https:\/\/www.areabesos.com\/diario\/wp-json\/wp\/v2\/posts\/6211\/revisions\/6212"}],"wp:featuredmedia":[{"embeddable":true,"href":"https:\/\/www.areabesos.com\/diario\/wp-json\/wp\/v2\/media\/4540"}],"wp:attachment":[{"href":"https:\/\/www.areabesos.com\/diario\/wp-json\/wp\/v2\/media?parent=6211"}],"wp:term":[{"taxonomy":"category","embeddable":true,"href":"https:\/\/www.areabesos.com\/diario\/wp-json\/wp\/v2\/categories?post=6211"},{"taxonomy":"post_tag","embeddable":true,"href":"https:\/\/www.areabesos.com\/diario\/wp-json\/wp\/v2\/tags?post=6211"}],"curies":[{"name":"wp","href":"https:\/\/api.w.org\/{rel}","templated":true}]}}