{"id":6028,"date":"2023-03-06T12:20:54","date_gmt":"2023-03-06T11:20:54","guid":{"rendered":"https:\/\/www.areabesos.com\/diario\/?p=6028"},"modified":"2023-03-10T12:22:10","modified_gmt":"2023-03-10T11:22:10","slug":"lexposicio-cables-perduts-al-casal-dalt-de-la-vila","status":"publish","type":"post","link":"https:\/\/www.areabesos.com\/diario\/lexposicio-cables-perduts-al-casal-dalt-de-la-vila\/","title":{"rendered":"L&#8217;exposici\u00f3 \u00abCables perduts\u00bb al Casal Dalt de la Vila"},"content":{"rendered":"\n<p>L&#8217;exposici\u00f3 \u00abCables perduts\u00bb, de l&#8217;artista N\u00faria Nia, \u00e9s un projecte fotogr\u00e0fic que reuneix una s\u00e8rie de sensacions viscudes al campament de persones refugiades sahrau\u00eds de Tindouf, a Alg\u00e8ria.<\/p>\n\n\n\n<p>Un cable a punt de trencar-se, nom\u00e9s unit per un d\u00e8bil fil de coure, \u00e9s tan fr\u00e0gil com viure al desert: pr\u00e0cticament impossible que doni llum. El conflicte sahrau\u00ed \u00e9s un embolic de cables embolicats entre s\u00ed que arriba a una cosa de tova.<\/p>\n\n\n\n<p>Un forat viu, cru, en una paret per passar un cable. Cables que no van enlloc, cables sense comen\u00e7ament, sense final, cables enfonsats, cables perduts enmig del desert.<\/p>\n\n\n\n<p>Aquesta exposici\u00f3 la podeu veure del 7 al 31 de mar\u00e7 al Casal Dalt de la Vila, espai cultural de Solidaritat i Cooperaci\u00f3 (pla\u00e7a de l&#8217;Esgl\u00e9sia, 13 de Sant Adri\u00e0)<\/p>\n\n\n\n<p>El dijous 16 de mar\u00e7, a les 18.30h tindr\u00e0 lloc la presentaci\u00f3 i visita guiada.<\/p>\n\n\n\n<p>Amb el suport de Diputaci\u00f3 de Barcelona<\/p>\n","protected":false},"excerpt":{"rendered":"<p>L&#8217;exposici\u00f3 \u00abCables perduts\u00bb, de l&#8217;artista N\u00faria Nia, \u00e9s un projecte fotogr\u00e0fic que reuneix una s\u00e8rie de sensacions viscudes al campament de persones refugiades sahrau\u00eds de Tindouf, a Alg\u00e8ria. Un cable a punt de trencar-se, nom\u00e9s unit per un d\u00e8bil fil de coure, \u00e9s tan fr\u00e0gil com viure al desert: pr\u00e0cticament impossible que doni llum. El [&hellip;]<\/p>\n","protected":false},"author":2,"featured_media":6029,"comment_status":"closed","ping_status":"open","sticky":false,"template":"","format":"standard","meta":{"footnotes":""},"categories":[134],"tags":[],"class_list":{"0":"post-6028","1":"post","2":"type-post","3":"status-publish","4":"format-standard","5":"has-post-thumbnail","7":"category-actualitat"},"_links":{"self":[{"href":"https:\/\/www.areabesos.com\/diario\/wp-json\/wp\/v2\/posts\/6028","targetHints":{"allow":["GET"]}}],"collection":[{"href":"https:\/\/www.areabesos.com\/diario\/wp-json\/wp\/v2\/posts"}],"about":[{"href":"https:\/\/www.areabesos.com\/diario\/wp-json\/wp\/v2\/types\/post"}],"author":[{"embeddable":true,"href":"https:\/\/www.areabesos.com\/diario\/wp-json\/wp\/v2\/users\/2"}],"replies":[{"embeddable":true,"href":"https:\/\/www.areabesos.com\/diario\/wp-json\/wp\/v2\/comments?post=6028"}],"version-history":[{"count":1,"href":"https:\/\/www.areabesos.com\/diario\/wp-json\/wp\/v2\/posts\/6028\/revisions"}],"predecessor-version":[{"id":6030,"href":"https:\/\/www.areabesos.com\/diario\/wp-json\/wp\/v2\/posts\/6028\/revisions\/6030"}],"wp:featuredmedia":[{"embeddable":true,"href":"https:\/\/www.areabesos.com\/diario\/wp-json\/wp\/v2\/media\/6029"}],"wp:attachment":[{"href":"https:\/\/www.areabesos.com\/diario\/wp-json\/wp\/v2\/media?parent=6028"}],"wp:term":[{"taxonomy":"category","embeddable":true,"href":"https:\/\/www.areabesos.com\/diario\/wp-json\/wp\/v2\/categories?post=6028"},{"taxonomy":"post_tag","embeddable":true,"href":"https:\/\/www.areabesos.com\/diario\/wp-json\/wp\/v2\/tags?post=6028"}],"curies":[{"name":"wp","href":"https:\/\/api.w.org\/{rel}","templated":true}]}}