{"id":6025,"date":"2023-03-08T12:18:31","date_gmt":"2023-03-08T11:18:31","guid":{"rendered":"https:\/\/www.areabesos.com\/diario\/?p=6025"},"modified":"2023-03-10T12:19:22","modified_gmt":"2023-03-10T11:19:22","slug":"larxiu-municipal-de-sant-adria-de-besos-participa-en-una-exposicio-en-xarxa-sobre-lescola-durant-la-segona-republica","status":"publish","type":"post","link":"https:\/\/www.areabesos.com\/diario\/larxiu-municipal-de-sant-adria-de-besos-participa-en-una-exposicio-en-xarxa-sobre-lescola-durant-la-segona-republica\/","title":{"rendered":"L&#8217;Arxiu Municipal de Sant Adri\u00e0 de Bes\u00f2s participa en una exposici\u00f3 en xarxa sobre l&#8217;escola durant la Segona Rep\u00fablica"},"content":{"rendered":"\n<p>\u00abL&#8217;escola, llum de llibertat!\u00bb \u00e9s una activitat de la&nbsp;<a href=\"https:\/\/museuslocals.diba.cat\/\">Xarxa de Museus Locals de la Diputaci\u00f3 de Barcelona<\/a>&nbsp;en format d&#8217;exposici\u00f3 dispersa en el territori que es pot&nbsp;veure simult\u00e0niament a diferents municipis al llarg de 2023. La mostra est\u00e0 dedicada a la reforma de l\u2019ensenyament en el per\u00edode de&nbsp;la Segona Rep\u00fablica. Aquesta exposici\u00f3 de&nbsp;<a href=\"https:\/\/www.diba.cat\/opc\/memoria-en-xarxa\">Mem\u00f2ria&nbsp;en Xarxa<\/a>&nbsp;\u00e9s una aportaci\u00f3 m\u00e9s a la recuperaci\u00f3 de la mem\u00f2ria hist\u00f2rica que vol destacar la import\u00e0ncia dels museus com a dipositaris d\u2019un llegat hist\u00f2ric que ens \u00e9s com\u00fa.<\/p>\n\n\n\n<p>L&#8217;Arxiu Municipal de Sant Adri\u00e0 de Bes\u00f2s \u00abIsabel Rojas Castroverde\u00bb ha participat en aquesta mostra junt amb 16 municipis m\u00e9s, aportant informaci\u00f3 i documents sobre la feina portada a terme durant la d\u00e8cada de 1930 en el camp de l&#8217;educaci\u00f3 des del moviment sindical, associatiu i d&#8217;ateneus.<\/p>\n\n\n\n<p>Podeu visitar presencialment l&#8217;exposici\u00f3 a l&#8217;entrada de l&#8217;Arxiu en el nostre horari regular d&#8217;obertura o b\u00e9\u00a0<a rel=\"noreferrer noopener\" href=\"https:\/\/www.sant-adria.cat\/arxiu\/apropat-a-larxiu\/exposicions-virtuals\/lescola-llum-de-llibertat\" target=\"_blank\">accedir a la l&#8217;exposici\u00f3 virtual<\/a>\u00a0que teniu disponible al web de l&#8217;Arxiu. Tamb\u00e9 us animem a visitar el web de l&#8217;exposici\u00f3 compartida on trobareu els continguts aportats per altres muncipis.<\/p>\n","protected":false},"excerpt":{"rendered":"<p>\u00abL&#8217;escola, llum de llibertat!\u00bb \u00e9s una activitat de la&nbsp;Xarxa de Museus Locals de la Diputaci\u00f3 de Barcelona&nbsp;en format d&#8217;exposici\u00f3 dispersa en el territori que es pot&nbsp;veure simult\u00e0niament a diferents municipis al llarg de 2023. La mostra est\u00e0 dedicada a la reforma de l\u2019ensenyament en el per\u00edode de&nbsp;la Segona Rep\u00fablica. Aquesta exposici\u00f3 de&nbsp;Mem\u00f2ria&nbsp;en Xarxa&nbsp;\u00e9s una aportaci\u00f3 [&hellip;]<\/p>\n","protected":false},"author":2,"featured_media":6026,"comment_status":"closed","ping_status":"open","sticky":false,"template":"","format":"standard","meta":{"footnotes":""},"categories":[134],"tags":[],"class_list":{"0":"post-6025","1":"post","2":"type-post","3":"status-publish","4":"format-standard","5":"has-post-thumbnail","7":"category-actualitat"},"_links":{"self":[{"href":"https:\/\/www.areabesos.com\/diario\/wp-json\/wp\/v2\/posts\/6025","targetHints":{"allow":["GET"]}}],"collection":[{"href":"https:\/\/www.areabesos.com\/diario\/wp-json\/wp\/v2\/posts"}],"about":[{"href":"https:\/\/www.areabesos.com\/diario\/wp-json\/wp\/v2\/types\/post"}],"author":[{"embeddable":true,"href":"https:\/\/www.areabesos.com\/diario\/wp-json\/wp\/v2\/users\/2"}],"replies":[{"embeddable":true,"href":"https:\/\/www.areabesos.com\/diario\/wp-json\/wp\/v2\/comments?post=6025"}],"version-history":[{"count":1,"href":"https:\/\/www.areabesos.com\/diario\/wp-json\/wp\/v2\/posts\/6025\/revisions"}],"predecessor-version":[{"id":6027,"href":"https:\/\/www.areabesos.com\/diario\/wp-json\/wp\/v2\/posts\/6025\/revisions\/6027"}],"wp:featuredmedia":[{"embeddable":true,"href":"https:\/\/www.areabesos.com\/diario\/wp-json\/wp\/v2\/media\/6026"}],"wp:attachment":[{"href":"https:\/\/www.areabesos.com\/diario\/wp-json\/wp\/v2\/media?parent=6025"}],"wp:term":[{"taxonomy":"category","embeddable":true,"href":"https:\/\/www.areabesos.com\/diario\/wp-json\/wp\/v2\/categories?post=6025"},{"taxonomy":"post_tag","embeddable":true,"href":"https:\/\/www.areabesos.com\/diario\/wp-json\/wp\/v2\/tags?post=6025"}],"curies":[{"name":"wp","href":"https:\/\/api.w.org\/{rel}","templated":true}]}}