{"id":6018,"date":"2023-03-10T12:09:40","date_gmt":"2023-03-10T11:09:40","guid":{"rendered":"https:\/\/www.areabesos.com\/diario\/?p=6018"},"modified":"2023-03-10T12:09:41","modified_gmt":"2023-03-10T11:09:41","slug":"reciclar-te-premi-una-iniciativa-per-fomentar-el-reciclatge-a-les-escoles","status":"publish","type":"post","link":"https:\/\/www.areabesos.com\/diario\/reciclar-te-premi-una-iniciativa-per-fomentar-el-reciclatge-a-les-escoles\/","title":{"rendered":"\u201cReciclar t\u00e9 premi\u201d, una iniciativa per fomentar el reciclatge a les escoles"},"content":{"rendered":"\n<p>En el marc del projecte \u00ab<strong>Actuem per la ciutat que volem<\/strong>\u00bb s\u2019organitzar\u00e0 aquest mes de mar\u00e7 la seg\u00fcent fase de la campanya que es dur\u00e0 \u00edntegrament a les escoles del municipi.<\/p>\n\n\n\n<p>\u201c<strong>Reciclar t\u00e9 premi\u201d<\/strong>&nbsp;comptar\u00e0 amb la participaci\u00f3 de l\u2019alumnat de 4t i 5\u00e8 de prim\u00e0ria de les escoles Catalunya, Cascavell i Pompeu Fabra per fomentar la correcta separaci\u00f3 del residus dom\u00e8stics entre tots els alumnes del centre.<\/p>\n\n\n\n<p>L\u2019acci\u00f3 consistir\u00e0 en instal\u00b7lar un punt de recollida de residus i pesatge a l\u2019entrada de cada escola que estar\u00e0 assistit per alumnat prim\u00e0ria i per educadors especialitzats. En horari d\u2019entrada i sortida del centre educatiu les fam\u00edlies podran portar els seus residus ben separats per tal que puguin ser comptabilitzats durant tota la setmana. Durant aquestes primeres setmanes, els propis alumnes han estat responsables de la difusi\u00f3 pr\u00e8via per aconseguir que participi el m\u00e0xim nombre de fam\u00edlies i aix\u00ed maximitzar la recaptaci\u00f3. En funci\u00f3 de la quantitat recollida al final de la setmana, el centre rebr\u00e0 un retorn econ\u00f2mic calculat en base a les quantitats pesades per fracci\u00f3 recollida (vidre, form, envasos i paper\/cartr\u00f3), de la qual un 20% del total anir\u00e0 destinat a una causa ben\u00e8fica (ONG) i la resta al que decideixi cada centre.<\/p>\n\n\n\n<p>Les escoles participants realitzaran l&#8217;acci\u00f3 els dies seg\u00fcents:<\/p>\n\n\n\n<ul class=\"wp-block-list\">\n<li><strong>13- 16 de mar\u00e7.&nbsp;<\/strong>Escola Catalunya<\/li>\n\n\n\n<li><strong>20-24 de mar\u00e7.&nbsp;<\/strong>Escola Cascavell<\/li>\n\n\n\n<li><strong>27-31 de mar\u00e7.&nbsp;<\/strong>Escola Pompeu Fabra<\/li>\n<\/ul>\n\n\n\n<p>Aquestes accions permeten sensibilitzar als infants i les fam\u00edlies sobre la import\u00e0ncia de fer un bon reciclatge de residus. Els objectius d\u2019aquesta actuaci\u00f3 s\u00f3n difondre el valor que tenen els residus recollits de forma selectiva a l\u2019alumnat i les fam\u00edlies; visibilitzar els beneficis de fer correctament la separaci\u00f3 dels residus i revertir-ho sobre qui ha fet l\u2019esfor\u00e7; promoure que l\u2019escola sigui un espai de refer\u00e8ncia i un canal de transmissi\u00f3 de valors i de sensibilitzaci\u00f3 vers les fam\u00edlies; incrementar el nombre de llars que fan una recollida selectiva correcta i millorar els resultats de la ciutat.<\/p>\n\n\n\n<h3 class=\"wp-block-heading\"><strong>\u00abUn m\u00f3n sense resta\u00bb, un taller l\u00fadic i educatiu per a la prevenci\u00f3, reutilitzaci\u00f3 i reciclatge de residus<\/strong><\/h3>\n\n\n\n<p>D\u2019altra banda, les escoles que no han pogut participar en aquesta campanya tamb\u00e9 han participat en les sessions d\u2019un taller l\u00fadic i educatiu anomenat \u201cUn m\u00f3n sense resta\u00bb. Aquesta activitat est\u00e0 enfocada a la prevenci\u00f3, reutilitzaci\u00f3 i reciclatge de residus i t\u00e9 com a objectius generals visibilitzar l\u2019impacte global de les nostres accions\u00a0quotidianes i la dels residus que dipositem a la fracci\u00f3 resta-rebuig, per les que podem prevenir, reutilitzar o reciclar.<\/p>\n\n\n\n<div><a href=\"https:\/\/www.areabesos.com\/diario\/wp-content\/uploads\/2023\/03\/reciclartepremi02.jpeg\" class=\"td-modal-image\"><figure class=\"wp-block-image size-full\"><img loading=\"lazy\" decoding=\"async\" width=\"800\" height=\"600\" src=\"https:\/\/www.areabesos.com\/diario\/wp-content\/uploads\/2023\/03\/reciclartepremi02.jpeg\" alt=\"\" class=\"wp-image-6019\" srcset=\"https:\/\/www.areabesos.com\/diario\/wp-content\/uploads\/2023\/03\/reciclartepremi02.jpeg 800w, https:\/\/www.areabesos.com\/diario\/wp-content\/uploads\/2023\/03\/reciclartepremi02-300x225.jpeg 300w, https:\/\/www.areabesos.com\/diario\/wp-content\/uploads\/2023\/03\/reciclartepremi02-768x576.jpeg 768w, https:\/\/www.areabesos.com\/diario\/wp-content\/uploads\/2023\/03\/reciclartepremi02-150x113.jpeg 150w, https:\/\/www.areabesos.com\/diario\/wp-content\/uploads\/2023\/03\/reciclartepremi02-696x522.jpeg 696w\" sizes=\"auto, (max-width: 800px) 100vw, 800px\" \/><\/figure><\/a><\/div>\n\n\n\n<p>El 28 de febrer es va realitzar a IES la Mina a les classes de 1r d\u2019ESO i a la tornada de les vacances de Setmana Santa es far\u00e0 al col\u00b7legi Amor de D\u00e9u en totes les l\u00ednies de 3r i 4t de prim\u00e0ria.<\/p>\n","protected":false},"excerpt":{"rendered":"<p>En el marc del projecte \u00abActuem per la ciutat que volem\u00bb s\u2019organitzar\u00e0 aquest mes de mar\u00e7 la seg\u00fcent fase de la campanya que es dur\u00e0 \u00edntegrament a les escoles del municipi. \u201cReciclar t\u00e9 premi\u201d&nbsp;comptar\u00e0 amb la participaci\u00f3 de l\u2019alumnat de 4t i 5\u00e8 de prim\u00e0ria de les escoles Catalunya, Cascavell i Pompeu Fabra per fomentar [&hellip;]<\/p>\n","protected":false},"author":2,"featured_media":6020,"comment_status":"closed","ping_status":"open","sticky":false,"template":"","format":"standard","meta":{"footnotes":""},"categories":[134],"tags":[],"class_list":{"0":"post-6018","1":"post","2":"type-post","3":"status-publish","4":"format-standard","5":"has-post-thumbnail","7":"category-actualitat"},"_links":{"self":[{"href":"https:\/\/www.areabesos.com\/diario\/wp-json\/wp\/v2\/posts\/6018","targetHints":{"allow":["GET"]}}],"collection":[{"href":"https:\/\/www.areabesos.com\/diario\/wp-json\/wp\/v2\/posts"}],"about":[{"href":"https:\/\/www.areabesos.com\/diario\/wp-json\/wp\/v2\/types\/post"}],"author":[{"embeddable":true,"href":"https:\/\/www.areabesos.com\/diario\/wp-json\/wp\/v2\/users\/2"}],"replies":[{"embeddable":true,"href":"https:\/\/www.areabesos.com\/diario\/wp-json\/wp\/v2\/comments?post=6018"}],"version-history":[{"count":1,"href":"https:\/\/www.areabesos.com\/diario\/wp-json\/wp\/v2\/posts\/6018\/revisions"}],"predecessor-version":[{"id":6021,"href":"https:\/\/www.areabesos.com\/diario\/wp-json\/wp\/v2\/posts\/6018\/revisions\/6021"}],"wp:featuredmedia":[{"embeddable":true,"href":"https:\/\/www.areabesos.com\/diario\/wp-json\/wp\/v2\/media\/6020"}],"wp:attachment":[{"href":"https:\/\/www.areabesos.com\/diario\/wp-json\/wp\/v2\/media?parent=6018"}],"wp:term":[{"taxonomy":"category","embeddable":true,"href":"https:\/\/www.areabesos.com\/diario\/wp-json\/wp\/v2\/categories?post=6018"},{"taxonomy":"post_tag","embeddable":true,"href":"https:\/\/www.areabesos.com\/diario\/wp-json\/wp\/v2\/tags?post=6018"}],"curies":[{"name":"wp","href":"https:\/\/api.w.org\/{rel}","templated":true}]}}