{"id":6015,"date":"2023-03-10T12:06:24","date_gmt":"2023-03-10T11:06:24","guid":{"rendered":"https:\/\/www.areabesos.com\/diario\/?p=6015"},"modified":"2023-03-10T12:06:24","modified_gmt":"2023-03-10T11:06:24","slug":"un-9-de-mayo-interesante-por-dos-motivos-distintos","status":"publish","type":"post","link":"https:\/\/www.areabesos.com\/diario\/un-9-de-mayo-interesante-por-dos-motivos-distintos\/","title":{"rendered":"<strong>Un 9 de mayo interesante por dos motivos distintos<\/strong>"},"content":{"rendered":"\n<p>A\u00fan quedan dos meses, pero gracias a la publicidad he sabido que cada 9 de mayo se celebra el D\u00eda Mundial de los Calcetines Perdidos, sin duda uno de nuestros grandes dramas salvo que aparezca alguien demostrando que nunca fue derrotado por alguna de esas prendas, tan peque\u00f1as y necesarias como infieles y delatoras. Incluso hay quien ha cambiado la lavadora para no tener que buscar en el filtro.<\/p>\n\n\n\n<p>Claro que existe el truco de enganchar cada par de iguales, pero, a la vista de que los escapistas han conseguido un D\u00eda Mundial solo para ellos, no parece que la soluci\u00f3n del imperdible haya sido suficiente.<\/p>\n\n\n\n<p>Para evitar tanto fracaso propongo desterrar el concepto \u201cpar de calcetines iguales\u201d y que a partir del pr\u00f3ximo 9 de mayo s\u00f3lo se ofrezcan en las tiendas ejemplares sueltos de colores y dise\u00f1os distintos, aunque agrupados por tallas para no desesperar. A sabiendas, eso s\u00ed, de que al final de cada jornada laboral el caos en las monta\u00f1as de calcetines ser\u00e1 irreversible y mundial.<\/p>\n\n\n\n<p>A cambio, la clientela se sentir\u00e1 como en casa despu\u00e9s de la colada, pero en un ambiente mucho m\u00e1s divertido, con grandes jolgorios compartidos a muchas voces y manos que intentan imaginar los mismos pies vestidos con envoltorios distintos para satisfacer el infinito abanico de gustos y preferencias que cada cual lleva dentro, pero sin poder violar la ley del distinto.<\/p>\n\n\n\n<p>Cerraremos este primer motivo para disfrutar del pr\u00f3ximo 9 de mayo confiando en que los autoritarios reales no tomen el poder comercial y proh\u00edban cualquier clase de calcet\u00edn para imponer leotardos, leggins o similares con el objetivo de \u201cmatar al perro\u201d, pues con la \u201crabia\u201d de perder calcetines hemos conseguido un d\u00eda mundial de risa compartida y que los publicitarios se atrevan a dedicarle un pico de su presupuesto.<\/p>\n\n\n\n<p>Pero en Espa\u00f1a pasan cosas \u00fanicas y propongo celebrar, tambi\u00e9n cada 9 de mayo, el D\u00eda Espa\u00f1ol de Confesar Oportunidades Perdidas, algunas de las cuales podr\u00edan importar m\u00e1s a cualquiera que un calcet\u00edn sin pareja.<\/p>\n\n\n\n<p>Esta nueva fiesta la propongo en honor de Carmen Calvo, que hoy s\u00f3lo es diputada por voluntad propia y no hace falta estar de acuerdo con lo que vota para aceptar que el 9 de mayo de 2022 prefiri\u00f3 libertad de palabra en lugar de cacho de poder y regresar a la complicidad de los silencios.<\/p>\n\n\n\n<p>Aunque hace diez meses ese d\u00eda fuera el de los Calcetines Perdidos, la ex vicepresidenta aprovech\u00f3 para contarnos a trav\u00e9s de \u201cEl Pa\u00eds\u201d que \u201c<em>Yo lo plantee, se baraj\u00f3, se puso sobre la mesa y no se vio la oportunidad en ese momento, ni por parte del presidente del Gobierno ni por parte del PP ni por parte de la Casa Real<\/em>\u201d. El t\u00edtulo de la noticia dec\u00eda que \u201c<em>El Gobierno descart\u00f3 eliminar la inviolabilidad del Rey<\/em>\u2026\u201d.<\/p>\n\n\n\n<p>Por tanto, gracias a Calvo supimos que Felipe VI hab\u00eda perdido poco antes una gran oportunidad al decidir, por voluntad propia, seguir siendo tan inimputable como cualquier incapaz mental certificado o como dos menores de 14 violando en grupo a una ni\u00f1a de 11 en los ba\u00f1os de un centro comercial de Badalona. O m\u00e1s impune ante los tribunales que cualquier poderoso imposible, pues nadie podr\u00e1 jam\u00e1s comprar la voluntad de todos los jueces si la ley no le concede ese privilegio. O tan \u201cinviolable\u201d como proclama el art\u00edculo 56.3 de la Constituci\u00f3n cuando la fiscal\u00eda lo tergiversa a favor del rey anterior sin tener en cuenta un art\u00edculo 64 que establece los l\u00edmites de esa ventaja.<\/p>\n\n\n\n<p>El 9 de mayo de 2022 tambi\u00e9n supimos que el presidente del Gobierno de Coalici\u00f3n Progresista y el del PP perdieron la oportunidad de hacer cumplir ese art\u00edculo 14 de la Constituci\u00f3n que dice que todos somos iguales ante la ley, sin excepciones de ninguna clase.<\/p>\n\n\n\n<p>Y tambi\u00e9n gracias a la propia Carmen Calvo supimos que ella misma hab\u00eda perdido la oportunidad de, por ejemplo, filtrar a la prensa, pero en tiempo real, las gestiones que ten\u00edan en marcha para acabar con la impunidad del rey. De hecho, si lo termin\u00f3 confesando el 9 de mayo de 2022 fue porque lo ocult\u00f3 en contra de su conciencia, pues publicarlo no hubiera puesto en riesgo las vidas de terceras personas ni la seguridad del Estado. Y, en cambio, qui\u00e9n sabe si se hubiera conseguido la reforma que pretend\u00eda, avergonzados p\u00fablicamente los tres jinetes de la \u201cinoportunidad\u201d por las fechor\u00edas del padre del principal. O, ella misma,&nbsp;consolidar su posici\u00f3n en el Gobierno gracias a su valent\u00eda. O, si S\u00e1nchez ya la ten\u00eda condenada,&nbsp;abandonar el Gobierno por la puerta grande.<\/p>\n\n\n\n<p>A estas alturas me preguntar\u00e1 usted a qu\u00e9 viene mezclar calcetines y oportunidades, incluso aunque Felipe VI pueda perder ambas cosas. Entonces le responder\u00e9 que el dinero es el idioma total y que, con los 65 millones que su padre no habr\u00eda entregado a su amante Corinna si el Estado hubiera podido vigilarlo como a usted o como a m\u00ed, se podr\u00edan haber comprado millones de pares. Y tambi\u00e9n de otras ropas muy necesarias.<\/p>\n\n\n\n<p>Y me permitir\u00e1 que le responda tambi\u00e9n compartiendo una duda. Para cuando dentro de dos meses celebremos el 9 de mayo de 2023, \u00bfestaremos m\u00e1s cerca en el Reino de Espa\u00f1a de acabar con la verg\u00fcenza de la impunidad del rey, o en todo el mundo de arreglar la tragedia de los calcetines perdidos, aunque la soluci\u00f3n no sea la propuesta en esta risa con tan poca gracia?<\/p>\n\n\n\n<p><span style=\"background-color:#0b0000\" class=\"td_text_highlight_marker\">Domingo Sanz<\/span><\/p>\n","protected":false},"excerpt":{"rendered":"<p>A\u00fan quedan dos meses, pero gracias a la publicidad he sabido que cada 9 de mayo se celebra el D\u00eda Mundial de los Calcetines Perdidos, sin duda uno de nuestros grandes dramas salvo que aparezca alguien demostrando que nunca fue derrotado por alguna de esas prendas, tan peque\u00f1as y necesarias como infieles y delatoras. Incluso [&hellip;]<\/p>\n","protected":false},"author":2,"featured_media":6016,"comment_status":"closed","ping_status":"open","sticky":false,"template":"","format":"standard","meta":{"footnotes":""},"categories":[139],"tags":[],"class_list":{"0":"post-6015","1":"post","2":"type-post","3":"status-publish","4":"format-standard","5":"has-post-thumbnail","7":"category-opinio"},"_links":{"self":[{"href":"https:\/\/www.areabesos.com\/diario\/wp-json\/wp\/v2\/posts\/6015","targetHints":{"allow":["GET"]}}],"collection":[{"href":"https:\/\/www.areabesos.com\/diario\/wp-json\/wp\/v2\/posts"}],"about":[{"href":"https:\/\/www.areabesos.com\/diario\/wp-json\/wp\/v2\/types\/post"}],"author":[{"embeddable":true,"href":"https:\/\/www.areabesos.com\/diario\/wp-json\/wp\/v2\/users\/2"}],"replies":[{"embeddable":true,"href":"https:\/\/www.areabesos.com\/diario\/wp-json\/wp\/v2\/comments?post=6015"}],"version-history":[{"count":1,"href":"https:\/\/www.areabesos.com\/diario\/wp-json\/wp\/v2\/posts\/6015\/revisions"}],"predecessor-version":[{"id":6017,"href":"https:\/\/www.areabesos.com\/diario\/wp-json\/wp\/v2\/posts\/6015\/revisions\/6017"}],"wp:featuredmedia":[{"embeddable":true,"href":"https:\/\/www.areabesos.com\/diario\/wp-json\/wp\/v2\/media\/6016"}],"wp:attachment":[{"href":"https:\/\/www.areabesos.com\/diario\/wp-json\/wp\/v2\/media?parent=6015"}],"wp:term":[{"taxonomy":"category","embeddable":true,"href":"https:\/\/www.areabesos.com\/diario\/wp-json\/wp\/v2\/categories?post=6015"},{"taxonomy":"post_tag","embeddable":true,"href":"https:\/\/www.areabesos.com\/diario\/wp-json\/wp\/v2\/tags?post=6015"}],"curies":[{"name":"wp","href":"https:\/\/api.w.org\/{rel}","templated":true}]}}